{"id":229438,"date":"2025-11-10T23:39:17","date_gmt":"2025-11-10T23:39:17","guid":{"rendered":"https:\/\/www.europesays.com\/es\/229438\/"},"modified":"2025-11-10T23:39:17","modified_gmt":"2025-11-10T23:39:17","slug":"asi-reacciono-su-familia-a-los-momentazos-de-la-gala-frente-al-televisor","status":"publish","type":"post","link":"https:\/\/www.europesays.com\/es\/229438\/","title":{"rendered":"as\u00ed reaccion\u00f3 su familia a los momentazos de la gala frente al televisor"},"content":{"rendered":"<p class=\"ft-text ft-helper-closenews\">Este pasado viernes se emiti\u00f3 en &#8216;Prime time&#8217; uno de los<strong> Asaltos<\/strong> del programa de Antena 3,<a class=\"ft-link ft-link--decoration\" href=\"https:\/\/www.farodevigo.es\/tags\/la-voz\/\" rel=\"nofollow noopener\" target=\"_blank\"> &#8216;La Voz&#8217;<\/a>.<strong> <\/strong>En la primera entrega de esta fase participaron <strong>los equipos de Mal\u00fa y Sebasti\u00e1n Yatra.<\/strong> La selecci\u00f3n en este momento del concurso era uno de los m\u00e1s exigentes, ya que los artistas solo pod\u00edan enviar a <strong>uno de sus siete talents a los &#8216;Directos&#8217;.<\/strong><\/p>\n<p class=\"ft-text\">Claro que tambi\u00e9n cab\u00eda la <strong>posibilidad de robo<\/strong> para aquellos artistas seleccionados<strong> por sus &#8216;coaches&#8217; para la Zona Roja,<\/strong> una criba que les da una segunda oportunidad de seguir adelante en esta aventura musical.<\/p>\n<p class=\"ft-text\">El equipo de <a class=\"ft-link ft-link--decoration\" href=\"https:\/\/www.farodevigo.es\/tags\/sebastian-yatra\/\" rel=\"nofollow noopener\" target=\"_blank\">Sebasti\u00e1n Yatra,<\/a> con la <strong>complicidad<\/strong> y el carisma de <strong>Mar\u00eda Becerra<\/strong>, trajo al escenario una combinaci\u00f3n perfecta de energ\u00eda, dulzura y sentimiento. <strong>Oihan<\/strong> fue el encargado de abrir los Asaltos con una versi\u00f3n \u00edntima de \u2018<strong>Ordinary<\/strong>\u2019, marcando un inicio lleno de sensibilidad.<\/p>\n<p class=\"ft-text\">Kimy Touw <strong>emocion\u00f3<\/strong> al cantar \u2018<strong>Million reasons<\/strong>\u2019 de Lady Gaga; El Gato CHP sorprendi\u00f3 con su valent\u00eda al interpretar \u2018Amigos\u2019 de Pablo Albor\u00e1n;<a class=\"ft-link ft-link--decoration\" href=\"https:\/\/www.farodevigo.es\/gran-vigo\/2025\/10\/27\/viguesa-antia-triunfa-la-voz-dv-123075093.html\" rel=\"nofollow noopener\" target=\"_blank\"> la viguesa Ant\u00eda Pinal <\/a>llen\u00f3 de <strong>magia<\/strong> el plat\u00f3 con \u2018En otra vida\u2019, canci\u00f3n de Lasso y Yami Safdie ; y Jonny, que conmovi\u00f3 con \u2018<strong>Those eyes<\/strong>\u2019.<\/p>\n<p class=\"ft-text\">Tras la actuaci\u00f3n de la <strong>cantante gallega, Sebasti\u00e1n Yatra<\/strong> no dud\u00f3 en elogiar a su artista. \u00ab<strong>Espectacular\u00bb<\/strong>, exclam\u00f3, antes de a\u00f1adir con una sonrisa: <strong>\u00abtodo el mundo aqu\u00ed sinti\u00f3 tu magia\u00bb<\/strong>.<\/p>\n<p class=\"ft-text\">Pero, finalmente, la elecci\u00f3n del colombiano para el pase a los Directos recay\u00f3 en <strong>Oihan, tras una<\/strong> meditada decisi\u00f3n de su <strong>&#8216;coach&#8217; y de su asesora<\/strong>.<\/p>\n<p>La familia de Ant\u00eda, frente al televisor<\/p>\n<p class=\"ft-text\">Lleg\u00f3 uno de los momentos m\u00e1s emocionantes del programa, que si bien se estaba emitiendo el pasado viernes, <strong>ya hab\u00eda sido grabado dos meses atr\u00e1s.<\/strong> Del entorno de Ant\u00eda, solamente sus padres conoc\u00edan el desenlace. L\u00f3gicamente, bajo prescripci\u00f3n de la productora, <strong>todos los asistentes a las galas grabadas deben guardar el secreto<\/strong> de lo que all\u00ed haya ocurrido para mantener el misterio de las emisiones. Pero su madre le propuso a su hija lo siguiente: \u00ab\u00bfQu\u00e9 te parece si les dices a tus t\u00edos y a tu abuela que no pasaste, y nos reunimos el d\u00eda del programa y se llevan la sorpresa?\u00bb. Y as\u00ed fue. \u00abEstuve dos meses minti\u00e9ndoles, esperando ese momento y dici\u00e9ndoles, &#8216;\u00a1qu\u00e9 pena!&#8217;, pero a\u00fan as\u00ed los convoqu\u00e9 propini\u00e9ndoles que nos reuni\u00e9semos a modo despedida de mi paso por el concurso\u00bb, confiesa Ant\u00eda a FARO. Esa noche de supuesto adi\u00f3s al programa dio paso a una noche de euforia cuando se reunieron, en el sal\u00f3n de su casa, <strong>sus t\u00edos Cristina y Jose, su prima Luc\u00eda y su abuela Araceli,<\/strong> as\u00ed como la propia <a class=\"ft-link ft-link--decoration\" href=\"https:\/\/www.farodevigo.es\/gran-vigo\/2025\/11\/05\/sebastian-yatra-elige-concursante-viguesa-antia-la-voz-123366822.html\" rel=\"nofollow noopener\" target=\"_blank\">aspirante gallega<\/a> y sus padres, casi todos convencidos de que era la \u00faltima vez que Ant\u00eda iba a pisar el escenario de &#8216;La Voz&#8217;. La <strong>escena pasar\u00e1 a la historia de la videoteca familiar<\/strong>, ya que un dispositivo m\u00f3vil grababa desde una esquina de la estancia la reacci\u00f3n de los all\u00ed presentes.<\/p>\n<p class=\"ft-text\"><strong>\u00abLa segunda persona, tan talentosa <\/strong>que ya naci\u00f3 con toda su energ\u00eda abierta para compartir y <strong>es tan natural es&#8230;\u00bb, expres\u00f3 Yatra<\/strong>, dejando esos segundos de tensi\u00f3n en el aire, no sin antes preguntar si era posible <strong>\u00abatarle las manos\u00bb<\/strong> a sus contrincantes, como ruego desesperado para que ninguno ejerciera su derecho al robo. <strong>\u00ab&#8230;\u00a1Ant\u00eda!\u00bb<\/strong>. Los aplausos en el plat\u00f3 de Antena 3 se funden en el v\u00eddeo dom\u00e9stico de la gallega <strong>con los gritos de alegr\u00eda de sus allegados<\/strong> que, sorprendidos, saltan literalmente del sof\u00e1 cuando escuchan el &#8216;speach&#8217; del colombiano.<\/p>\n<p class=\"ft-text\">Pero<strong> la euforia alcanza su m\u00e1xima expresi\u00f3n<\/strong> en ese sal\u00f3n de una vivienda de Vigo, <strong>cuando la presentadora, Eva Gonz\u00e1lez, <\/strong>arranca la cuenta atr\u00e1s para el tiempo de robo. Cinco segundos en los que aquellos &#8216;coaches&#8217; (en este caso<strong> <\/strong><a class=\"ft-link ft-link--decoration\" href=\"https:\/\/www.farodevigo.es\/tags\/pablo-lopez\/\" rel=\"nofollow noopener\" target=\"_blank\"><strong>Pablo L\u00f3pez <\/strong><\/a><strong>o Mal\u00fa, ya que Mika<\/strong> ya hab\u00eda robado previamente un talent del equipo de la andaluza) deb\u00edan adelantarse a pulsar el bot\u00f3n para lograr esa voz para su equipo. El cantante malague\u00f1o ya hab\u00eda expresado su admiraci\u00f3n por Ant\u00eda durante su actuaci\u00f3n y tambi\u00e9n <strong>sus intenciones de robarla<\/strong>, algo que le confes\u00f3 a <strong>su asesora, Kiara. <\/strong>As\u00ed que cuando comenz\u00f3 el tiempo de robo, a Pablo L\u00f3pez le sobraron tres segundos para llevarse a la artista gallega y sumarla a su equipo de cara a los <strong>Directos<\/strong>.<\/p>\n<p class=\"ft-text\"><strong>\u00abLlevaba dos meses esperando este momento,<\/strong> compartir momentos bonitos con la gente que te quiere es de las cosas m\u00e1s bonitas que hay en este mundo. Nunca pens\u00e9 llegar hasta aqu\u00ed, y much\u00edsimo menos, que <strong>un referente para m\u00ed como Pablo L\u00f3pez <\/strong>haya gastado su robo en m\u00ed, es algo que nunca asimilar\u00e9\u00bb, aseguraba Ant\u00eda en sus redes sociales, donde comparti\u00f3 ese v\u00eddeo en el que toda su familia se emociona durante la gala del viernes. En ese mensaje tambi\u00e9n se acuerda de su ya excoach: <strong>\u00abFue incre\u00edble <\/strong><a class=\"ft-link ft-link--decoration\" href=\"https:\/\/www.farodevigo.es\/gran-vigo\/2025\/10\/15\/actuar-calle-principe-vigo-audiciones-ciegas-la-voz-122625325.html\" rel=\"nofollow noopener\" target=\"_blank\"><strong>vivir este concurso <\/strong><\/a><strong>de la mano de Sebasti\u00e1n Yatra<\/strong>. Me encant\u00f3 su cercan\u00eda y le agradecer\u00e9 por siempre haber confiado en m\u00ed y haberme ayudado a llegar hasta donde estoy\u00bb; adem\u00e1s, se muestra <strong>muy agradecida con el programa, la productora y todo el equipo<\/strong>: \u00abOs mando un abrazo a todos y nos sab\u00e9is las ganas que <strong>tengo de veros ya de nuevo en los directos\u00bb,<\/strong> les traslada.<\/p>\n<p class=\"ft-text\">Ant\u00eda no se olvida de los compa\u00f1eros con los que ha compartido este proceso musical dentro del concurso y tambi\u00e9n de \u00abtoda esa gente que gasta un tiempo de su vida para dejarme <strong>mensajes tan bonitos, me llen\u00e1is el alma de amor\u00bb,<\/strong> expres\u00f3.<\/p>\n<p class=\"ft-text\">La din\u00e1mica del concurso estipula que <strong>la cantante viguesa no reaparezca sobre el escenario de &#8216;La Voz&#8217; hasta dentro de unas semanas<\/strong>. Primero habr\u00e1 que resolver los Asaltos de los equipos de Pablo L\u00f3pez y Mika y despu\u00e9s, los cuatro artistas que cada &#8216;coach&#8217; env\u00eda a la Zona Roja o Zona de Peligro a\u00fan deben enfrentarse a una \u00faltima criba antes de los Directos. El turno para Ant\u00eda, junto a otros 15 talentos, <strong>ser\u00e1 el viernes 28 de noviembre<\/strong>. Esa noche se celebrar\u00e1n las semifinales del concurso, programa que, esta vez s\u00ed, ser\u00e1 en vivo.<\/p>\n<p data-close=\"closedContent\" class=\"subscribeHideForDisplay\">Suscr\u00edbete para seguir leyendo<\/p>\n","protected":false},"excerpt":{"rendered":"Este pasado viernes se emiti\u00f3 en &#8216;Prime time&#8217; uno de los Asaltos del programa de Antena 3, &#8216;La&hellip;\n","protected":false},"author":2,"featured_media":229439,"comment_status":"","ping_status":"","sticky":false,"template":"","format":"standard","meta":{"footnotes":""},"categories":[171],"tags":[4040,47139,4328,60238,146,147,622,25,24,367,31015,34810,3954,23,214,381,44893],"class_list":{"0":"post-229438","1":"post","2":"type-post","3":"status-publish","4":"format-standard","5":"has-post-thumbnail","7":"category-tv","8":"tag-antena-3","9":"tag-antia","10":"tag-cantante","11":"tag-directos","12":"tag-entertainment","13":"tag-entretenimiento","14":"tag-equipo","15":"tag-es","16":"tag-espana","17":"tag-familia","18":"tag-la-voz","19":"tag-pablo-lopez","20":"tag-pasa","21":"tag-spain","22":"tag-tv","23":"tag-viernes","24":"tag-viguesa"},"share_on_mastodon":{"url":"https:\/\/pubeurope.com\/@es\/115528044674971205","error":""},"_links":{"self":[{"href":"https:\/\/www.europesays.com\/es\/wp-json\/wp\/v2\/posts\/229438","targetHints":{"allow":["GET"]}}],"collection":[{"href":"https:\/\/www.europesays.com\/es\/wp-json\/wp\/v2\/posts"}],"about":[{"href":"https:\/\/www.europesays.com\/es\/wp-json\/wp\/v2\/types\/post"}],"author":[{"embeddable":true,"href":"https:\/\/www.europesays.com\/es\/wp-json\/wp\/v2\/users\/2"}],"replies":[{"embeddable":true,"href":"https:\/\/www.europesays.com\/es\/wp-json\/wp\/v2\/comments?post=229438"}],"version-history":[{"count":0,"href":"https:\/\/www.europesays.com\/es\/wp-json\/wp\/v2\/posts\/229438\/revisions"}],"wp:featuredmedia":[{"embeddable":true,"href":"https:\/\/www.europesays.com\/es\/wp-json\/wp\/v2\/media\/229439"}],"wp:attachment":[{"href":"https:\/\/www.europesays.com\/es\/wp-json\/wp\/v2\/media?parent=229438"}],"wp:term":[{"taxonomy":"category","embeddable":true,"href":"https:\/\/www.europesays.com\/es\/wp-json\/wp\/v2\/categories?post=229438"},{"taxonomy":"post_tag","embeddable":true,"href":"https:\/\/www.europesays.com\/es\/wp-json\/wp\/v2\/tags?post=229438"}],"curies":[{"name":"wp","href":"https:\/\/api.w.org\/{rel}","templated":true}]}}