{"id":229445,"date":"2025-11-10T23:43:12","date_gmt":"2025-11-10T23:43:12","guid":{"rendered":"https:\/\/www.europesays.com\/es\/229445\/"},"modified":"2025-11-10T23:43:12","modified_gmt":"2025-11-10T23:43:12","slug":"umivale-y-proyecto-hombre-alertan-sobre-el-alcohol","status":"publish","type":"post","link":"https:\/\/www.europesays.com\/es\/229445\/","title":{"rendered":"Umivale y Proyecto Hombre alertan sobre el alcohol"},"content":{"rendered":"<p data-start=\"632\" data-end=\"963\">Considerado una de las <strong data-start=\"655\" data-end=\"700\">sustancias psicoactivas m\u00e1s perjudiciales<\/strong>, el <strong data-start=\"705\" data-end=\"716\">alcohol<\/strong> est\u00e1 vinculado a <strong data-start=\"734\" data-end=\"758\">m\u00e1s de 60 patolog\u00edas<\/strong> que afectan al <strong data-start=\"774\" data-end=\"861\">coraz\u00f3n, el cerebro, el h\u00edgado, el p\u00e1ncreas y el sistema digestivo, muscular y \u00f3seo<\/strong>.<br data-start=\"862\" data-end=\"865\"\/>Adem\u00e1s, su ingesta <strong data-start=\"884\" data-end=\"915\">aumenta el riesgo de c\u00e1ncer<\/strong> de h\u00edgado, colon, mama, cavidad oral y recto.<\/p>\n<p data-start=\"965\" data-end=\"1309\">En el \u00e1mbito laboral, el consumo de alcohol y otras drogas <strong data-start=\"1024\" data-end=\"1090\">constituye un importante factor de riesgo en la siniestralidad<\/strong>, estando presente entre el <strong data-start=\"1118\" data-end=\"1165\">15 % y el 30 % de los accidentes de trabajo<\/strong>.<br data-start=\"1166\" data-end=\"1169\"\/>Seg\u00fan el <strong data-start=\"1178\" data-end=\"1233\">Observatorio Espa\u00f1ol de las Drogas y las Adicciones<\/strong>, <strong data-start=\"1235\" data-end=\"1308\">el 80 % de las personas con problemas de alcoholismo son trabajadoras<\/strong>.<\/p>\n<p><strong data-start=\"1320\" data-end=\"1363\">Una campa\u00f1a para fomentar la prevenci\u00f3n<\/strong><\/p>\n<p data-start=\"1364\" data-end=\"1608\">Con motivo del <strong data-start=\"1379\" data-end=\"1406\">D\u00eda Mundial sin Alcohol<\/strong>, la <strong data-start=\"1411\" data-end=\"1435\">mutua Umivale Activa<\/strong> y <strong data-start=\"1438\" data-end=\"1466\">Proyecto Hombre Valencia<\/strong> han lanzado una <strong data-start=\"1483\" data-end=\"1527\">campa\u00f1a informativa y de sensibilizaci\u00f3n<\/strong> para <strong data-start=\"1533\" data-end=\"1570\">derribar mitos y falsas creencias<\/strong> sobre el consumo de esta sustancia.<\/p>\n<p data-start=\"1610\" data-end=\"1820\">La iniciativa, presentada en <strong data-start=\"1639\" data-end=\"1676\">formato audiovisual e interactivo<\/strong>, permite al p\u00fablico <strong data-start=\"1697\" data-end=\"1720\">responder preguntas<\/strong> y <strong data-start=\"1723\" data-end=\"1749\">reforzar conocimientos<\/strong> sobre los efectos del alcohol y su impacto en la salud y el trabajo.<\/p>\n<p data-start=\"1610\" data-end=\"1820\">\u201cLa prevenci\u00f3n es el instrumento m\u00e1s eficaz para combatir las adicciones y promover entornos laborales seguros y saludables\u201d, destacan ambas entidades.<\/p>\n<p data-start=\"1977\" data-end=\"2153\">El contenido completo est\u00e1 disponible para su <strong data-start=\"2023\" data-end=\"2098\">consulta y descarga en <a class=\"decorated-link\" href=\"https:\/\/www.umivaleactiva.es\" target=\"_new\" rel=\"noopener nofollow\" data-start=\"2048\" data-end=\"2096\">umivaleactiva.es<\/a><\/strong>, dentro del apartado <strong data-start=\"2120\" data-end=\"2152\">Prevenci\u00f3n de las adicciones<\/strong>.<\/p>\n<p><strong data-start=\"2164\" data-end=\"2203\">Mitos y realidades sobre el alcohol<\/strong><\/p>\n<p data-start=\"2204\" data-end=\"2334\">La campa\u00f1a aborda algunos de los <strong data-start=\"2237\" data-end=\"2258\">mitos m\u00e1s comunes<\/strong> sobre el consumo de alcohol, confront\u00e1ndolos con la evidencia cient\u00edfica:<\/p>\n<ol data-start=\"2336\" data-end=\"3368\">\n<li data-start=\"2336\" data-end=\"2467\">\n<p data-start=\"2339\" data-end=\"2467\"><strong data-start=\"2339\" data-end=\"2379\">\u201cEl alcohol es beneficioso\u201d \u2192 FALSO.<\/strong><br data-start=\"2379\" data-end=\"2382\"\/>Cualquier consumo implica riesgo; incluso peque\u00f1as cantidades son perjudiciales.<\/p>\n<\/li>\n<li data-start=\"2469\" data-end=\"2592\">\n<p data-start=\"2472\" data-end=\"2592\"><strong data-start=\"2472\" data-end=\"2519\">\u201cFacilita las relaciones sexuales\u201d \u2192 FALSO.<\/strong><br data-start=\"2519\" data-end=\"2522\"\/>El alcohol puede dificultarlas e incrementar conductas de riesgo.<\/p>\n<\/li>\n<li data-start=\"2594\" data-end=\"2695\">\n<p data-start=\"2597\" data-end=\"2695\"><strong data-start=\"2597\" data-end=\"2636\">\u201cEs bueno para el coraz\u00f3n\u201d \u2192 FALSO.<\/strong><br data-start=\"2636\" data-end=\"2639\"\/>Aumenta el riesgo de enfermedades cardiovasculares.<\/p>\n<\/li>\n<li data-start=\"2697\" data-end=\"2832\">\n<p data-start=\"2700\" data-end=\"2832\"><strong data-start=\"2700\" data-end=\"2746\">\u201cAlgunas bebidas son m\u00e1s seguras\u201d \u2192 FALSO.<\/strong><br data-start=\"2746\" data-end=\"2749\"\/>Todas las bebidas alcoh\u00f3licas contienen etanol y presentan los mismos riesgos.<\/p>\n<\/li>\n<li data-start=\"2834\" data-end=\"2961\">\n<p data-start=\"2837\" data-end=\"2961\"><strong data-start=\"2837\" data-end=\"2890\">\u201cBeber solo los fines de semana no da\u00f1a\u201d \u2192 FALSO.<\/strong><br data-start=\"2890\" data-end=\"2893\"\/>El consumo epis\u00f3dico intenso tambi\u00e9n produce da\u00f1os importantes.<\/p>\n<\/li>\n<li data-start=\"2963\" data-end=\"3112\">\n<p data-start=\"2966\" data-end=\"3112\"><strong data-start=\"2966\" data-end=\"3023\">\u201cAyuda a superar la tristeza o el cansancio\u201d \u2192 FALSO.<\/strong><br data-start=\"3023\" data-end=\"3026\"\/>Aumenta la fatiga, la descoordinaci\u00f3n y agrava los estados emocionales negativos.<\/p>\n<\/li>\n<li data-start=\"3114\" data-end=\"3247\">\n<p data-start=\"3117\" data-end=\"3247\"><strong data-start=\"3117\" data-end=\"3161\">\u201cEl alcohol calienta el cuerpo\u201d \u2192 FALSO.<\/strong><br data-start=\"3161\" data-end=\"3164\"\/>Produce una sensaci\u00f3n moment\u00e1nea de calor, pero reduce la temperatura interna.<\/p>\n<\/li>\n<li data-start=\"3249\" data-end=\"3368\">\n<p data-start=\"3252\" data-end=\"3368\"><strong data-start=\"3252\" data-end=\"3292\">\u201cEl alcohol es un alimento\u201d \u2192 FALSO.<\/strong><br data-start=\"3292\" data-end=\"3295\"\/>Engorda, pero no nutre; incrementa el riesgo de enfermedades graves.<\/p>\n<\/li>\n<\/ol>\n","protected":false},"excerpt":{"rendered":"Considerado una de las sustancias psicoactivas m\u00e1s perjudiciales, el alcohol est\u00e1 vinculado a m\u00e1s de 60 patolog\u00edas que&hellip;\n","protected":false},"author":2,"featured_media":229446,"comment_status":"","ping_status":"","sticky":false,"template":"","format":"standard","meta":{"footnotes":""},"categories":[92],"tags":[25,24,165,60239,166,23,60240],"class_list":{"0":"post-229445","1":"post","2":"type-post","3":"status-publish","4":"format-standard","5":"has-post-thumbnail","7":"category-salud","8":"tag-es","9":"tag-espana","10":"tag-health","11":"tag-proyecto-hombre-valencia","12":"tag-salud","13":"tag-spain","14":"tag-umivale-activa"},"share_on_mastodon":{"url":"https:\/\/pubeurope.com\/@es\/115528060329417372","error":""},"_links":{"self":[{"href":"https:\/\/www.europesays.com\/es\/wp-json\/wp\/v2\/posts\/229445","targetHints":{"allow":["GET"]}}],"collection":[{"href":"https:\/\/www.europesays.com\/es\/wp-json\/wp\/v2\/posts"}],"about":[{"href":"https:\/\/www.europesays.com\/es\/wp-json\/wp\/v2\/types\/post"}],"author":[{"embeddable":true,"href":"https:\/\/www.europesays.com\/es\/wp-json\/wp\/v2\/users\/2"}],"replies":[{"embeddable":true,"href":"https:\/\/www.europesays.com\/es\/wp-json\/wp\/v2\/comments?post=229445"}],"version-history":[{"count":0,"href":"https:\/\/www.europesays.com\/es\/wp-json\/wp\/v2\/posts\/229445\/revisions"}],"wp:featuredmedia":[{"embeddable":true,"href":"https:\/\/www.europesays.com\/es\/wp-json\/wp\/v2\/media\/229446"}],"wp:attachment":[{"href":"https:\/\/www.europesays.com\/es\/wp-json\/wp\/v2\/media?parent=229445"}],"wp:term":[{"taxonomy":"category","embeddable":true,"href":"https:\/\/www.europesays.com\/es\/wp-json\/wp\/v2\/categories?post=229445"},{"taxonomy":"post_tag","embeddable":true,"href":"https:\/\/www.europesays.com\/es\/wp-json\/wp\/v2\/tags?post=229445"}],"curies":[{"name":"wp","href":"https:\/\/api.w.org\/{rel}","templated":true}]}}