{"id":229465,"date":"2025-11-11T00:03:13","date_gmt":"2025-11-11T00:03:13","guid":{"rendered":"https:\/\/www.europesays.com\/es\/229465\/"},"modified":"2025-11-11T00:03:13","modified_gmt":"2025-11-11T00:03:13","slug":"el-video-de-rosalia-cantando-reliquia-en-directo-en-los40-music-awards","status":"publish","type":"post","link":"https:\/\/www.europesays.com\/es\/229465\/","title":{"rendered":"El v\u00eddeo de Rosal\u00eda cantando &#8216;Reliquia&#8217; en directo en LOS40 Music Awards"},"content":{"rendered":"<p class=\"L6-news-detail__text\"><b><a title=\"Rosal\u00eda\" href=\"https:\/\/www.lasexta.com\/noticias\/cultura\/rosalia-conquista-listas-musicales-12-canciones-lux-cuelan-top-50-mundial-solo-24-horas_202511096910b7885d5dad37ab89fc81.html\" target=\"_blank\" rel=\"nofollow noopener\">Rosal\u00eda<\/a><\/b><b> ha acaparado todas las miradas en la gala de los Premios 40 Principales,<\/b> donde acudi\u00f3 con un sorprendente look compuesto por unas llamativas gafas negras y una falda negra larga. \u00abEstoy muy contenta de estar aqu\u00ed y de venir a cantar\u00bb, ha asegurado la artista, que ha explicado que le ha sorprendido mucho que \u00abla gente lo haya recibido con tantas ganas\u00bb. Y es que Rosal\u00eda ha conquistado las listas musicales: 12 canciones de &#8216;Lux&#8217; se han colado en el top 50 mundial en solo 24 horas.<\/p>\n<p class=\"L6-news-detail__text\">Desde el plat\u00f3 de Aruser@s, <b>Alba S\u00e1nchez explica que &#8216;Lux&#8217; \u00abes un disco complicado\u00bb porque \u00abno es comercial para nada\u00bb. <\/b>Adem\u00e1s, la colaboradora del programa destaca que \u00abhay que escucharlo con un estado de \u00e1nimo especial porque es entre triste y lento\u00bb. Una opini\u00f3n que comparta Alba Guti\u00e9rrez, que destaca que aunque \u00abes diferente a Motomami\u00bb a ella le \u00abgusta\u00bb. Por su parte, Tatiana Ar\u00fas explica que ella lo escucha mientras conduce: \u00abTiene tintes melanc\u00f3licos, yo me lo pongo en el coche y, a veces, me genera baj\u00f3n\u00bb. Por otro lado, Hans Ar\u00fas sorprende al confesar que no lo ha escuchado porque le da \u00abpereza\u00bb.<\/p>\n<p class=\"L6-news-detail__text\">Por otro lado, Tatiana Ar\u00fas ense\u00f1a en el v\u00eddeo un fragmento de la actuaci\u00f3n de <b>Rosal\u00eda cantando por primera vez en directo &#8216;Reliquia&#8217;,<\/b> uno de los temas m\u00e1s conocidos del \u00faltimo disco.<\/p>\n<p class=\"L6-news-detail__text\"><b><a title=\"*Sigue a laSexta en Google. Toda la actualidad y el mejor contenido aqu\u00ed.\" href=\"https:\/\/profile.google.com\/cp\/CgkvbS8wZG5xejA\" target=\"_blank\" rel=\"nofollow noopener\">*Sigue a laSexta en Google. Toda la actualidad y el mejor contenido aqu\u00ed.<\/a><\/b><\/p>\n<p class=\"L6-support-news-video__title\">Dice que en Sanxenxo ser\u00e1 feliz<\/p>\n<p>            <a href=\"https:\/\/www.lasexta.com\/programas\/arusitys\/belen-esteban-confesar-que-leera-memorias-rey-juan-carlos-anos-que-tiene-traetelo-sanxenxo_2025111069119f7dde224c6cdd441934.html\" class=\"L6-news__link\" rel=\"nofollow noopener\" target=\"_blank\"><br \/>\n                Bel\u00e9n Esteban, tras confesar que no leer\u00e1 las memorias del rey Juan Carlos: \u00abCon los a\u00f1os que tiene, tr\u00e1etelo a Sanxenxo\u00bb<\/p>\n<p class=\"recirculation-video-desc\">Bel\u00e9n Esteban asegura que no se va a leer las memorias del rey Juan Carlos, de quien dice que aunque ha hecho cosas mal a su edad deber\u00eda volver a Espa\u00f1a en vez de estar en Abu Dabi: \u00abEn Sanxenxo ser\u00e1 feliz\u00bb.<\/p>\n<p>            <\/a><\/p>\n","protected":false},"excerpt":{"rendered":"Rosal\u00eda ha acaparado todas las miradas en la gala de los Premios 40 Principales, donde acudi\u00f3 con un&hellip;\n","protected":false},"author":2,"featured_media":229466,"comment_status":"","ping_status":"","sticky":false,"template":"","format":"standard","meta":{"footnotes":""},"categories":[170],"tags":[146,147,25,24,184,185,23],"class_list":{"0":"post-229465","1":"post","2":"type-post","3":"status-publish","4":"format-standard","5":"has-post-thumbnail","7":"category-musica","8":"tag-entertainment","9":"tag-entretenimiento","10":"tag-es","11":"tag-espana","12":"tag-music","13":"tag-musica","14":"tag-spain"},"share_on_mastodon":{"url":"https:\/\/pubeurope.com\/@es\/115528139182721145","error":""},"_links":{"self":[{"href":"https:\/\/www.europesays.com\/es\/wp-json\/wp\/v2\/posts\/229465","targetHints":{"allow":["GET"]}}],"collection":[{"href":"https:\/\/www.europesays.com\/es\/wp-json\/wp\/v2\/posts"}],"about":[{"href":"https:\/\/www.europesays.com\/es\/wp-json\/wp\/v2\/types\/post"}],"author":[{"embeddable":true,"href":"https:\/\/www.europesays.com\/es\/wp-json\/wp\/v2\/users\/2"}],"replies":[{"embeddable":true,"href":"https:\/\/www.europesays.com\/es\/wp-json\/wp\/v2\/comments?post=229465"}],"version-history":[{"count":0,"href":"https:\/\/www.europesays.com\/es\/wp-json\/wp\/v2\/posts\/229465\/revisions"}],"wp:featuredmedia":[{"embeddable":true,"href":"https:\/\/www.europesays.com\/es\/wp-json\/wp\/v2\/media\/229466"}],"wp:attachment":[{"href":"https:\/\/www.europesays.com\/es\/wp-json\/wp\/v2\/media?parent=229465"}],"wp:term":[{"taxonomy":"category","embeddable":true,"href":"https:\/\/www.europesays.com\/es\/wp-json\/wp\/v2\/categories?post=229465"},{"taxonomy":"post_tag","embeddable":true,"href":"https:\/\/www.europesays.com\/es\/wp-json\/wp\/v2\/tags?post=229465"}],"curies":[{"name":"wp","href":"https:\/\/api.w.org\/{rel}","templated":true}]}}