{"id":229469,"date":"2025-11-11T00:05:08","date_gmt":"2025-11-11T00:05:08","guid":{"rendered":"https:\/\/www.europesays.com\/es\/229469\/"},"modified":"2025-11-11T00:05:08","modified_gmt":"2025-11-11T00:05:08","slug":"auger-aliassime-habla-de-su-lesion-durante-la-derrota-ante-sinner-en-las-nitto-atp-finals-atp-tour","status":"publish","type":"post","link":"https:\/\/www.europesays.com\/es\/229469\/","title":{"rendered":"Auger-Aliassime habla de su lesi\u00f3n durante la derrota ante Sinner en las Nitto ATP Finals | ATP Tour"},"content":{"rendered":"<p>        Cr\u00f3nica del partido<br \/>\n    Auger-Aliassime habla de su lesi\u00f3n durante la derrota ante Sinner en las Nitto ATP Finals<\/p>\n<p>El canadiense pareci\u00f3 lesionarse la pantorrilla izquierda, pero ha restado importancia a las preocupaciones<\/p>\n<p>November 10, 2025<\/p>\n<p>            <img decoding=\"async\" src=\"https:\/\/www.europesays.com\/es\/wp-content\/uploads\/2025\/11\/auger-aliassime-turin-2025-monday-1.jpg\" alt=\"Felix Auger-Aliassime hace su primera aparici\u00f3n en las Nitto ATP Finals desde 2022.\"\/><\/p>\n<p>Corinne Dubreuil\/ATP Tour<\/p>\n<p>        Felix Auger-Aliassime hace su primera aparici\u00f3n en las Nitto ATP Finals desde 2022.<br \/>\n        By Jerome Coombe<\/p>\n<p>El regreso de <a href=\"https:\/\/www.atptour.com\/es\/players\/felix-auger-aliassime\/ag37\/overview\" rel=\"nofollow noopener\" target=\"_blank\">Felix Auger-Aliassime<\/a> a las <a href=\"https:\/\/www.atptour.com\/es\/tournaments\/nitto-atp-finals\/605\/overview\" rel=\"nofollow noopener\" target=\"_blank\">Nitto ATP Finals<\/a> no sali\u00f3 como esperaba el lunes por la noche, ya que el canadiense sufri\u00f3 una lesi\u00f3n durante su derrota por 7-5, 6-1 ante el favorito local, <a href=\"https:\/\/www.atptour.com\/es\/players\/jannik-sinner\/s0ag\/overview\" rel=\"nofollow noopener\" target=\"_blank\">Jannik Sinner<\/a>, en Tur\u00edn.<br \/>\u00a0<br \/>Tras un comienzo prometedor contra el italiano, Auger-Aliassime pareci\u00f3 lesionarse la pantorrilla izquierda al final del primer set, cuando sacaba para forzar un tie-break. Aunque continu\u00f3 jugando, la lesi\u00f3n afect\u00f3 claramente a su movilidad, pero el n\u00famero 8 del PIF ATP Rankings rest\u00f3 importancia a cualquier preocupaci\u00f3n sobre su estado f\u00edsico.<br \/>\u00a0<br \/>\u201cNo, no es grave. No estoy muy preocupado. \u00c9l es un jugador incre\u00edble. Hay que reconocerlo cuando alguien es simplemente mejor que t\u00fa\u201d, dijo Auger-Aliassime. \u201cHoy fue mejor que yo. Me preparar\u00e9 para el pr\u00f3ximo partido\u201d.<br \/>\u00a0<br \/>Auger-Aliassime, quien participa en el torneo de final de temporada por primera vez desde 2022, plant\u00f3 cara a Sinner durante gran parte del primer set, pero el italiano domin\u00f3 brutalmente con su primer saque. Gan\u00f3 el 100% (21\/21) de los puntos con su primer servicio, seg\u00fan Infosys ATP Stats, en la manga inicial.<br \/>\u00a0<br \/>\u201cEs dif\u00edcil de vencer en cualquier lugar, especialmente aqu\u00ed\u201d, dijo Auger-Aliassime, quien ahora va perdiendo 2-4 contra Sinner en su historial de enfrentamientos directos (Lexus ATP Head2Head). \u201cEmpez\u00f3 incre\u00edble y no mir\u00f3 atr\u00e1s. Desde el primer punto hasta el \u00faltimo, fue asombroso. El rival m\u00e1s dif\u00edcil de vencer aqu\u00ed\u201d.<\/p>\n<p>Tambi\u00e9n Podr\u00eda Interesarle: <a href=\"https:\/\/www.atptour.com\/es\/news\/lunes-nitto-atp-finals-2025-sinner-felix\" rel=\"nofollow noopener\" target=\"_blank\">Sinner se acerca a una hist\u00f3rica racha de Federer bajo techo<\/a><\/p>\n<p>Aun as\u00ed, el canadiense insisti\u00f3 en que se mantiene mentalmente fuerte a pesar del rev\u00e9s f\u00edsico y la derrota, manteniendo una perspectiva equilibrada sobre la naturaleza de la competencia en este torneo de \u00e9lite de ocho jugadores.<br \/>\u00a0<br \/>\u201cNunca he tenido miedo porque no estamos en guerra\u201d, dijo Auger-Aliassime al ser preguntado sobre su preparaci\u00f3n mental para enfrentarse a Sinner. \u201cS\u00ed me mentalizo para que sea una batalla, una batalla de tenis. Estoy muy concentrado, muy motivado\u201d.<br \/>\u00a0<br \/>\u201cNunca le he tenido miedo a un partido de tenis. Cuando juegas a este nivel, la concentraci\u00f3n es mayor; todo tiene que ser muy disciplinado y preciso desde el primer momento\u201d.<\/p>\n<p>El encuentro del lunes fue el cuarto entre Auger-Aliassime y Sinner desde agosto, un periodo durante el cual el italiano ha consolidado su dominio en su creciente rivalidad. Tan solo ocho d\u00edas antes de su duelo en Tur\u00edn, se enfrentaron en la final del Masters 1000 de Par\u00eds, donde Sinner tambi\u00e9n se alz\u00f3 con la victoria, pero en dos sets muy disputados.<br \/>\u00a0<br \/>\u201cHe jugado contra \u00e9l varias veces este a\u00f1o, as\u00ed que sab\u00eda qu\u00e9 esperar\u201d, a\u00f1adi\u00f3 Auger-Aliassime. \u201cEs m\u00e1s bien que, cuando juegas a este nivel, tienes que ser extremadamente bueno. Eso es todo\u201d.<br \/>\u00a0<br \/>Si bien la derrota supuso un duro golpe inicial en su campa\u00f1a en Tur\u00edn, Auger-Aliassime espera que su lesi\u00f3n en la pantorrilla se resuelva pronto para recuperarse de cara a los partidos restantes de la fase de grupos, que disputar\u00e1 contra <a href=\"https:\/\/www.atptour.com\/es\/players\/ben-shelton\/s0s1\/overview\" rel=\"nofollow noopener\" target=\"_blank\">Ben Shelton<\/a> el mi\u00e9rcoles y <a href=\"https:\/\/www.atptour.com\/es\/players\/alexander-zverev\/z355\/overview\" rel=\"nofollow noopener\" target=\"_blank\">Alexander Zverev<\/a> el viernes.<\/p>\n<p><br class=\"t-last-br\"\/><\/p>\n","protected":false},"excerpt":{"rendered":"Cr\u00f3nica del partido Auger-Aliassime habla de su lesi\u00f3n durante la derrota ante Sinner en las Nitto ATP Finals&hellip;\n","protected":false},"author":2,"featured_media":229470,"comment_status":"","ping_status":"","sticky":false,"template":"","format":"standard","meta":{"footnotes":""},"categories":[93],"tags":[168,25,24,23,167],"class_list":{"0":"post-229469","1":"post","2":"type-post","3":"status-publish","4":"format-standard","5":"has-post-thumbnail","7":"category-deportes","8":"tag-deportes","9":"tag-es","10":"tag-espana","11":"tag-spain","12":"tag-sports"},"share_on_mastodon":{"url":"https:\/\/pubeurope.com\/@es\/115528147279483921","error":""},"_links":{"self":[{"href":"https:\/\/www.europesays.com\/es\/wp-json\/wp\/v2\/posts\/229469","targetHints":{"allow":["GET"]}}],"collection":[{"href":"https:\/\/www.europesays.com\/es\/wp-json\/wp\/v2\/posts"}],"about":[{"href":"https:\/\/www.europesays.com\/es\/wp-json\/wp\/v2\/types\/post"}],"author":[{"embeddable":true,"href":"https:\/\/www.europesays.com\/es\/wp-json\/wp\/v2\/users\/2"}],"replies":[{"embeddable":true,"href":"https:\/\/www.europesays.com\/es\/wp-json\/wp\/v2\/comments?post=229469"}],"version-history":[{"count":0,"href":"https:\/\/www.europesays.com\/es\/wp-json\/wp\/v2\/posts\/229469\/revisions"}],"wp:featuredmedia":[{"embeddable":true,"href":"https:\/\/www.europesays.com\/es\/wp-json\/wp\/v2\/media\/229470"}],"wp:attachment":[{"href":"https:\/\/www.europesays.com\/es\/wp-json\/wp\/v2\/media?parent=229469"}],"wp:term":[{"taxonomy":"category","embeddable":true,"href":"https:\/\/www.europesays.com\/es\/wp-json\/wp\/v2\/categories?post=229469"},{"taxonomy":"post_tag","embeddable":true,"href":"https:\/\/www.europesays.com\/es\/wp-json\/wp\/v2\/tags?post=229469"}],"curies":[{"name":"wp","href":"https:\/\/api.w.org\/{rel}","templated":true}]}}