{"id":229483,"date":"2025-11-11T00:18:13","date_gmt":"2025-11-11T00:18:13","guid":{"rendered":"https:\/\/www.europesays.com\/es\/229483\/"},"modified":"2025-11-11T00:18:13","modified_gmt":"2025-11-11T00:18:13","slug":"toon-aerts-y-su-bicicleta-vasca-campeones-de-europa-de-ciclocross-txirrindularitza","status":"publish","type":"post","link":"https:\/\/www.europesays.com\/es\/229483\/","title":{"rendered":"Toon Aerts y su bicicleta vasca, campeones de Europa de ciclocross | Txirrindularitza"},"content":{"rendered":"<p>        <img decoding=\"async\" alt=\"Toon Aerts, con su Orbea Orca, en el Campeonato de Europa de este domingo.\" height=\"1067\" loading=\"lazy\"  src=\"https:\/\/www.europesays.com\/es\/wp-content\/uploads\/2025\/11\/AFP__20251109__140484861__v1__HighRes__BelgiumCyclocrossEuropeanChampionshipsEliteMe.jpg\"  width=\"1600\"\/>Toon Aerts, con su Orbea Orca, en el Campeonato de Europa de este domingo. (Jasper Jacobs | AFP)<\/p>\n<p>El ciclista flamenco Toon Aerts se proclam\u00f3 este domingo campe\u00f3n de Europa de ciclocross 2025 tras una brillante actuaci\u00f3n en Middelkerke en la prueba masculina. El corredor del equipo Deschacht\u2013Hens\u2013Maes se impuso en un circuito donde la arena jug\u00f3 un papel esencial y que no daba respiro. Sus compa\u00f1eros de selecci\u00f3n Thibau Nys y Joran Wyseure le acompa\u00f1aron en el podio.<\/p>\n<p>Aerts compite sobre una bicicleta vasca de la marca Orbea, lo que convierte al fabricante con sede en Mallabia en uno de los protagonistas indirectos del campeonato. El modelo utilizado por el nuevo campe\u00f3n de Europa es una Orbea Orca, una bicicleta de carretera que la marca vasca ha adaptado para las exigencias del ciclocross.<\/p>\n<p>Seg\u00fan medios especializados, la bicicleta incorporaba neum\u00e1ticos de 33 mm, ruedas espec\u00edficas para barro y una configuraci\u00f3n ligera de carbono OMR, demostrando la versatilidad de una montura originalmente concebida para el asfalto.<\/p>\n<p>Aunque Orbea no dispone actualmente de un modelo exclusivo de ciclocross en su cat\u00e1logo, la victoria de Aerts confirma la capacidad de adaptaci\u00f3n y rendimiento de su gama de competici\u00f3n.<\/p>\n<p><strong>Regreso a la \u00e9lite<\/strong><\/p>\n<p>Este t\u00edtulo supone un regreso triunfal para Toon Aerts, que tras un periodo de sanci\u00f3n y dificultades personales ha vuelto a lo m\u00e1s alto del ciclismo internacional. Su rendimiento en la temporada 2024-2025 ya record\u00f3 al Aerts previo a la sanci\u00f3n por dopaje, pero esta es la mejor victoria desde su regreso. As\u00ed, volver\u00e1 a vestir un maillot de campe\u00f3n de Europa que ya gan\u00f3 en 2016.<\/p>\n<p>Si en la masculina el podio fue flamenco, en la prueba femenina fue neerland\u00e9s, con el oro para Inge Van der Heijden, en la que es la mejor victoria de su carrera, la plata para la favorita Lucinda Brand y el bronce para Aniek van Alphen.<\/p>\n<p>En categor\u00edas inferiores hubo participaci\u00f3n vasca. Unax Gal\u00e1n finaliz\u00f3 31\u00ba en la prueba sub 23 masculina, Maier Olano y Nahia Arana fueron 19\u00aa y 21\u00aa, respectivamente en la sub 23 femenina y Mirari Gotxi y Ane Zubeldia fueron 22\u00aa y 36\u00aa en la junior femenina.<\/p>\n","protected":false},"excerpt":{"rendered":"Toon Aerts, con su Orbea Orca, en el Campeonato de Europa de este domingo. (Jasper Jacobs | AFP)&hellip;\n","protected":false},"author":2,"featured_media":229484,"comment_status":"","ping_status":"","sticky":false,"template":"","format":"standard","meta":{"footnotes":""},"categories":[273],"tags":[60245,7560,5926,313,44324,312,168,25,24,700,23,167,60244,11777,1511],"class_list":{"0":"post-229483","1":"post","2":"type-post","3":"status-publish","4":"format-standard","5":"has-post-thumbnail","7":"category-ciclismo","8":"tag-aerts","9":"tag-bicicleta","10":"tag-campeones","11":"tag-ciclismo","12":"tag-ciclocross","13":"tag-cycling","14":"tag-deportes","15":"tag-es","16":"tag-espana","17":"tag-europa","18":"tag-spain","19":"tag-sports","20":"tag-toon","21":"tag-vasca","22":"tag-y"},"share_on_mastodon":{"url":"https:\/\/pubeurope.com\/@es\/115528198195391821","error":""},"_links":{"self":[{"href":"https:\/\/www.europesays.com\/es\/wp-json\/wp\/v2\/posts\/229483","targetHints":{"allow":["GET"]}}],"collection":[{"href":"https:\/\/www.europesays.com\/es\/wp-json\/wp\/v2\/posts"}],"about":[{"href":"https:\/\/www.europesays.com\/es\/wp-json\/wp\/v2\/types\/post"}],"author":[{"embeddable":true,"href":"https:\/\/www.europesays.com\/es\/wp-json\/wp\/v2\/users\/2"}],"replies":[{"embeddable":true,"href":"https:\/\/www.europesays.com\/es\/wp-json\/wp\/v2\/comments?post=229483"}],"version-history":[{"count":0,"href":"https:\/\/www.europesays.com\/es\/wp-json\/wp\/v2\/posts\/229483\/revisions"}],"wp:featuredmedia":[{"embeddable":true,"href":"https:\/\/www.europesays.com\/es\/wp-json\/wp\/v2\/media\/229484"}],"wp:attachment":[{"href":"https:\/\/www.europesays.com\/es\/wp-json\/wp\/v2\/media?parent=229483"}],"wp:term":[{"taxonomy":"category","embeddable":true,"href":"https:\/\/www.europesays.com\/es\/wp-json\/wp\/v2\/categories?post=229483"},{"taxonomy":"post_tag","embeddable":true,"href":"https:\/\/www.europesays.com\/es\/wp-json\/wp\/v2\/tags?post=229483"}],"curies":[{"name":"wp","href":"https:\/\/api.w.org\/{rel}","templated":true}]}}