{"id":229493,"date":"2025-11-11T00:25:13","date_gmt":"2025-11-11T00:25:13","guid":{"rendered":"https:\/\/www.europesays.com\/es\/229493\/"},"modified":"2025-11-11T00:25:13","modified_gmt":"2025-11-11T00:25:13","slug":"andrea-legarreta-mia-y-nina-rubin-se-reencuentran-con-la-hermana-de-pablo-lyle-en-miami","status":"publish","type":"post","link":"https:\/\/www.europesays.com\/es\/229493\/","title":{"rendered":"Andrea Legarreta, M\u00eda y Nina Rub\u00edn se reencuentran con la hermana de Pablo Lyle en Miami"},"content":{"rendered":"<p id=\"emynEye58w\" data-wc=\"93\">Despu\u00e9s de celebrar el anuncio del nuevo proyecto de <strong>Nina Rub\u00edn<\/strong>, quien formar\u00e1 parte del <a class=\"hm-link ho-link\" href=\"https:\/\/www.hola.com\/us-es\/celebrities\/20251107866390\/andrea-legarreta-unida-hija-nina-nueva-telenovela-mi-verdad-oculta\/\" data-mrf-recirculation=\"article-body-link\" rel=\"nofollow noopener\" target=\"_blank\">elenco de la telenovela Mi verdad oculta<\/a>,\u00a0<strong>Andrea Legarreta<\/strong>\u00a0y sus hijas hicieron sus maletas para disfrutar de un fin de semana en Miami, ciudad donde se reunieron con<strong>\u00a0Silvia Lyle<\/strong>, hermana del actor <strong>Pablo Lyle<\/strong> quien cumple una condena en prisi\u00f3n el homicidio imprudencial de <strong>Juan Ricardo Hern\u00e1ndez<\/strong>. A trav\u00e9s de su cuenta de Instagram, la conductora de Hoy\u00a0comparti\u00f3 im\u00e1genes de su reencuentro con la familia del actor a quien<a class=\"hm-link ho-link\" href=\"https:\/\/www.hola.com\/us-es\/celebrities\/2023020546702\/andrea-legarreta-pablo-lyle-mensaje-apoyo\/\" data-mrf-recirculation=\"article-body-link\" rel=\"nofollow noopener\" target=\"_blank\">\u00a0p\u00fablicamente ha apoyado en varias ocasiones<\/a>.<\/p>\n<p> <img src=\"https:\/\/www.europesays.com\/es\/wp-content\/uploads\/2025\/11\/27dd8199a385-andrele.jpg\"   width=\"1024\" height=\"1024\" loading=\"lazy\" decoding=\"async\" alt=\"Andrea Legarreta, M\u00eda y Nina.\" fetchpriority=\"auto\" class=\"image ho-image\"\/>\u00a9 IG: @andrealegarretaAndrea Legarreta, M\u00eda y Nina.<\/p>\n<p id=\"e-Vp6Lguc72\" data-wc=\"58\">Aprovechando el fin de semana, la conductora y su hijas viajaron a Miami, una ciudad que le encanta por su oferta cultural. En esta visita, tuvieron la oportunidad de encontrarse con Silvia y su esposo <strong>Lucas Delfino<\/strong>, con quien disfrutaron de una cena en la que tambi\u00e9n estuvieron presentes los dos hijos menores de edad de la pareja.\u00a0<\/p>\n<p> <img src=\"https:\/\/www.europesays.com\/es\/wp-content\/uploads\/2025\/11\/145526c69a13-andreahermana.jpg\"   width=\"1024\" height=\"1024\" loading=\"lazy\" decoding=\"async\" alt=\"Andrea y sus hijas con la hermana mayor de Pablo Lyle.\" fetchpriority=\"auto\" class=\"image ho-image\"\/>\u00a9 IG: @andrealegarretaAndrea y sus hijas con la hermana mayor de Pablo Lyle.<\/p>\n<p id=\"eLdN991aGL\" data-wc=\"94\">Andrea acompa\u00f1\u00f3 estas im\u00e1genes de un conmovedor mensaje en el que destac\u00f3 su amistad con Silvia y la familia Lyle: \u00abHay instantes y personas que acarician el alma hasta lo m\u00e1s profundo. Que te hacen sentir lo valiso de estar aqu\u00ed y ahora, y a la vez darse la oportunidad de ver hace adelante y so\u00f1ar con d\u00edas felices. Hay seres y momentos que nos recuerdan que a veces lo m\u00e1s parece lo m\u00e1s simple e insignificante, puede ser lo m\u00e1s bello y lo m\u00e1s valioso\u00bb, escribi\u00f3 en la primera parte de este texto.\u00a0<\/p>\n<p> <img src=\"https:\/\/www.europesays.com\/es\/wp-content\/uploads\/2025\/11\/d926e9731d6f-sylvialyle.jpg\"   width=\"1024\" height=\"1023\" loading=\"lazy\" decoding=\"async\" alt=\"Andrea y sus hijas disfrutaron de un fin de semana en Miami.\" fetchpriority=\"auto\" class=\"image ho-image\"\/>\u00a9 IG: @andrealegarretaAndrea y sus hijas disfrutaron de un fin de semana en Miami.<\/p>\n<p id=\"eX7r9MZYaA\" data-wc=\"77\">La conductora revel\u00f3 este viaje result\u00f3 inolvidable por la conexi\u00f3n que sinti\u00f3 con sus hijas, con quienes comparte su pasi\u00f3n por viajar: \u00abD\u00edas de estar en el presente al 100 sin filtros, sin distracciones. De mirarse a los ojos y recordar la importancia de vivir y sentir a profundidad, porque la vid \u00a0es una, pero puede volver a empezar muchas veces\u00bb, escribi\u00f3 en la parte final del texto de cerr\u00f3 con la frase: \u00abMi amor para ustedes\u00bb.\u00a0<\/p>\n<p> <img src=\"https:\/\/www.europesays.com\/es\/wp-content\/uploads\/2025\/11\/fd864946c7cd-ofertacultural.jpg\"   width=\"1024\" height=\"1024\" loading=\"lazy\" decoding=\"async\" alt=\"Disfrutaron al m\u00e1ximo de la oferta cultural de Miami.\" fetchpriority=\"auto\" class=\"image ho-image\"\/>\u00a9 IG: @andrealegarretaDisfrutaron al m\u00e1ximo de la oferta cultural de Miami.<\/p>\n<p id=\"eZg3kTc5kQ\" data-wc=\"76\">En este \u00e1lbum de fotos, Andrea incluy\u00f3 varias con Silvia, con quienes acudieron a cenar a un restaurante de comida japonesa en lo que parec\u00eda una noche de chicas. En su texto, la presentadora de Hoy dedic\u00f3 unas l\u00edneas a la resiliencia de su amiga: \u00abAlmas que nos hacen sentir que, aunque la vida de vuelcos, nos sacuda y nos estremezca hasta lo m\u00e1s profundo, podemos con todo\u00bb, se lee en otra parte de su publicaci\u00f3n.\u00a0<\/p>\n","protected":false},"excerpt":{"rendered":"Despu\u00e9s de celebrar el anuncio del nuevo proyecto de Nina Rub\u00edn, quien formar\u00e1 parte del elenco de la&hellip;\n","protected":false},"author":2,"featured_media":229494,"comment_status":"","ping_status":"","sticky":false,"template":"","format":"standard","meta":{"footnotes":""},"categories":[171],"tags":[517,60248,146,147,25,24,23,214],"class_list":{"0":"post-229493","1":"post","2":"type-post","3":"status-publish","4":"format-standard","5":"has-post-thumbnail","7":"category-tv","8":"tag-actualidad","9":"tag-andrea-legarreta","10":"tag-entertainment","11":"tag-entretenimiento","12":"tag-es","13":"tag-espana","14":"tag-spain","15":"tag-tv"},"share_on_mastodon":{"url":"https:\/\/pubeurope.com\/@es\/115528225744435068","error":""},"_links":{"self":[{"href":"https:\/\/www.europesays.com\/es\/wp-json\/wp\/v2\/posts\/229493","targetHints":{"allow":["GET"]}}],"collection":[{"href":"https:\/\/www.europesays.com\/es\/wp-json\/wp\/v2\/posts"}],"about":[{"href":"https:\/\/www.europesays.com\/es\/wp-json\/wp\/v2\/types\/post"}],"author":[{"embeddable":true,"href":"https:\/\/www.europesays.com\/es\/wp-json\/wp\/v2\/users\/2"}],"replies":[{"embeddable":true,"href":"https:\/\/www.europesays.com\/es\/wp-json\/wp\/v2\/comments?post=229493"}],"version-history":[{"count":0,"href":"https:\/\/www.europesays.com\/es\/wp-json\/wp\/v2\/posts\/229493\/revisions"}],"wp:featuredmedia":[{"embeddable":true,"href":"https:\/\/www.europesays.com\/es\/wp-json\/wp\/v2\/media\/229494"}],"wp:attachment":[{"href":"https:\/\/www.europesays.com\/es\/wp-json\/wp\/v2\/media?parent=229493"}],"wp:term":[{"taxonomy":"category","embeddable":true,"href":"https:\/\/www.europesays.com\/es\/wp-json\/wp\/v2\/categories?post=229493"},{"taxonomy":"post_tag","embeddable":true,"href":"https:\/\/www.europesays.com\/es\/wp-json\/wp\/v2\/tags?post=229493"}],"curies":[{"name":"wp","href":"https:\/\/api.w.org\/{rel}","templated":true}]}}