{"id":229510,"date":"2025-11-11T00:40:12","date_gmt":"2025-11-11T00:40:12","guid":{"rendered":"https:\/\/www.europesays.com\/es\/229510\/"},"modified":"2025-11-11T00:40:12","modified_gmt":"2025-11-11T00:40:12","slug":"dos-hombres-mueren-repentinamente-durante-la-segunda-jornada-de-las-atp-finals-tenis","status":"publish","type":"post","link":"https:\/\/www.europesays.com\/es\/229510\/","title":{"rendered":"Dos hombres mueren repentinamente durante la segunda jornada de las ATP Finals | Tenis"},"content":{"rendered":"<p>Dos hombres, de 70 y 78 a\u00f1os, fallecieron este lunes durante dos episodios independientes y separados en el tiempo en las inmediaciones del Inalpi Arena, recinto que acoge las Finales ATP de Tur\u00edn. <\/p>\n<p>Ambos fueron trasladados al hospital tras la r\u00e1pida intervenci\u00f3n de las emergencias sanitarias, pero perdieron la vida poco despu\u00e9s de su llegada, seg\u00fan desvelaron los medios italianos.<\/p>\n<p>El primero de los fallecidos fue el hombre de 70 a\u00f1os, que sufri\u00f3 un ataque card\u00edaco en la zona de aficionados, muy cerca del recinto en el que se disputan los partidos; mientras que el segundo, el hombre de 78 a\u00f1os, sufri\u00f3 un colapso en la grada durante el partido que enfrent\u00f3 al italiano Lorenzo Musetti y al estadounidense Taylor Fritz.<\/p>\n<p>Los episodios no est\u00e1n relacionados y no afectaron al normal desarrollo del programa del torneo.<\/p>\n<p>Tr\u00e1gico suceso en la Segunda Divisi\u00f3n<\/p>\n<p>Este fin de semana ya se suspendi\u00f3 el Ceuta-Almer\u00eda de Segunda Divisi\u00f3n despu\u00e9s de la muerte de un aficionado ceut\u00ed en las gradas del Alfonso Morube. La v\u00edctima se encontr\u00f3 indispuesta durante el encuentro y fue trasladado en ambulancia hasta un centro hospitalario, donde no fue posible salvar su vida. <\/p>\n<p>El encuentro se detuvo en torno al minuto diecisiete y no se reanud\u00f3 hasta el veinticinco. Una vez se march\u00f3 el partido al descanso, ya no se volvi\u00f3 a jugar. Fue en ese momento cuando se confirm\u00f3 la muerte del aficionado y se tom\u00f3 la decisi\u00f3n de suspender el partido. LaLiga ha comunicado, en su cuenta oficial dedicada al contenido institucional, que anunciar\u00e1 pr\u00f3ximamente cuando se disputar\u00e1n los minutos restantes del encuentro.<\/p>\n","protected":false},"excerpt":{"rendered":"Dos hombres, de 70 y 78 a\u00f1os, fallecieron este lunes durante dos episodios independientes y separados en el&hellip;\n","protected":false},"author":2,"featured_media":229511,"comment_status":"","ping_status":"","sticky":false,"template":"","format":"standard","meta":{"footnotes":""},"categories":[274],"tags":[1691,545,35628,168,25,24,8552,1212,60254,60255,31729,23,167,327,326,60256],"class_list":{"0":"post-229510","1":"post","2":"type-post","3":"status-publish","4":"format-standard","5":"has-post-thumbnail","7":"category-tenis","8":"tag-atp","9":"tag-carlos-alcaraz","10":"tag-crowd","11":"tag-deportes","12":"tag-es","13":"tag-espana","14":"tag-indoor","15":"tag-match","16":"tag-nitto-atp-finals","17":"tag-professional-sport","18":"tag-singles","19":"tag-spain","20":"tag-sports","21":"tag-tenis","22":"tag-tennis","23":"tag-view-from-above"},"share_on_mastodon":{"url":"https:\/\/pubeurope.com\/@es\/115528284578951214","error":""},"_links":{"self":[{"href":"https:\/\/www.europesays.com\/es\/wp-json\/wp\/v2\/posts\/229510","targetHints":{"allow":["GET"]}}],"collection":[{"href":"https:\/\/www.europesays.com\/es\/wp-json\/wp\/v2\/posts"}],"about":[{"href":"https:\/\/www.europesays.com\/es\/wp-json\/wp\/v2\/types\/post"}],"author":[{"embeddable":true,"href":"https:\/\/www.europesays.com\/es\/wp-json\/wp\/v2\/users\/2"}],"replies":[{"embeddable":true,"href":"https:\/\/www.europesays.com\/es\/wp-json\/wp\/v2\/comments?post=229510"}],"version-history":[{"count":0,"href":"https:\/\/www.europesays.com\/es\/wp-json\/wp\/v2\/posts\/229510\/revisions"}],"wp:featuredmedia":[{"embeddable":true,"href":"https:\/\/www.europesays.com\/es\/wp-json\/wp\/v2\/media\/229511"}],"wp:attachment":[{"href":"https:\/\/www.europesays.com\/es\/wp-json\/wp\/v2\/media?parent=229510"}],"wp:term":[{"taxonomy":"category","embeddable":true,"href":"https:\/\/www.europesays.com\/es\/wp-json\/wp\/v2\/categories?post=229510"},{"taxonomy":"post_tag","embeddable":true,"href":"https:\/\/www.europesays.com\/es\/wp-json\/wp\/v2\/tags?post=229510"}],"curies":[{"name":"wp","href":"https:\/\/api.w.org\/{rel}","templated":true}]}}