{"id":229512,"date":"2025-11-11T00:41:11","date_gmt":"2025-11-11T00:41:11","guid":{"rendered":"https:\/\/www.europesays.com\/es\/229512\/"},"modified":"2025-11-11T00:41:11","modified_gmt":"2025-11-11T00:41:11","slug":"ineos-y-alpecin-entre-otros-buscan-atraer-a-premier-tech-tras-salir-del-israel","status":"publish","type":"post","link":"https:\/\/www.europesays.com\/es\/229512\/","title":{"rendered":"INEOS y Alpecin, entre otros, buscan atraer a Premier Tech tras salir del Israel"},"content":{"rendered":"<p>Encontrar un patrocinador comprometido con el ciclismo es casi como un unicornio en el mundo actual. Es por ello que, el <a href=\"https:\/\/www.brujulabike.com\/premier-tech-deja-de-patrocinar-equipo-israel-a-pesar-cambio-denominacion\/\" rel=\"nofollow noopener\" target=\"_blank\">anuncio de que Premier Tech dejaba de apoyar al equipo Israel<\/a> ha hecho que, inmediatamente, muchas escuadras necesitadas de apoyo extra se hayan puesto manos a la obra para tratar de lograr el apoyo de la empresa canadiense ligada de una u otra forma desde hace m\u00e1s de 30 a\u00f1os al ciclismo. INEOS Grenadiers y Alpecin-Deceuninck parecen los m\u00e1s interesados.<\/p>\n<p><img class=\" lazyload\" border=\"0\" alt=\"INEOS y Alpecin, entre otros, buscan atraer a Premier Tech tras salir del Israel\" width=\"1260\" height=\"708\"  data-\/><\/p>\n<p>En unas fechas donde pr\u00e1cticamente todos los presupuestos y plantillas ya est\u00e1n cerradas de cara a la temporada 2026, una nueva puerta se ha abierto a algunos equipos ansiosos por incorporar un segundo patrocinador que les permita mejorar su posici\u00f3n de partida en la pr\u00f3xima temporada. Hablamos del anuncio de la finalizaci\u00f3n del patrocinio de Premier Tech al equipo Israel tras las protestas de los \u00faltimos meses.<\/p>\n<p>Alpecin es quiz\u00e1s qui\u00e9n m\u00e1s r\u00e9dito sacar\u00eda de sumar el patrocinio de Premier Tech ya que la finalizaci\u00f3n de la colaboraci\u00f3n de Deceuninck dejaba al equipo pr\u00e1cticamente con lo justo. Aparentemente no les supon\u00eda un problema para cumplir los requisitos establecidos por el World Tour pero, a buen seguro, no les dejaba ante una situaci\u00f3n sostenible en el medio plazo.<\/p>\n<p><img class=\" lazyload\" border=\"0\" alt=\"INEOS y Alpecin, entre otros, buscan atraer a Premier Tech tras salir del Israel\" width=\"3000\" height=\"2000\"  data-\/><\/p>\n<p>Otro de los que se han mostrado interesados en hacerse con el apoyo de Premier Tech ha sido INEOS Grenadiers quienes, pese a incorporar a mediados de la \u00faltima campa\u00f1a a TotalEnergies, siguen buscando recuperar el m\u00fasculo suficiente que les permita volver a ser el equipo de referencia que era en los tiempos del Team Sky.<\/p>\n<p>Tambi\u00e9n se ha especulado con que escuadras como Soudal-QuickStep, Picnic-PostNL, EF Education-EasyPost o XDS-Astana tambi\u00e9n estar\u00edan interesados en conseguir el apoyo de la empresa canadiense aunque todo esto no deja de entrar en el terreno de la rumorolog\u00eda.<\/p>\n","protected":false},"excerpt":{"rendered":"Encontrar un patrocinador comprometido con el ciclismo es casi como un unicornio en el mundo actual. Es por&hellip;\n","protected":false},"author":2,"featured_media":229513,"comment_status":"","ping_status":"","sticky":false,"template":"","format":"standard","meta":{"footnotes":""},"categories":[273],"tags":[313,312,168,25,24,23,167],"class_list":{"0":"post-229512","1":"post","2":"type-post","3":"status-publish","4":"format-standard","5":"has-post-thumbnail","7":"category-ciclismo","8":"tag-ciclismo","9":"tag-cycling","10":"tag-deportes","11":"tag-es","12":"tag-espana","13":"tag-spain","14":"tag-sports"},"share_on_mastodon":{"url":"https:\/\/pubeurope.com\/@es\/115528288406800439","error":""},"_links":{"self":[{"href":"https:\/\/www.europesays.com\/es\/wp-json\/wp\/v2\/posts\/229512","targetHints":{"allow":["GET"]}}],"collection":[{"href":"https:\/\/www.europesays.com\/es\/wp-json\/wp\/v2\/posts"}],"about":[{"href":"https:\/\/www.europesays.com\/es\/wp-json\/wp\/v2\/types\/post"}],"author":[{"embeddable":true,"href":"https:\/\/www.europesays.com\/es\/wp-json\/wp\/v2\/users\/2"}],"replies":[{"embeddable":true,"href":"https:\/\/www.europesays.com\/es\/wp-json\/wp\/v2\/comments?post=229512"}],"version-history":[{"count":0,"href":"https:\/\/www.europesays.com\/es\/wp-json\/wp\/v2\/posts\/229512\/revisions"}],"wp:featuredmedia":[{"embeddable":true,"href":"https:\/\/www.europesays.com\/es\/wp-json\/wp\/v2\/media\/229513"}],"wp:attachment":[{"href":"https:\/\/www.europesays.com\/es\/wp-json\/wp\/v2\/media?parent=229512"}],"wp:term":[{"taxonomy":"category","embeddable":true,"href":"https:\/\/www.europesays.com\/es\/wp-json\/wp\/v2\/categories?post=229512"},{"taxonomy":"post_tag","embeddable":true,"href":"https:\/\/www.europesays.com\/es\/wp-json\/wp\/v2\/tags?post=229512"}],"curies":[{"name":"wp","href":"https:\/\/api.w.org\/{rel}","templated":true}]}}