{"id":229578,"date":"2025-11-11T01:38:12","date_gmt":"2025-11-11T01:38:12","guid":{"rendered":"https:\/\/www.europesays.com\/es\/229578\/"},"modified":"2025-11-11T01:38:12","modified_gmt":"2025-11-11T01:38:12","slug":"podria-provocar-la-peor-temporada-en-una-decada","status":"publish","type":"post","link":"https:\/\/www.europesays.com\/es\/229578\/","title":{"rendered":"podr\u00eda provocar la \u00abpeor temporada en una d\u00e9cada\u00bb"},"content":{"rendered":"<p class=\"c-paragraph\">La<b> temporada de gripe podr\u00eda ser la m\u00e1s grave en los \u00faltimos 10 a\u00f1os<\/b>. La mutaci\u00f3n del virus durante el verano ha adelantado esta afecci\u00f3n m\u00e1s de un mes y podr\u00eda ser m\u00e1s perjudicial. El Servicio Nacional de Salud brit\u00e1nico (NHS) ya<b> ha pedido a la ciudadan\u00eda que se vacune <\/b>ante la posibilidad de un duro invierno.\u00a0<\/p>\n<p class=\"c-paragraph\">Por el momento a\u00fan hay mucha incertidumbre respecto a esta mutaci\u00f3n, pero expertos apuntan a que, en efecto, esta podr\u00eda ser la peor temporada de gripe de la \u00faltima d\u00e9cada, seg\u00fan han confirmado a <a href=\"https:\/\/www.bbc.com\/news\/articles\/c2dr8gzdz1wo\" rel=\"nofollow noreferrer noopener\" target=\"_blank\">BBC<\/a>. \u00ab<b>No hab\u00edamos visto un virus como este desde hace tiempo<\/b>, esta din\u00e1mica es inusual\u00bb, se\u00f1ala la profesora Nicola Lewis, directora del Centro Mundial de la Gripe del Instituto Francis Crick.<\/p>\n<p class=\"c-paragraph\">\u00abNo estoy entrando en p\u00e1nico, pero s\u00ed me preocupa\u00bb, asegura. Y es que los cient\u00edficos que siguen la evoluci\u00f3n del virus aseguran que esta se est\u00e1 produciendo a un ritmo conocido como \u00abcambio y deriva\u00bb. Esto quiere decir que este no cambia de forma lenta y con peque\u00f1os cambios, sino que <b>lo hace en base a una mutaci\u00f3n repentina.\u00a0<\/b><\/p>\n<p class=\"c-paragraph\">El profesor Derek Smith se\u00f1ala que, en junio, se produjeron hasta <b>siete mutaciones en una cepa <\/b>de la gripe estacional H3N2 que dieron lugar a un \u00abr\u00e1pido aumento\u00bb en los informes del virus, de acuerdo con el director del centro para la evoluci\u00f3n de pat\u00f3genos de la Universidad de Cambridge.<\/p>\n<p class=\"c-paragraph\">De forma poco habitual, este hecho tuvo lugar fuera de la temporada de gripe. Todo ello ha generado <b>un repunte de casos <\/b>que se ha juntado con la vuelta al colegio de los ni\u00f1os: \u00abEs casi seguro que<b> se extender\u00e1 por todo el mundo<\/b>\u00ab.<\/p>\n<p class=\"c-paragraph\">Todav\u00eda no se conoce exactamente el comportamiento de estas mutaciones, aunque todo apunta a que el virus podr\u00eda evadir la inmunidad de los sistemas de las personas. El resultado es que les resulta <b>m\u00e1s sencillo infectar a las personas y propagarse<\/b>, seg\u00fan el mismo medio.<\/p>\n<p class=\"c-paragraph\">Dada la situaci\u00f3n, \u00abes muy probable que vayamos a tener una mala temporada de gripe y que ocurra muy pronto\u00bb, concluye el profesor Christophe Fraser, del Instituto de Ciencias de las Pandemias de la Universidad de Oxford:\u00a0\u00abHay indicios de que esta temporada podr\u00eda ser peor que algunas de las temporadas de gripe que hemos visto en los \u00faltimos 10 a\u00f1os\u00bb.<\/p>\n","protected":false},"excerpt":{"rendered":"La temporada de gripe podr\u00eda ser la m\u00e1s grave en los \u00faltimos 10 a\u00f1os. La mutaci\u00f3n del virus&hellip;\n","protected":false},"author":2,"featured_media":229579,"comment_status":"","ping_status":"","sticky":false,"template":"","format":"standard","meta":{"footnotes":""},"categories":[92],"tags":[25,24,7749,165,23770,795,166,23,20877,2275],"class_list":{"0":"post-229578","1":"post","2":"type-post","3":"status-publish","4":"format-standard","5":"has-post-thumbnail","7":"category-salud","8":"tag-es","9":"tag-espana","10":"tag-gripe","11":"tag-health","12":"tag-mutacion","13":"tag-nueva","14":"tag-salud","15":"tag-spain","16":"tag-una","17":"tag-virus"},"share_on_mastodon":{"url":"https:\/\/pubeurope.com\/@es\/115528512466328213","error":""},"_links":{"self":[{"href":"https:\/\/www.europesays.com\/es\/wp-json\/wp\/v2\/posts\/229578","targetHints":{"allow":["GET"]}}],"collection":[{"href":"https:\/\/www.europesays.com\/es\/wp-json\/wp\/v2\/posts"}],"about":[{"href":"https:\/\/www.europesays.com\/es\/wp-json\/wp\/v2\/types\/post"}],"author":[{"embeddable":true,"href":"https:\/\/www.europesays.com\/es\/wp-json\/wp\/v2\/users\/2"}],"replies":[{"embeddable":true,"href":"https:\/\/www.europesays.com\/es\/wp-json\/wp\/v2\/comments?post=229578"}],"version-history":[{"count":0,"href":"https:\/\/www.europesays.com\/es\/wp-json\/wp\/v2\/posts\/229578\/revisions"}],"wp:featuredmedia":[{"embeddable":true,"href":"https:\/\/www.europesays.com\/es\/wp-json\/wp\/v2\/media\/229579"}],"wp:attachment":[{"href":"https:\/\/www.europesays.com\/es\/wp-json\/wp\/v2\/media?parent=229578"}],"wp:term":[{"taxonomy":"category","embeddable":true,"href":"https:\/\/www.europesays.com\/es\/wp-json\/wp\/v2\/categories?post=229578"},{"taxonomy":"post_tag","embeddable":true,"href":"https:\/\/www.europesays.com\/es\/wp-json\/wp\/v2\/tags?post=229578"}],"curies":[{"name":"wp","href":"https:\/\/api.w.org\/{rel}","templated":true}]}}