{"id":229616,"date":"2025-11-11T02:13:17","date_gmt":"2025-11-11T02:13:17","guid":{"rendered":"https:\/\/www.europesays.com\/es\/229616\/"},"modified":"2025-11-11T02:13:17","modified_gmt":"2025-11-11T02:13:17","slug":"amplian-las-partidas-para-contratar-dos-nuevas-sendas-ciclistas-en-burgos","status":"publish","type":"post","link":"https:\/\/www.europesays.com\/es\/229616\/","title":{"rendered":"Ampl\u00edan las partidas para contratar dos nuevas sendas ciclistas en Burgos"},"content":{"rendered":"<p><a class=\"v-mdl-ath__fig-a\" href=\"https:\/\/www.burgosconecta.es\/autor\/julio-cesar-rico-5332.html\" title=\"Julio C\u00e9sar Rico\" rel=\"nofollow noopener\" target=\"_blank\"><br \/>\n<img decoding=\"async\" class=\"v-mdl-ath__img\" src=\"https:\/\/www.europesays.com\/es\/wp-content\/uploads\/2025\/08\/autor-5332-foto-4.jpeg\" alt=\"Julio C\u00e9sar Rico\"\/><br \/>\n<\/a><\/p>\n<p class=\"v-mdl-ath__p v-mdl-ath__p--6\">\nDomingo, 9 de noviembre 2025, 18:49<\/p>\n<p class=\"v-p\">La Diputaci\u00f3n Provincial de Burgos tiene previsto contratar las obras de acondicionamiento y se\u00f1alizaci\u00f3n de dos itinerarios ciclistas dentro del Parque Natural Montes Obarenes, con una longitud de 38 kil\u00f3metros. Se trata de las rutas Pancorbo-Fuente de la salud, con 25 kil\u00f3metros y la ruta Miraveche-Obarenes de 13. <\/p>\n<p class=\"v-p\">Se trata de una actuaci\u00f3n que qued\u00f3 de cierta en junio. Tras constatar que los plazos y el importe global no respond\u00edan las condiciones clim\u00e1ticas esperables y la alta demanda de materiales y de mano de obra, la Diputaci\u00f3n elaborado un nuevo proyecto que sustituye al inicial.<\/p>\n<p class=\"v-p\">Con estas rutas se quiere favorecer \u00abel turismo sostenible de naturaleza y el deporte en el territorio\u00bb, fundamentalmente dirigido a la pr\u00e1ctica del ciclismo. La adecuaci\u00f3n y acondicionamiento de estas infraestructuras est\u00e1n dirigidas a constituirse \u00abcomo v\u00edas de transporte o de comunicaci\u00f3n\u00bb, de manera que supongan una alternativa al desplazamiento mediante el uso de combustibles f\u00f3siles.<\/p>\n<p class=\"v-p\">Por ello, la idea de la Diputaci\u00f3n de Burgos es que no sea su uso meramente deportivo, sino que prime el uso sostenible de los espacios en los entornos rurales y naturales y se conviertan en v\u00edas de comunicaci\u00f3n ordinarias, usando el transporte de la bicicleta<\/p>\n<p class=\"v-p\">Para ello, la Diputaci\u00f3n ha hecho una reserva presupuestaria de 171.600 euros que va a ser totalmente financiada con fondos europeos Next Generation. El plazo previsto por la Instituci\u00f3n provincial para realizar esta obra es de cinco meses a partir de la firma del contrato.<\/p>\n<p class=\"v-p\">El plazo de ejecuci\u00f3n del Plan de Sostenibilidad de Turismo en Destino (PSTD) finaliza el 30 de abril de 2026, y el periodo de ejecuci\u00f3n y de los pagos reales y efectivos deber\u00e1n ser realizados como m\u00e1ximo el 30 de mayo de 2026.<\/p>\n<p class=\"v-p\">Los objetivos de este plan son proporcionar itinerarios ciclistas de baja dificultad aprovechando la densa red de caminos y proporcionar una se\u00f1alizaci\u00f3n para la orientaci\u00f3n del ciclista. De esta manera, se quiere aprovechar los senderos existentes en el territorio y acondicionarlos en donde sea necesario<\/p>\n<p class=\"v-p\">En los \u00faltimos a\u00f1os han sido varias las iniciativas que se han llevado a cabo para fomentar la promoci\u00f3n, y el uso p\u00fablico y recreativo dentro del Parque Natural de Montes Obarenes-San Zadornil. Con ello, la Diputaci\u00f3n quiere \u00abmejorar la oferta de actividades\u00bb y como su calidad. En este sentido, se plantea como l\u00ednea de trabajo incrementar la oferta de rutas se\u00f1alizadas, especialmente dirigidos al fomento de la bicicleta como elemento de transporte.<\/p>\n<p class=\"v-p\">Gran parte de las actuaciones se realizan dentro de Montes de Utilidad P\u00fablica (MUP), que albergan una gran variedad de formaciones arbustivas que dan singularidad a dicho paisaje, junto con las formaciones geol\u00f3gicas propias de las monta\u00f1as del norte burgal\u00e9s.<\/p>\n<p>Reporta un error<\/p>\n","protected":false},"excerpt":{"rendered":"Domingo, 9 de noviembre 2025, 18:49 La Diputaci\u00f3n Provincial de Burgos tiene previsto contratar las obras de acondicionamiento&hellip;\n","protected":false},"author":2,"featured_media":229617,"comment_status":"","ping_status":"","sticky":false,"template":"","format":"standard","meta":{"footnotes":""},"categories":[273],"tags":[19363,313,2838,37140,312,168,7821,1563,25,24,2860,60266,11834,23,167],"class_list":{"0":"post-229616","1":"post","2":"type-post","3":"status-publish","4":"format-standard","5":"has-post-thumbnail","7":"category-ciclismo","8":"tag-amplia","9":"tag-ciclismo","10":"tag-ciclistas","11":"tag-contratar","12":"tag-cycling","13":"tag-deportes","14":"tag-diputacion","15":"tag-dos","16":"tag-es","17":"tag-espana","18":"tag-nuevas","19":"tag-partidas","20":"tag-sendas","21":"tag-spain","22":"tag-sports"},"share_on_mastodon":{"url":"https:\/\/pubeurope.com\/@es\/115528650162169486","error":""},"_links":{"self":[{"href":"https:\/\/www.europesays.com\/es\/wp-json\/wp\/v2\/posts\/229616","targetHints":{"allow":["GET"]}}],"collection":[{"href":"https:\/\/www.europesays.com\/es\/wp-json\/wp\/v2\/posts"}],"about":[{"href":"https:\/\/www.europesays.com\/es\/wp-json\/wp\/v2\/types\/post"}],"author":[{"embeddable":true,"href":"https:\/\/www.europesays.com\/es\/wp-json\/wp\/v2\/users\/2"}],"replies":[{"embeddable":true,"href":"https:\/\/www.europesays.com\/es\/wp-json\/wp\/v2\/comments?post=229616"}],"version-history":[{"count":0,"href":"https:\/\/www.europesays.com\/es\/wp-json\/wp\/v2\/posts\/229616\/revisions"}],"wp:featuredmedia":[{"embeddable":true,"href":"https:\/\/www.europesays.com\/es\/wp-json\/wp\/v2\/media\/229617"}],"wp:attachment":[{"href":"https:\/\/www.europesays.com\/es\/wp-json\/wp\/v2\/media?parent=229616"}],"wp:term":[{"taxonomy":"category","embeddable":true,"href":"https:\/\/www.europesays.com\/es\/wp-json\/wp\/v2\/categories?post=229616"},{"taxonomy":"post_tag","embeddable":true,"href":"https:\/\/www.europesays.com\/es\/wp-json\/wp\/v2\/tags?post=229616"}],"curies":[{"name":"wp","href":"https:\/\/api.w.org\/{rel}","templated":true}]}}