{"id":229621,"date":"2025-11-11T02:17:09","date_gmt":"2025-11-11T02:17:09","guid":{"rendered":"https:\/\/www.europesays.com\/es\/229621\/"},"modified":"2025-11-11T02:17:09","modified_gmt":"2025-11-11T02:17:09","slug":"andy-desvela-si-la-letra-de-su-nuevo-single-marioneta-habla-de-lucas-a-ver-me-vais-a-meter-en-un-lio","status":"publish","type":"post","link":"https:\/\/www.europesays.com\/es\/229621\/","title":{"rendered":"Andy desvela si la letra de su nuevo single, &#8216;Marioneta&#8217;, habla de Lucas: \u00abA ver&#8230; me vais a meter en un l\u00edo\u00bb"},"content":{"rendered":"<p><a class=\"v-mdl-ath__fig-a\" href=\"https:\/\/www.elcorreo.com\/autor\/marina-leon-6788.html\" title=\"Marina Le\u00f3n\" rel=\"nofollow noopener\" target=\"_blank\"><br \/>\n<img decoding=\"async\" class=\"v-mdl-ath__img\" src=\"https:\/\/www.europesays.com\/es\/wp-content\/uploads\/2025\/09\/autor-6788-foto-1.jpeg\" alt=\"Marina Le\u00f3n\"\/><br \/>\n<\/a><\/p>\n<p class=\"v-mdl-ath__p v-mdl-ath__p--6\">\nLunes, 10 de noviembre 2025, 22:48<\/p>\n<p class=\"v-p\">La guerra entre Andy y Lucas ha protagonizado decenas de titulares durante los \u00faltimos meses. Sus diferencias irreconciliables terminaron con la disoluci\u00f3n del grupo gaditano -con discusiones y problemas econ\u00f3micos de por medio- tras m\u00e1s de dos d\u00e9cadas de trayectoria. Ahora, Andy acaba de despegar su propia carrera en solitario y visit\u00f3 &#8216;El Hormiguero&#8217; el lunes para presentar su primer single, &#8216;Marioneta&#8217;, que formar\u00e1 parte de su nuevo \u00e1lbum &#8216;Solo&#8217;. Estos d\u00edas se ha hablado sobre si la letra de la canci\u00f3n, con frases tan demoledoras como \u00abt\u00fa no quieres a nadie, tan solo a tu ego\u00edsmo\u00bb, \u00abolv\u00eddate de m\u00ed porque para ti no existo\u00bb o \u00ab\u00bfQui\u00e9n eres t\u00fa para jugar con mis sue\u00f1os?\u00bb, es un dardo dirigido a su excompa\u00f1ero.<\/p>\n<p class=\"v-p\">\u00abTodav\u00eda se me hace raro estar aqu\u00ed porque son muchos a\u00f1os con la otra parte\u00bb, asegur\u00f3 el entrevistado nada m\u00e1s sentarse junto a Pablo Motos. El presentador fue directo al grano y, tras preguntarle por su nuevo proyecto, quiso saber c\u00f3mo estaba la cosa con su excompa\u00f1ero musical. En primer lugar, Andy afirm\u00f3 que sigue manteniendo contacto con la familia de Lucas \u00aby s\u00e9 que todo esto no es plato de buen gusto para ellos\u00bb. Tambi\u00e9n confes\u00f3 que todo esto es un c\u00famulo de muchas cosas y que lleg\u00f3 un momento en el que se desilusion\u00f3. \u00abFui perdiendo mi parte musical, desaparec\u00ed. A \u00e9l no le gustaba c\u00f3mo montaba los temas as\u00ed que yo iba al estudio, hac\u00eda mi voz y se acab\u00f3\u00bb, explic\u00f3 y asegur\u00f3 que ahora \u00abestoy haciendo el disco con el que siempre he so\u00f1ado\u00bb.<\/p>\n<p class=\"v-p\">En cuanto a la canci\u00f3n y todos los rumores que han salido a la luz durante las \u00faltimas semanas, Andy decidi\u00f3 mojarse: \u00abes un desamor y son historias del pasado\u00bb, dijo en un primer momento. \u00abEntonces, \u00bfno te has hecho un Shakira?\u00bb, insisti\u00f3 Motos. \u00abA ver&#8230; me vais a meter en un l\u00edo. Es verdad que se habla de cosas parecidas a lo que me ha pasado ahora y de lo que he podido sentir. Es un desamor y lo que pasa es que la letra ha coincidido con esta historia, pero no tiene nada que ver\u00bb, apunt\u00f3 el entrevistado entre risas y visiblemente nervioso. \u00abNo voy a apretar m\u00e1s\u00bb, a\u00f1adi\u00f3 el de Requena.<\/p>\n<p>\u00abLucas no me puso como coautor\u00bb<\/p>\n<p class=\"v-p\">Haciendo un repaso por sus 22 a\u00f1os de relaci\u00f3n musical, cont\u00f3 que \u00abha habido momentos muy tensos y malos, pero a Lucas le tengo que agradecer muchas cosas\u00bb, se\u00f1al\u00f3. \u00abMe ayud\u00f3 econ\u00f3micamente y ha estado a mi lado\u00bb, destac\u00f3. Los roces entre ambos artistas comenzaron con una de sus primeras canciones, &#8216;Son de amores&#8217;. \u00abMe dijo que hiciera yo la m\u00fasica y en el momento de registrarla, no me puso como coautor. As\u00ed que despu\u00e9s de 23 a\u00f1os ese dinero no lo he visto\u00bb, confes\u00f3. Aun as\u00ed, \u00ablos momentos m\u00e1s dif\u00edciles de nuestra carrera los he vivido en los \u00faltimos a\u00f1os\u00bb, dijo y habl\u00f3 de la pelea que protagonizaron tras un concierto en mayo. \u00abF\u00edsicamente no nos tocamos, pero fue muy desagradable. Su padre falleci\u00f3 hace unos a\u00f1os, a su madre le dio un ictus, peridi\u00f3 a su hermano&#8230; y he intentado entenderle\u00bb. Entre otras cosas, el gaditano desvel\u00f3 que \u00abnunca he recibido un duro de las escuchas de Spotify ni de YouTube\u00bb. Cuando el d\u00fao se desvincul\u00f3 de Sony en 2014, \u00abLucas se hizo cargo de todo y yo no ve\u00eda las cuentas. Confiaba en su palabra\u00bb.<\/p>\n<p class=\"v-p\">Andy y Lucas visitaron el programa de Antena 3 por \u00faltima vez el pasado mes de enero. Uno de los temas que se abordaron fue el de la nariz del cantante. \u00abCont\u00f3 que era porque le operaron y no sigui\u00f3 las indicaciones de los m\u00e9dicos, \u00bfqu\u00e9 pas\u00f3 en realidad?\u00bb, pregunt\u00f3 Motos. \u00abA m\u00ed me dijo eso, que no se hab\u00eda hecho las curas. Despu\u00e9s fue empeorando y \u00e9l me segu\u00eda contando esa versi\u00f3n, pero no s\u00e9 realmente la verdad. Tengo mis sospechas igual que todo el mundo\u00bb, subray\u00f3 Andy. Por \u00faltimo, en cuanto a c\u00f3mo est\u00e1 actualmente la relaci\u00f3n entre ellos, el invitado dijo que no hablan desde la trifulca que tuvieron en mayo. \u00abTerminamos la gira y cada uno por su lado\u00bb, concluy\u00f3.<\/p>\n<p>Reporta un error<\/p>\n","protected":false},"excerpt":{"rendered":"Lunes, 10 de noviembre 2025, 22:48 La guerra entre Andy y Lucas ha protagonizado decenas de titulares durante&hellip;\n","protected":false},"author":2,"featured_media":229622,"comment_status":"","ping_status":"","sticky":false,"template":"","format":"standard","meta":{"footnotes":""},"categories":[174],"tags":[16221,255,4083,146,147,25,24,256,4596,8126,12266,7357,60268,20702,524,19655,23,60269,809],"class_list":{"0":"post-229621","1":"post","2":"type-post","3":"status-publish","4":"format-standard","5":"has-post-thumbnail","7":"category-famosos","8":"tag-andy","9":"tag-celebrities","10":"tag-desvela","11":"tag-entertainment","12":"tag-entretenimiento","13":"tag-es","14":"tag-espana","15":"tag-famosos","16":"tag-habla","17":"tag-letra","18":"tag-lio","19":"tag-lucas","20":"tag-marioneta","21":"tag-meter","22":"tag-nuevo","23":"tag-single","24":"tag-spain","25":"tag-vais","26":"tag-ver"},"share_on_mastodon":{"url":"https:\/\/pubeurope.com\/@es\/115528665836075641","error":""},"_links":{"self":[{"href":"https:\/\/www.europesays.com\/es\/wp-json\/wp\/v2\/posts\/229621","targetHints":{"allow":["GET"]}}],"collection":[{"href":"https:\/\/www.europesays.com\/es\/wp-json\/wp\/v2\/posts"}],"about":[{"href":"https:\/\/www.europesays.com\/es\/wp-json\/wp\/v2\/types\/post"}],"author":[{"embeddable":true,"href":"https:\/\/www.europesays.com\/es\/wp-json\/wp\/v2\/users\/2"}],"replies":[{"embeddable":true,"href":"https:\/\/www.europesays.com\/es\/wp-json\/wp\/v2\/comments?post=229621"}],"version-history":[{"count":0,"href":"https:\/\/www.europesays.com\/es\/wp-json\/wp\/v2\/posts\/229621\/revisions"}],"wp:featuredmedia":[{"embeddable":true,"href":"https:\/\/www.europesays.com\/es\/wp-json\/wp\/v2\/media\/229622"}],"wp:attachment":[{"href":"https:\/\/www.europesays.com\/es\/wp-json\/wp\/v2\/media?parent=229621"}],"wp:term":[{"taxonomy":"category","embeddable":true,"href":"https:\/\/www.europesays.com\/es\/wp-json\/wp\/v2\/categories?post=229621"},{"taxonomy":"post_tag","embeddable":true,"href":"https:\/\/www.europesays.com\/es\/wp-json\/wp\/v2\/tags?post=229621"}],"curies":[{"name":"wp","href":"https:\/\/api.w.org\/{rel}","templated":true}]}}