{"id":229771,"date":"2025-11-11T04:28:20","date_gmt":"2025-11-11T04:28:20","guid":{"rendered":"https:\/\/www.europesays.com\/es\/229771\/"},"modified":"2025-11-11T04:28:20","modified_gmt":"2025-11-11T04:28:20","slug":"elpuerto-de-santa-maria-el-alcalde-german-beardo-presenta-la-media-maraton-el-puerto-2026-que-celebrara-su-segunda-edicion-el-17-de-mayo","status":"publish","type":"post","link":"https:\/\/www.europesays.com\/es\/229771\/","title":{"rendered":"#ElPuerto de Santa Mar\u00eda &#8211; El alcalde Germ\u00e1n Beardo presenta la Media Marat\u00f3n El Puerto 2026, que celebrar\u00e1 su segunda edici\u00f3n el 17 de mayo"},"content":{"rendered":"<p>El alcalde de El Puerto de Santa Mar\u00eda, Germ\u00e1n Beardo, acompa\u00f1ado por el concejal de Deportes, Jos\u00e9 Ignacio Gonz\u00e1lez, ha presentado oficialmente la Media Marat\u00f3n El Puerto 2026, cuya segunda edici\u00f3n se disputar\u00e1 el domingo 17 de mayo de 2026, a partir de las 8:30 horas, con salida y meta en el Centro Comercial El Paseo.<\/p>\n<p>La prueba, de 21.097 metros por asfalto y con tr\u00e1fico cerrado, est\u00e1 organizada por Runnink en colaboraci\u00f3n con el Ayuntamiento de El Puerto de Santa Mar\u00eda y la Diputaci\u00f3n de C\u00e1diz, y aspira a consolidarse como una de las grandes citas del calendario deportivo provincial.<\/p>\n<p>El alcalde Germ\u00e1n Beardo destac\u00f3 que \u201cla Media Marat\u00f3n El Puerto proyecta la imagen de nuestra ciudad y fomenta h\u00e1bitos saludables entre nuestros vecinos y visitantes\u201d. El regidor a\u00f1adi\u00f3 que \u201cnuestro objetivo es seguir creciendo y ofrecer a los corredores una experiencia \u00fanica, que combine deporte, turismo y sostenibilidad, situando a El Puerto como referente del running en la provincia\u201d.<\/p>\n<p>Por su parte, el concejal de Deportes, Jos\u00e9 Ignacio Gonz\u00e1lez, se\u00f1al\u00f3 que \u201cesta segunda edici\u00f3n es el resultado del esfuerzo conjunto de muchas personas y entidades, y demuestra que El Puerto cuenta con la capacidad organizativa y el entusiasmo necesarios para acoger pruebas de primer nivel\u201d. A\u00f1adi\u00f3 que \u201cseguimos trabajando para que los deportistas cuenten con un recorrido seguro, atractivo y bien atendido\u201d.<\/p>\n<p>En el transcurso del acto, se hizo entrega de un cheque de 3.175 euros a la Asamblea Local de Cruz Roja en El Puerto, procedente de parte de la recaudaci\u00f3n de la edici\u00f3n 2025, gesto que refleja el compromiso solidario de la organizaci\u00f3n con las entidades sociales de la ciudad.<\/p>\n<p><strong>Inscripciones y detalles de la prueba<\/strong><\/p>\n<p>Las inscripciones se realizar\u00e1n exclusivamente a trav\u00e9s de la web <a href=\"https:\/\/www.runnink.com\" target=\"_blank\" rel=\"noopener noreferrer nofollow\"><strong>www.runnink.com<\/strong><\/a><\/p>\n<p>y estar\u00e1n abiertas hasta el 1 de mayo de 2026 a las 23:59 horas o hasta alcanzar el l\u00edmite de 3.000 dorsales. Las tarifas de inscripci\u00f3n se incrementar\u00e1n progresivamente en funci\u00f3n de la fecha o del n\u00famero de dorsales asignados. A todas se a\u00f1adir\u00e1 un recargo de 0,60 euros en concepto de gastos de gesti\u00f3n.<\/p>\n<p>La carrera contar\u00e1 con categor\u00edas masculinas y femeninas desde Senior A (18 a 23 a\u00f1os) hasta Master E (70 a\u00f1os en adelante), y se entregar\u00e1n trofeos a los tres primeros clasificados de la general y de cada categor\u00eda.<\/p>\n<p>Los participantes contar\u00e1n con una camiseta conmemorativa de alta calidad de la marca 42krunning, disponible en tres modelos diferentes a elegir hasta el 28 de diciembre de 2025.<\/p>\n<p>Adem\u00e1s, la organizaci\u00f3n dispondr\u00e1 de liebres oficiales con ritmos de 1h25\u2019, 1h30\u2019, 1h40\u2019, 1h45\u2019, 1h50\u2019 y 2h00\u2019, avituallamientos en los kil\u00f3metros 5, 10, 15 y 18, y servicios de guardarropa, aseos y cronometraje con chip desechable.<\/p>\n<p>El recorrido estrenar\u00e1 un nuevo trazado totalmente urbano y accesible, dise\u00f1ado para ofrecer una experiencia m\u00e1s atractiva y din\u00e1mica a los participantes. La Media Marat\u00f3n discurrir\u00e1 por el casco hist\u00f3rico de El Puerto, con animaci\u00f3n y paso por algunos de los puntos m\u00e1s emblem\u00e1ticos de la ciudad, y continuar\u00e1 por un tramo de costa con vistas al mar, donde se espera una mayor presencia de p\u00fablico y un ambiente festivo. Adem\u00e1s, el circuito contar\u00e1 con amplias zonas de aparcamiento y cortes de tr\u00e1fico garantizados para asegurar la seguridad de corredores y espectadores.<\/p>\n<p>El alcalde Germ\u00e1n Beardo subray\u00f3 finalmente que \u201cla implicaci\u00f3n del Ayuntamiento y de todas las instituciones colaboradoras busca que esta segunda edici\u00f3n sea un referente en organizaci\u00f3n, participaci\u00f3n y disfrute para todos\u201d, animando a los deportistas de toda la provincia a inscribirse y participar \u201cen una cita que volver\u00e1 a convertir las calles de El Puerto en un aut\u00e9ntico escenario deportivo\u201d.<\/p>\n","protected":false},"excerpt":{"rendered":"El alcalde de El Puerto de Santa Mar\u00eda, Germ\u00e1n Beardo, acompa\u00f1ado por el concejal de Deportes, Jos\u00e9 Ignacio&hellip;\n","protected":false},"author":2,"featured_media":229772,"comment_status":"","ping_status":"","sticky":false,"template":"","format":"standard","meta":{"footnotes":""},"categories":[5],"tags":[60293,3076,1201,17,18,5446,25,24,13,14,49666,11,19,20,55433,9,10,15,16,60292,23,12,21,22],"class_list":{"0":"post-229771","1":"post","2":"type-post","3":"status-publish","4":"format-standard","5":"has-post-thumbnail","7":"category-titulares","8":"tag-17-de-mayo","9":"tag-3076","10":"tag-alcalde","11":"tag-breaking-news","12":"tag-breakingnews","13":"tag-el-puerto","14":"tag-es","15":"tag-espana","16":"tag-featured-news","17":"tag-featurednews","18":"tag-german-beardo","19":"tag-headlines","20":"tag-latest-news","21":"tag-latestnews","22":"tag-media-maraton","23":"tag-news","24":"tag-noticias","25":"tag-noticias-destacadas","26":"tag-noticiasdestacadas","27":"tag-segunda-edicion","28":"tag-spain","29":"tag-titulares","30":"tag-ultimas-noticias","31":"tag-ultimasnoticias"},"share_on_mastodon":{"url":"https:\/\/pubeurope.com\/@es\/115529180962711150","error":""},"_links":{"self":[{"href":"https:\/\/www.europesays.com\/es\/wp-json\/wp\/v2\/posts\/229771","targetHints":{"allow":["GET"]}}],"collection":[{"href":"https:\/\/www.europesays.com\/es\/wp-json\/wp\/v2\/posts"}],"about":[{"href":"https:\/\/www.europesays.com\/es\/wp-json\/wp\/v2\/types\/post"}],"author":[{"embeddable":true,"href":"https:\/\/www.europesays.com\/es\/wp-json\/wp\/v2\/users\/2"}],"replies":[{"embeddable":true,"href":"https:\/\/www.europesays.com\/es\/wp-json\/wp\/v2\/comments?post=229771"}],"version-history":[{"count":0,"href":"https:\/\/www.europesays.com\/es\/wp-json\/wp\/v2\/posts\/229771\/revisions"}],"wp:featuredmedia":[{"embeddable":true,"href":"https:\/\/www.europesays.com\/es\/wp-json\/wp\/v2\/media\/229772"}],"wp:attachment":[{"href":"https:\/\/www.europesays.com\/es\/wp-json\/wp\/v2\/media?parent=229771"}],"wp:term":[{"taxonomy":"category","embeddable":true,"href":"https:\/\/www.europesays.com\/es\/wp-json\/wp\/v2\/categories?post=229771"},{"taxonomy":"post_tag","embeddable":true,"href":"https:\/\/www.europesays.com\/es\/wp-json\/wp\/v2\/tags?post=229771"}],"curies":[{"name":"wp","href":"https:\/\/api.w.org\/{rel}","templated":true}]}}