{"id":229777,"date":"2025-11-11T04:38:10","date_gmt":"2025-11-11T04:38:10","guid":{"rendered":"https:\/\/www.europesays.com\/es\/229777\/"},"modified":"2025-11-11T04:38:10","modified_gmt":"2025-11-11T04:38:10","slug":"rosalia-defiende-a-melendi-en-la-revuelta-canta-bien","status":"publish","type":"post","link":"https:\/\/www.europesays.com\/es\/229777\/","title":{"rendered":"Rosal\u00eda defiende a Melendi en &#8216;La Revuelta&#8217;: \u00abCanta bien\u00bb"},"content":{"rendered":"<p><img fetchpriority=\"high\" class=\"v-a-img\" src=\"https:\/\/www.europesays.com\/es\/wp-content\/uploads\/2025\/11\/rosalia-la-revuelta-melendi-broncano-kEDF-U240186223851gGF-1200x840@El Comercio.jpg\" loading=\"eager\" decoding=\"async\" alt=\"Rosal\u00eda corta la tarta que ha cocinado ella misma para el p\u00fablico de 'La Revuelta'.\"  width=\"1200\" height=\"840\"\/><\/p>\n<p>Rosal\u00eda corta la tarta que ha cocinado ella misma para el p\u00fablico de &#8216;La Revuelta&#8217;.          TVE        <\/p>\n<p>La artista ha presentado su cuarto disco en el programa de David Broncano, que no ha perdido la oportunidad para lanzar un dardo al cantante asturiano<\/p>\n<p class=\"v-mdl-ath__p v-mdl-ath__p--6\">\nLunes, 10 de noviembre 2025, 22:51<\/p>\n<p class=\"v-p\"><a href=\"https:\/\/www.elcomercio.es\/culturas\/musica\/rosalia-perla-rauw-alejandro-indirectas-letra-20251110195316-nt.html\" data-voc-vtm-id=\"in-text-traffic\" title=\"Rosal\u00eda\" data-mrf-link=\"www.elcomercio.es\" rel=\"nofollow noopener\" target=\"_blank\">Rosal\u00eda<\/a> ha enloquecido al p\u00fablico de &#8216;La revuelta&#8217;. La artista ha decidido visitar a David Broncano en su primera aparici\u00f3n en un programa de televisi\u00f3n desde el estreno de &#8216;Lux&#8217;, su nuevo disco. La cantante ha hablado de todo e, incluso, ha mostrado sus dotes de cocinera con el bizcocho que ella misma horne\u00f3 para el p\u00fablico. Pero como no pod\u00eda ser de otra forma, la catalana deleit\u00f3 a la audiencia del programa de Televisi\u00f3n Espa\u00f1ola cantando unos versos de &#8216;La Perla&#8217;, canci\u00f3n que posiblemente dedique a Rauw Alejandro. Lo hizo muy bien, pese a que ella misma reconoc\u00eda que no hab\u00eda calentado. <\/p>\n<p class=\"v-p\">Tras ello, confes\u00f3 que despu\u00e9s del programa ten\u00eda que acudir a clases de canto. \u00abRosal\u00eda va a clases de canto y Melendi no\u00bb, bromeaba Broncano. Ese comentario llev\u00f3 a la artista a alabar al asturiano. \u00abMelendi canta bien, cada uno tiene est\u00e9ticas y t\u00e9cnicas diferentes\u00bb, defendi\u00f3 la cantante. <\/p>\n<p>&#8216;La Perla&#8217;, \u00bfun dardo a Rauw Alejandro?<\/p>\n<p class=\"v-p\"><a href=\"https:\/\/www.elcomercio.es\/culturas\/musica\/berghain-cancion-rosalia-lux-referencias-discoteca-religion-blancanieves-20251027191939-nt.html\" data-voc-vtm-id=\"in-text-traffic\" title=\"Rosal\u00eda\" data-mrf-link=\"www.elcomercio.es\" rel=\"nofollow noopener\" target=\"_blank\">Rosal\u00eda<\/a> se ha quedado a gusto en <a href=\"https:\/\/www.elcomercio.es\/culturas\/musica\/canciones-lux-suena-segun-rosalia-20251106143118-ntrc.html\" data-voc-vtm-id=\"in-text-traffic\" title=\"&#039;Lux&#039;\" data-mrf-link=\"www.elcomercio.es\" rel=\"nofollow noopener\" target=\"_blank\">&#8216;Lux&#8217;<\/a>. Una de las canciones m\u00e1s escuchadas de su nuevo disco es &#8216;La Perla&#8217;, un tema dedicado a un \u00abterrorista emocional\u00bb, \u00abrompecorazones nacional\u00bb, \u00abcampo de minas\u00bb para su sensibilidad y un largo etc\u00e9tera de t\u00e9rminos que describen a la perfecci\u00f3n al ganador de la \u00abmedalla ol\u00edmpica de oro al m\u00e1s cabr\u00f3n\u00bb. Aunque no hay confirmaci\u00f3n oficial por parte de la artista ni de su entorno, no son pocos los fans que tienen muy claro que <a href=\"https:\/\/www.elcomercio.es\/gente-estilo\/rauw-alejandro-pone-venta-masia-manresa-20240404132955-ntrc.html\" data-voc-vtm-id=\"in-text-traffic\" title=\"Rauw Alejandro\" data-mrf-link=\"www.elcomercio.es\" rel=\"nofollow noopener\" target=\"_blank\">Rauw Alejandro<\/a> es el \u00abladr\u00f3n de paz\u00bb al que se refiere la cantante. Y no son pocos los argumentos que esgrimen para defender esa conclusi\u00f3n, aunque el puertorrique\u00f1o ha tratado de desmentirlo. \u00abNo confundan los protagonistas. Esa pel\u00edcula pas\u00f3 hace rato\u00bb, escribi\u00f3 el cantante tras el lanzamiento del disco. <\/p>\n<p>Reporta un error<\/p>\n","protected":false},"excerpt":{"rendered":"Rosal\u00eda corta la tarta que ha cocinado ella misma para el p\u00fablico de &#8216;La Revuelta&#8217;. TVE La artista&hellip;\n","protected":false},"author":2,"featured_media":229778,"comment_status":"","ping_status":"","sticky":false,"template":"","format":"standard","meta":{"footnotes":""},"categories":[174],"tags":[14649,36328,255,5443,146,147,25,24,256,5680,528,4147,23],"class_list":{"0":"post-229777","1":"post","2":"type-post","3":"status-publish","4":"format-standard","5":"has-post-thumbnail","7":"category-famosos","8":"tag-bien","9":"tag-canta","10":"tag-celebrities","11":"tag-defiende","12":"tag-entertainment","13":"tag-entretenimiento","14":"tag-es","15":"tag-espana","16":"tag-famosos","17":"tag-melendi","18":"tag-revuelta","19":"tag-rosalia","20":"tag-spain"},"share_on_mastodon":{"url":"https:\/\/pubeurope.com\/@es\/115529220326436013","error":""},"_links":{"self":[{"href":"https:\/\/www.europesays.com\/es\/wp-json\/wp\/v2\/posts\/229777","targetHints":{"allow":["GET"]}}],"collection":[{"href":"https:\/\/www.europesays.com\/es\/wp-json\/wp\/v2\/posts"}],"about":[{"href":"https:\/\/www.europesays.com\/es\/wp-json\/wp\/v2\/types\/post"}],"author":[{"embeddable":true,"href":"https:\/\/www.europesays.com\/es\/wp-json\/wp\/v2\/users\/2"}],"replies":[{"embeddable":true,"href":"https:\/\/www.europesays.com\/es\/wp-json\/wp\/v2\/comments?post=229777"}],"version-history":[{"count":0,"href":"https:\/\/www.europesays.com\/es\/wp-json\/wp\/v2\/posts\/229777\/revisions"}],"wp:featuredmedia":[{"embeddable":true,"href":"https:\/\/www.europesays.com\/es\/wp-json\/wp\/v2\/media\/229778"}],"wp:attachment":[{"href":"https:\/\/www.europesays.com\/es\/wp-json\/wp\/v2\/media?parent=229777"}],"wp:term":[{"taxonomy":"category","embeddable":true,"href":"https:\/\/www.europesays.com\/es\/wp-json\/wp\/v2\/categories?post=229777"},{"taxonomy":"post_tag","embeddable":true,"href":"https:\/\/www.europesays.com\/es\/wp-json\/wp\/v2\/tags?post=229777"}],"curies":[{"name":"wp","href":"https:\/\/api.w.org\/{rel}","templated":true}]}}