{"id":229806,"date":"2025-11-11T05:04:07","date_gmt":"2025-11-11T05:04:07","guid":{"rendered":"https:\/\/www.europesays.com\/es\/229806\/"},"modified":"2025-11-11T05:04:07","modified_gmt":"2025-11-11T05:04:07","slug":"masterchef-celebrity-ya-tiene-a-sus-finalistas-tras-la-ultima-expulsion-te-ha-faltado-creertelo","status":"publish","type":"post","link":"https:\/\/www.europesays.com\/es\/229806\/","title":{"rendered":"&#8216;MasterChef Celebrity&#8217; ya tiene a sus finalistas tras la \u00faltima expulsi\u00f3n: \u00abTe ha faltado cre\u00e9rtelo\u00bb"},"content":{"rendered":"<p class=\"c-paragraph\">En la semifinal de <b><a href=\"https:\/\/www.20minutos.es\/tags\/temas\/masterchef-celebrity.html\" title=\"MasterChef Celebrity\" rel=\"nofollow noopener\" target=\"_blank\">MasterChef Celebrity<\/a><\/b>, los concursantes nominados <b>Jos\u00e9 Manuel Parada, <a href=\"https:\/\/www.20minutos.es\/tags\/personas\/juanjo-bona-ot-2023.html\" title=\"Juanjo Bona OT 2023\" rel=\"nofollow noopener\" target=\"_blank\">Juanjo Bona<\/a> y <a href=\"https:\/\/www.20minutos.es\/tags\/deportes\/miguel-torres.html\" title=\"Miguel Torres\" rel=\"nofollow noopener\" target=\"_blank\">Miguel Torres<\/a><\/b> se enfrentaron a la <b>tensi\u00f3n de la eliminaci\u00f3n<\/b>. Mientras tanto, <b><a href=\"https:\/\/www.20minutos.es\/tags\/personas\/marilo-montero.html\" title=\"Maril\u00f3 Montero\" rel=\"nofollow noopener\" target=\"_blank\">Maril\u00f3 Montero<\/a><\/b> y Torito subieron a la galer\u00eda, fuera de peligro, y se aseguraron ser los <b>primeros finalistas<\/b> tras la prueba de exteriores.<\/p>\n<p class=\"c-paragraph\">Durante el reto, los aspirantes debieron <b>recrear platos de Mar Ib\u00e1\u00f1ez<\/b>, chef de 21 a\u00f1os con una <b>estrella Michel\u00edn<\/b>. <b><a href=\"https:\/\/www.20minutos.es\/tags\/personas\/pepe-rodriguez-rey.html\" title=\"Pepe Rodr\u00edguez Rey\" rel=\"nofollow noopener\" target=\"_blank\">Pepe Rodr\u00edguez<\/a><\/b> present\u00f3 a la joven cocinera: \u00abHa crecido viendo MasterChef y eso ha llamado a su vocaci\u00f3n\u00bb. La presi\u00f3n se notaba en cada detalle de la cocina, mientras todos buscaban impresionar al jurado.<\/p>\n<p class=\"c-paragraph\">Finalmente, Pepe Rodr\u00edguez anunci\u00f3 la decisi\u00f3n: \u00ab<b>El aspirante que no contin\u00faa en las cocinas de MasterChef es&#8230; Parada\u00bb.<\/b>\u00a0\u00ab\u00a1Qu\u00e9 sorpresa, no nos pegaba! Me est\u00e1is dando un disgusto\u00bb, dijo el afectado, de forma ir\u00f3nica. \u00abNosotros lo tenemos, Jos\u00e9 Manuel\u00bb, reconocieron su esfuerzo los jurados. \u00abNos lo has dado todo en estas once semanas. <b>Te ha faltado cre\u00e9rtelo, pero tienes capacidad para hacer eso y m\u00e1s<\/b>\u00ab, le animaron.<\/p>\n<p class=\"c-paragraph\">En su entrevista final, Parada <b>se mostr\u00f3 agradecido y emocionado<\/b>. \u00abYo ven\u00eda a este programa absolutamente nuevo para m\u00ed, me cuesta mucho acostumbrar mi paladar a esos sabores nuevos\u00bb, explic\u00f3. Tambi\u00e9n comparti\u00f3 momentos personales dif\u00edciles, como <b>renunciar a cuidar de su madre<\/b> y la pr\u00f3xima operaci\u00f3n de catarata que tiene pendiente, recibiendo palabras de apoyo del jurado: \u00abAhora vas a tener <b>todo el tiempo para ti, para tu gente<\/b>, para tus allegados\u00bb.<\/p>\n<p class=\"c-paragraph\">Antes de despedirse, Jos\u00e9 Manuel <b>elogi\u00f3 a sus compa\u00f1eros y se mostr\u00f3 positivo<\/b> de cara al futuro: \u00abPara m\u00ed el m\u00e1s completo de esta edici\u00f3n ha sido Torito. Una cosa r\u00e1pida te tengo que decir, que me lo he pasado. Esta edici\u00f3n se recordar\u00e1 un mont\u00f3n con lo que has hecho re\u00edr a la gente\u00bb.<\/p>\n<p class=\"c-paragraph\">Con su marcha, los finalistas siguen su camino hacia la gran final. <b>Maril\u00f3 Montero, Torito, Juanjo Bona y Miguel Torres<\/b> ser\u00e1n los cuatro concursantes que se enfrenten en la gran final de la edici\u00f3n Celebrity, que se celebrar\u00e1 el pr\u00f3ximo lunes en RTVE.<\/p>\n","protected":false},"excerpt":{"rendered":"En la semifinal de MasterChef Celebrity, los concursantes nominados Jos\u00e9 Manuel Parada, Juanjo Bona y Miguel Torres se&hellip;\n","protected":false},"author":2,"featured_media":229807,"comment_status":"","ping_status":"","sticky":false,"template":"","format":"standard","meta":{"footnotes":""},"categories":[171],"tags":[10109,146,147,25,24,15297,23,20899,2076,214,3352],"class_list":{"0":"post-229806","1":"post","2":"type-post","3":"status-publish","4":"format-standard","5":"has-post-thumbnail","7":"category-tv","8":"tag-celebrity","9":"tag-entertainment","10":"tag-entretenimiento","11":"tag-es","12":"tag-espana","13":"tag-masterchef","14":"tag-spain","15":"tag-sus","16":"tag-tiene","17":"tag-tv","18":"tag-ya"},"share_on_mastodon":{"url":"https:\/\/pubeurope.com\/@es\/115529322583272808","error":""},"_links":{"self":[{"href":"https:\/\/www.europesays.com\/es\/wp-json\/wp\/v2\/posts\/229806","targetHints":{"allow":["GET"]}}],"collection":[{"href":"https:\/\/www.europesays.com\/es\/wp-json\/wp\/v2\/posts"}],"about":[{"href":"https:\/\/www.europesays.com\/es\/wp-json\/wp\/v2\/types\/post"}],"author":[{"embeddable":true,"href":"https:\/\/www.europesays.com\/es\/wp-json\/wp\/v2\/users\/2"}],"replies":[{"embeddable":true,"href":"https:\/\/www.europesays.com\/es\/wp-json\/wp\/v2\/comments?post=229806"}],"version-history":[{"count":0,"href":"https:\/\/www.europesays.com\/es\/wp-json\/wp\/v2\/posts\/229806\/revisions"}],"wp:featuredmedia":[{"embeddable":true,"href":"https:\/\/www.europesays.com\/es\/wp-json\/wp\/v2\/media\/229807"}],"wp:attachment":[{"href":"https:\/\/www.europesays.com\/es\/wp-json\/wp\/v2\/media?parent=229806"}],"wp:term":[{"taxonomy":"category","embeddable":true,"href":"https:\/\/www.europesays.com\/es\/wp-json\/wp\/v2\/categories?post=229806"},{"taxonomy":"post_tag","embeddable":true,"href":"https:\/\/www.europesays.com\/es\/wp-json\/wp\/v2\/tags?post=229806"}],"curies":[{"name":"wp","href":"https:\/\/api.w.org\/{rel}","templated":true}]}}