{"id":229921,"date":"2025-11-11T06:46:08","date_gmt":"2025-11-11T06:46:08","guid":{"rendered":"https:\/\/www.europesays.com\/es\/229921\/"},"modified":"2025-11-11T06:46:08","modified_gmt":"2025-11-11T06:46:08","slug":"sateliot-inaugura-en-barcelona-el-primer-centro-europeo-de-desarrollo-de-satelites-5g-para-su-nueva-constelacion","status":"publish","type":"post","link":"https:\/\/www.europesays.com\/es\/229921\/","title":{"rendered":"Sateliot inaugura en Barcelona el primer Centro\u00a0Europeo de Desarrollo de Sat\u00e9lites 5G para su nueva constelaci\u00f3n"},"content":{"rendered":"<p>Sateliot, operador l\u00edder en telecomunicaciones satelitales IoT 5G, ha inaugurado en Barcelona el primer Centro Europeo de Desarrollo de Sat\u00e9lites 5G. La nueva instalaci\u00f3n marca el inicio de su fase industrial y refuerza con un proyecto tangible el liderazgo y la soberan\u00eda tecnol\u00f3gica de Europa en conectividad IoT 5G desde el espacio, adem\u00e1s de impulsar la creaci\u00f3n de m\u00e1s de 50 puestos de trabajo de alta cualificaci\u00f3n, lo que ha llevado a Sateliot a duplicar su plantilla en el \u00faltimo a\u00f1o.<\/p>\n<p>Situado en la <strong>nueva sede de la compa\u00f1\u00eda<\/strong> en el coraz\u00f3n de la ciudad condal, es el primero en Europa dedicado al dise\u00f1o, desarrollo y verificaci\u00f3n de sat\u00e9lites 5G bajo est\u00e1ndares comunes para todos los operadores m\u00f3viles (3GPP). Su puesta en marcha significa un fuerte impulso econ\u00f3mico, tecnol\u00f3gico y de talento para Catalu\u00f1a y Espa\u00f1a, situ\u00e1ndolas como polo de referencia del New Space a nivel mundial.<\/p>\n<p>El acto ha contado con la<strong> presencia de Salvador Illa, presidente de la Generalitat de Catalu\u00f1a<\/strong>; de Javier L\u00f3pez, vicepresidente del Parlamento Europeo; de Carlos Prieto G\u00f3mez, delegado del Gobierno en la Comunidad Aut\u00f3noma de Catalu\u00f1a; y de Juan Carlos Cort\u00e9s, director de la Agencia Espacial Espa\u00f1ola (AEE), entre otras autoridades, lo que evidencia el respaldo institucional de Catalu\u00f1a, Espa\u00f1a y Bruselas a este proyecto.<\/p>\n<p>Este impulso de las administraciones subraya la relevancia estrat\u00e9gica de una iniciativa ya testada para reforzar la autonom\u00eda tecnol\u00f3gica europea en \u00e1mbitos cr\u00edticos como la seguridad, la defensa o las comunicaciones. Hace apenas un mes, <strong><a href=\"https:\/\/actualidadaeroespacial.com\/sateliot-y-nordic-logran-la-primera-conexion-iot-5g-desde-satelites-europeos-en-orbita-baja\/\" target=\"_blank\" rel=\"noopener nofollow\">Sateliot alcanz\u00f3 un hito hist\u00f3rico al demostrar la primera conexi\u00f3n directa 5G-IoT del mundo desde el espacio con dispositivos IoT est\u00e1ndar.<\/a><\/strong><\/p>\n<p><strong>Nueva generaci\u00f3n de sat\u00e9lites<\/strong><\/p>\n<p>Este centro, que cuenta, entre otras funcionalidades, con una sala blanca de m\u00e1s de 100 metros cuadrados, una sala de operaciones y dos laboratorios, ser\u00e1 el lugar donde se dise\u00f1e el prototipo de la nueva generaci\u00f3n de sat\u00e9lites, denominada Trit\u00f3, en homenaje al trit\u00f3n del Montseny, una especie de anfibio end\u00e9mica de Catalu\u00f1a, como gui\u00f1o a una tecnolog\u00eda 100% hecha en Barcelona.<\/p>\n<p>Estos nuevos sat\u00e9lites de Sateliot, de cerca de <strong>cuatro metros de longitud y 150 kilos de peso,<\/strong> supondr\u00e1n un salto cualitativo en capacidad y rendimiento gracias a la mayor potencia operativa de su carga \u00fatil. No solo podr\u00e1n ofrecer conectividad a dispositivos IoT, sino que tambi\u00e9n ser\u00e1n capaces de conectar tel\u00e9fonos m\u00f3viles con servicios de datos, voz y v\u00eddeo. Adem\u00e1s, incorporan capacidad de uso dual, lo que permitir\u00e1 desplegar aplicaciones cr\u00edticas en \u00e1mbitos de seguridad, protecci\u00f3n civil y defensa.<\/p>\n<p>El n\u00facleo duro de accionistas de Sateliot, formado por el Gobierno de Espa\u00f1a -a trav\u00e9s de Sepides y la Sociedad Espa\u00f1ola de Transformaci\u00f3n Tecnol\u00f3gica (SETT)- Indra, Cellnex, Global Portfolio Investments e Hyperion Fund, est\u00e1 alineado con la gesti\u00f3n y planes de crecimiento de la compa\u00f1\u00eda.<\/p>\n<p>El plan de negocio de Sateliot fija como<strong> objetivo alcanzar los 1.000 millones de euros de ingresos en 2030.<\/strong> En 2026 arrancar\u00e1 la fase comercial, con los primeros 500 clientes y una aceleraci\u00f3n de la expansi\u00f3n a trav\u00e9s de las operadoras m\u00f3viles que integrar\u00e1n el roaming satelital. La compa\u00f1\u00eda ha lanzado ya seis sat\u00e9lites al espacio -los cuatro \u00faltimos en agosto de 2024- y prev\u00e9 poner en \u00f3rbita otros cinco en 2026.<\/p>\n<p>Seg\u00fan el CEO de Sateliot, Jaume Sanpera, \u201choy inauguramos una nueva etapa en la historia de nuestra compa\u00f1\u00eda. Una etapa en la que <strong>Catalu\u00f1a, Espa\u00f1a y Europa demuestran que est\u00e1n alineadas para liderar la conectividad 5G desde el espacio<\/strong>, con tecnolog\u00eda propia y ambici\u00f3n global. Una etapa que afrontamos con un rumbo claro marcado por est\u00e1ndares 3GPP, integraci\u00f3n total con los operadores m\u00f3viles, cobertura global, y servicios que funcionen igual en el puerto de Rotterdam, en los Pirineos o en mitad del Atl\u00e1ntico y, muy importante, en tiempo real\u201d.<\/p>\n","protected":false},"excerpt":{"rendered":"Sateliot, operador l\u00edder en telecomunicaciones satelitales IoT 5G, ha inaugurado en Barcelona el primer Centro Europeo de Desarrollo&hellip;\n","protected":false},"author":2,"featured_media":229922,"comment_status":"","ping_status":"","sticky":false,"template":"","format":"standard","meta":{"footnotes":""},"categories":[80],"tags":[82,60315,95,94,25,24,60308,23],"class_list":{"0":"post-229921","1":"post","2":"type-post","3":"status-publish","4":"format-standard","5":"has-post-thumbnail","7":"category-economia","8":"tag-business","9":"tag-centro-europeo-de-desarrollo-de-satelites-5g","10":"tag-economia","11":"tag-economy","12":"tag-es","13":"tag-espana","14":"tag-sateliot","15":"tag-spain"},"share_on_mastodon":{"url":"https:\/\/pubeurope.com\/@es\/115529723691664494","error":""},"_links":{"self":[{"href":"https:\/\/www.europesays.com\/es\/wp-json\/wp\/v2\/posts\/229921","targetHints":{"allow":["GET"]}}],"collection":[{"href":"https:\/\/www.europesays.com\/es\/wp-json\/wp\/v2\/posts"}],"about":[{"href":"https:\/\/www.europesays.com\/es\/wp-json\/wp\/v2\/types\/post"}],"author":[{"embeddable":true,"href":"https:\/\/www.europesays.com\/es\/wp-json\/wp\/v2\/users\/2"}],"replies":[{"embeddable":true,"href":"https:\/\/www.europesays.com\/es\/wp-json\/wp\/v2\/comments?post=229921"}],"version-history":[{"count":0,"href":"https:\/\/www.europesays.com\/es\/wp-json\/wp\/v2\/posts\/229921\/revisions"}],"wp:featuredmedia":[{"embeddable":true,"href":"https:\/\/www.europesays.com\/es\/wp-json\/wp\/v2\/media\/229922"}],"wp:attachment":[{"href":"https:\/\/www.europesays.com\/es\/wp-json\/wp\/v2\/media?parent=229921"}],"wp:term":[{"taxonomy":"category","embeddable":true,"href":"https:\/\/www.europesays.com\/es\/wp-json\/wp\/v2\/categories?post=229921"},{"taxonomy":"post_tag","embeddable":true,"href":"https:\/\/www.europesays.com\/es\/wp-json\/wp\/v2\/tags?post=229921"}],"curies":[{"name":"wp","href":"https:\/\/api.w.org\/{rel}","templated":true}]}}