{"id":229931,"date":"2025-11-11T06:56:11","date_gmt":"2025-11-11T06:56:11","guid":{"rendered":"https:\/\/www.europesays.com\/es\/229931\/"},"modified":"2025-11-11T06:56:11","modified_gmt":"2025-11-11T06:56:11","slug":"pieza-clave-en-el-red-bull-de-evenepoel-y-roglic-abandona-el-equipo-energetico-y-ficha-por-el-lidl-trek-de-juan-ayuso","status":"publish","type":"post","link":"https:\/\/www.europesays.com\/es\/229931\/","title":{"rendered":"Pieza clave en el Red-Bull de Evenepoel y Roglic abandona el equipo energ\u00e9tico y ficha por el Lidl-Trek de Juan Ayuso"},"content":{"rendered":"<p data-gtm-element-container=\"modulo-texto-link\" class=\"paragraph\">Sigue movidito el mercado ciclista, con algunas plazas tanto en las bici como en los coches siguen anunci\u00e1ndose incorporaciones y despedidas. Este lunes el <strong>equipo Lidl-Trek<\/strong>, que en la actualidad cuenta con 29 ciclistas, ha hecho oficial el fichaje del austr\u00edaco <strong>Bernie Eisel <\/strong>como director deportivo, despu\u00e9s de que se haya oficializado su salida del<strong> Red Bull-Bora-hansgrohe.<\/strong><\/p>\n<blockquote class=\"twitter-tweet\" data-lang=\"es\"><p>\n<a href=\"https:\/\/twitter.com\/LidlTrek\/status\/1987874510570135853\" rel=\"nofollow noopener\" target=\"_blank\">\n<\/p><\/blockquote>\n<p data-gtm-element-container=\"modulo-texto-link\" class=\"paragraph\">\u00abEl Lidl-Trek se complace en dar la bienvenida a Bernie Eisel (44 a\u00f1os) al equipo, donde asumir\u00e1 el cargo de Director Deportivo. Eisel cuenta con casi dos d\u00e9cadas de experiencia como ciclista profesional, seguidas de cuatro a\u00f1os en un puesto directivo en el Red Bull\u2013Bora-Hansgrohe\u00bb, explica de inicio la formaci\u00f3n estadounidense en su comunicado.<\/p>\n<p>        Lee tambi\u00e9n<\/p>\n<p>    Celes Piedrabuena<\/p>\n<p>             <img loading=\"lazy\" decoding=\"async\" data-full-src=\"https:\/\/www.mundodeportivo.com\/uploads\/2025\/06\/17\/68517b15ecace.jpeg\" alt=\"Merckx con Pogacar, por el que muestra u gran respeto y admiraci\u00f3n\" width=\"334\" height=\"164\" src=\"https:\/\/www.europesays.com\/es\/wp-content\/uploads\/2025\/11\/68517b15ecace.r_d.640-360.jpeg\" class=\"lazy\"\/><\/p>\n<p>        Lee tambi\u00e9n<\/p>\n<p>    Celes Piedrabuena<\/p>\n<p>             <img loading=\"lazy\" decoding=\"async\" data-full-src=\"https:\/\/www.mundodeportivo.com\/uploads\/2025\/11\/09\/69110e4da59bd.jpeg\" alt=\"El belga Toon Aerts celebrando su t\u00edtulo continental de CX este domingo\" width=\"334\" height=\"164\" src=\"https:\/\/www.europesays.com\/es\/wp-content\/uploads\/2025\/11\/69110e4da59bd.jpeg\" class=\"lazy\"\/><\/p>\n<p>        Lee tambi\u00e9n<\/p>\n<p>    Redacci\u00f3n<\/p>\n<p>             <img loading=\"lazy\" decoding=\"async\" data-full-src=\"https:\/\/www.mundodeportivo.com\/uploads\/2025\/11\/10\/6911ab019d238.jpeg\" alt=\"Mar\u00edn Rey dar\u00e1 el salto al \u00e1mbito profesional desde el Club Ciclista Padron\u00e9s-Cortizo, donde ha competido las \u00faltimas tres temporadas.\" width=\"334\" height=\"164\" src=\"https:\/\/www.europesays.com\/es\/wp-content\/uploads\/2025\/11\/6911ab019d238.r_d.685-308.jpeg\" class=\"lazy\"\/><\/p>\n<p data-gtm-element-container=\"modulo-texto-link\" class=\"paragraph\">Durante su carrera como ciclista, Eisel se consagr\u00f3 como uno de los corredores m\u00e1s respetados del pelot\u00f3n. Adem\u00e1s de contribuir a las numerosas victorias al sprint de <strong>Mark Cavendish<\/strong>, el propio palmar\u00e9s de Eisel incluye numerosos resultados destacados, entre ellos la victoria en la <strong>Gante\u2013Wevelgem<\/strong>. Fue profesional de 2001 a 2019, cuando dej\u00f3 la pr\u00e1ctica profesional del ciclismo tras cuatro a\u00f1os en el <strong>Team Dimension Data<\/strong> y de conseguir un total de 16 victorias.<\/p>\n<blockquote>\n<p>        \u201cMe atrajo Lidl-Trek por lo que el equipo ha logrado en los \u00faltimos a\u00f1os y el progreso que sigue haciendo.\u00a0Est\u00e1 atrayendo a muchos j\u00f3venes talentos y tiene excelentes grupos de velocistas\u00bb<\/p>\n<\/blockquote>\n<p data-gtm-element-container=\"modulo-texto-link\" class=\"paragraph\">\u201cMe atrajo Lidl-Trek por lo que el equipo ha logrado en los \u00faltimos a\u00f1os y el progreso que sigue haciendo\u201d, se\u00f1ala Bernie Eisel en el comunicado. \u201cEst\u00e1 atrayendo a muchos j\u00f3venes talentos y tiene excelentes grupos de velocistas. Desde mi \u00e9poca como comentarista, ver a<strong> Milan <\/strong>sprintar o a <strong>Mads Pedersen<\/strong> haciendo de las suyas es de lo mejor que se puede ver en el ciclismo moderno. Esos peque\u00f1os detalles fueron los que realmente me convencieron. La principal raz\u00f3n para unirme a Lidl-Trek fue volver a trabajar con <strong>Luca Guercilena<\/strong> (director general). Fue mi primer entrenador profesional cuando me un\u00ed a <strong>Mapei <\/strong>en 2001, as\u00ed que nos conocemos desde hace much\u00edsimo tiempo\u00bb.<\/p>\n<p data-gtm-element-container=\"modulo-texto-link\" class=\"paragraph\">Y en un ataque de sinceridad, Bernie Eisel admit\u00eda que \u00abestoy un poco nervioso, pero tambi\u00e9n tengo mucha curiosidad por esta nueva etapa de mi vida. Al mismo tiempo, estoy muy motivado para continuar este progreso y formar parte de la familia Lidl-Trek. En primer lugar, quiero entender c\u00f3mo funciona el equipo y conocer a las personas que a\u00fan no conozco, para construir juntos un grupo s\u00f3lido, que creo que es la clave del \u00e9xito de<strong> Lidl-Trek<\/strong>. Espero poder contribuir a ello y ayudarnos a seguir creciendo\u00bb.<\/p>\n<p><script async src=\"https:\/\/platform.twitter.com\/widgets.js\" charset=\"utf-8\"><\/script><\/p>\n","protected":false},"excerpt":{"rendered":"Sigue movidito el mercado ciclista, con algunas plazas tanto en las bici como en los coches siguen anunci\u00e1ndose&hellip;\n","protected":false},"author":2,"featured_media":229932,"comment_status":"","ping_status":"","sticky":false,"template":"","format":"standard","meta":{"footnotes":""},"categories":[273],"tags":[313,312,168,25,24,23,167],"class_list":{"0":"post-229931","1":"post","2":"type-post","3":"status-publish","4":"format-standard","5":"has-post-thumbnail","7":"category-ciclismo","8":"tag-ciclismo","9":"tag-cycling","10":"tag-deportes","11":"tag-es","12":"tag-espana","13":"tag-spain","14":"tag-sports"},"share_on_mastodon":{"url":"https:\/\/pubeurope.com\/@es\/115529763260368607","error":""},"_links":{"self":[{"href":"https:\/\/www.europesays.com\/es\/wp-json\/wp\/v2\/posts\/229931","targetHints":{"allow":["GET"]}}],"collection":[{"href":"https:\/\/www.europesays.com\/es\/wp-json\/wp\/v2\/posts"}],"about":[{"href":"https:\/\/www.europesays.com\/es\/wp-json\/wp\/v2\/types\/post"}],"author":[{"embeddable":true,"href":"https:\/\/www.europesays.com\/es\/wp-json\/wp\/v2\/users\/2"}],"replies":[{"embeddable":true,"href":"https:\/\/www.europesays.com\/es\/wp-json\/wp\/v2\/comments?post=229931"}],"version-history":[{"count":0,"href":"https:\/\/www.europesays.com\/es\/wp-json\/wp\/v2\/posts\/229931\/revisions"}],"wp:featuredmedia":[{"embeddable":true,"href":"https:\/\/www.europesays.com\/es\/wp-json\/wp\/v2\/media\/229932"}],"wp:attachment":[{"href":"https:\/\/www.europesays.com\/es\/wp-json\/wp\/v2\/media?parent=229931"}],"wp:term":[{"taxonomy":"category","embeddable":true,"href":"https:\/\/www.europesays.com\/es\/wp-json\/wp\/v2\/categories?post=229931"},{"taxonomy":"post_tag","embeddable":true,"href":"https:\/\/www.europesays.com\/es\/wp-json\/wp\/v2\/tags?post=229931"}],"curies":[{"name":"wp","href":"https:\/\/api.w.org\/{rel}","templated":true}]}}