{"id":230003,"date":"2025-11-11T07:48:55","date_gmt":"2025-11-11T07:48:55","guid":{"rendered":"https:\/\/www.europesays.com\/es\/230003\/"},"modified":"2025-11-11T07:48:55","modified_gmt":"2025-11-11T07:48:55","slug":"un-demoledor-informe-revela-adquisiciones-excesivas-falta-de-inversion-mala-gestion-y-debil-seguridad","status":"publish","type":"post","link":"https:\/\/www.europesays.com\/es\/230003\/","title":{"rendered":"un demoledor informe revela adquisiciones excesivas, falta de inversi\u00f3n, mala gesti\u00f3n y d\u00e9bil seguridad"},"content":{"rendered":"<p>Cuando se cumplen dos semanas del <a href=\"https:\/\/www.clarin.com\/mundo\/robo-louvre-adn-videovigilancia-ayudaron-capturar-ladrones_0_a5nrZQXsT0.html\" target=\"_blank\" title=\"robo en el Museo del Louvre\" alt=\"robo en el Museo del Louvre\" rel=\"nofollow noopener\">robo en el Museo del Louvre<\/a> y<a href=\"https:\/\/www.clarin.com\/mundo\/robo-museo-louvre-detienen-sospechosos-joyas-todavia-aparecen_0_YMitAp7NIj.html\" target=\"_blank\" title=\" las joyas siguen sin aparecer\" alt=\" las joyas siguen sin aparecer\" rel=\"nofollow noopener\"> las joyas siguen sin aparecer<\/a>, el Tribunal de Cuentas franc\u00e9s realiz\u00f3 <strong>un demoledor informe sobre sus finanzas,<\/strong> su pol\u00edtica de <strong>adquisiciones excesiva<\/strong>, la <strong>falta de inversi\u00f3n <\/strong>en mantenimiento y en mejoras, su d\u00e9bil seguridad, la mala gesti\u00f3n de multitudes y las renovaciones y proyecto de ampliaci\u00f3n en desmedro de la integralidad estructural del edificio del Louvre.<\/p>\n<p>El informe abarca el periodo 2018-2024. El resultado es una nueva pesadilla para el Louvre, que con 73.000 metros cuadrados, tiene las dimensiones de ocho museos en Par\u00eds. Sin duda, entierra los proyectos de ampliaci\u00f3n del Louvre, su nueva entrada y la nueva sala para la \u201cMona Lisa\u201d, que se preve\u00eda para el 2031.<\/p>\n<p>Falta de inversi\u00f3n<\/p>\n<p>En primer lugar, y para el per\u00edodo que abarca el informe (2018-2024), los magistrados denuncian<strong> una falta de inversi\u00f3n en mantenimiento.<\/strong> El robo ha puesto de manifiesto, de forma brutal, <strong>la ausencia de c\u00e1maras de seguridad dentro y fuera del palacio.<\/strong><\/p>\n<p>El Tribunal de Cuentas <strong>examin\u00f3 las escaleras mec\u00e1nicas, las instalaciones el\u00e9ctricas y la renovaci\u00f3n y el mantenimiento del edificio,<\/strong> que presuntamente han sido descuidados en los \u00faltimos a\u00f1os. <\/p>\n<p><img fetchpriority=\"high\" alt=\"Pierre Moscovici, jefe del Tribunal de Cuentas. Foto: AP\" loading=\"eager\" width=\"720\" height=\"480\" decoding=\"async\" data-nimg=\"1\" style=\"color:transparent\" src=\"https:\/\/www.europesays.com\/es\/wp-content\/uploads\/2025\/11\/3SssHPxDq_720x0__1.jpg\"\/>Pierre Moscovici, jefe del Tribunal de Cuentas. Foto: AP<\/p>\n<p>Entre 2018 y 2024, el museo destin\u00f3 tan solo 26,7 millones de euros a su adecuaci\u00f3n a la normativa y 59,5 millones a la restauraci\u00f3n del palacio como monumento hist\u00f3rico, seg\u00fan indican los magistrados, quienes comparan estas cifras con los 105 millones de euros invertidos en la adquisici\u00f3n de obras de arte y los 63,5 millones destinados a la renovaci\u00f3n de espacios muse\u00edsticos, incluidos los del Departamento de Arte Isl\u00e1mico.<\/p>\n<p>El proyecto de Macron<\/p>\n<p>El Tribunal se focaliza principalmente en el proyecto <strong>Nuevo Renacimiento del Louvre<\/strong>, anunciado por el presidente Emmanuel Macron en enero, desde la misma sala que alberga la \u201cMona Lisa\u201d.<\/p>\n<p>Fue concebido para<strong> aliviar la sobrepoblaci\u00f3n de personas en la Pir\u00e1mide<\/strong> y revitalizar un palacio que ha cumplido su ciclo. Lo visitan anualmente 9 millones de personas. El proyecto incluye una entrada adicional en el lateral de la Gran Columnata, as\u00ed como la excavaci\u00f3n de salas de exposiciones. Entre ellas, una de 3.000 metros cuadrados, para exhibir la pintura de Leonardo da Vinci.<\/p>\n<p><img alt=\"La pir\u00e1mide de Louvre, por donde se ingresa al &#10;museo. Foto: Reuters\" loading=\"eager\" width=\"720\" height=\"480\" decoding=\"async\" data-nimg=\"1\" style=\"color:transparent\" src=\"https:\/\/www.europesays.com\/es\/wp-content\/uploads\/2025\/11\/KMweZETol_720x0__1.jpg\"\/>La pir\u00e1mide de Louvre, por donde se ingresa al<br \/>\nmuseo. Foto: Reuters<\/p>\n<p>\u00abEste ambicioso proyecto <strong>se emprendi\u00f3 sin ning\u00fan estudio previo<\/strong>, ya fueran estudios de viabilidad t\u00e9cnica y arquitect\u00f3nica, evaluaciones de requisitos funcionales, evaluaciones financieras, evaluaciones de impacto en el flujo de visitantes o evaluaciones de costos operativos\u00bb, afirman los jueces.<\/p>\n<p>Este proyecto presidencial de Emmanuel Macron, \u00abplagado de numerosos riesgos de sobrecostos y gastos excesivos\u00bb, se revis\u00f3 al alza hasta los 667 millones de euros en junio de 2025, frente a la estimaci\u00f3n inicial de 450 millones de euros.<\/p>\n<p>Debe priorizar su infraestructura t\u00e9cnica<\/p>\n<p>El Tribunal de Cuentas dictamin\u00f3: \u00abAnte el estancamiento presupuestario que atraviesa, el museo debe priorizar sus proyectos, centr\u00e1ndose en las inversiones cruciales para su futuro, en particular la modernizaci\u00f3n de la infraestructura t\u00e9cnica, especialmente los sistemas de seguridad, y la restauraci\u00f3n del palacio\u00bb, poniendo fin, en la pr\u00e1ctica, a este importante proyecto destinado a revitalizar la instituci\u00f3n.<\/p>\n<p>Sin duda, \u201cel museo dispone de fondos\u00bb, reconocen los jueces, citando la venta de entradas (124 millones de euros), el patrocinio (20 millones de euros), los derechos de licencia del Louvre Abu Dhabi (207 millones de euros) y las aportaciones al fondo patrimonial (10,3 millones de euros). Sin olvidar las subvenciones p\u00fablicas.<\/p>\n<p><img alt=\"Una persona posa junto a la ventana por donde entraron los ladrones. Foto: Reuters\" loading=\"eager\" width=\"720\" height=\"480\" decoding=\"async\" data-nimg=\"1\" style=\"color:transparent\" src=\"https:\/\/www.europesays.com\/es\/wp-content\/uploads\/2025\/11\/pIld5Jnd0_720x0__1.jpg\"\/>Una persona posa junto a la ventana por donde entraron los ladrones. Foto: Reuters<\/p>\n<p>Sin embargo, \u00abla combinaci\u00f3n de una pol\u00edtica de recuperaci\u00f3n tras la crisis sanitaria, el lanzamiento de importantes proyectos nuevos para el museo y la reciente remodelaci\u00f3n de los espacios existentes genera una carga financiera que la instituci\u00f3n <strong>no puede financiar en su totalidad<\/strong>\u201d, concluyeron los jueces.<\/p>\n<p>Independientemente de las esperanzas del Louvre de atraer patrocinio internacional para financiar su nueva entrada, los jueces sugieren \u00abpriorizar las inversiones para modernizar las instalaciones t\u00e9cnicas del museo y renovar la estructura y el tejado del edificio, reduciendo las adquisiciones y acotando los proyectos de renovaci\u00f3n\u00bb.<\/p>\n<p>La respuesta del museo<\/p>\n<p>En su respuesta, incluida en el informe, el museo subraya que el proyecto Nuevo Renacimiento del Louvre se estructura en dos partes: un plan de renovaci\u00f3n del patrimonio y la infraestructura, y la creaci\u00f3n de nuevos accesos y espacios dentro del Louvre. En efecto, lo que est\u00e1 en juego es un \u00abplan integral\u00bb, desarrollado en conjunto con la autoridad supervisora, con fecha l\u00edmite en 2031.<\/p>\n<p>Por cierto, el Louvre critica la metodolog\u00eda adoptada por el tribunal, que examina los a\u00f1os 2018 a 2024, pero no se \u00ablimita a los plazos de su revisi\u00f3n\u00bb al analizar cr\u00edticamente el proyecto Nuevo Renacimiento del Louvre, anunciado por el Presidente de la Rep\u00fablica.<\/p>\n<p>Abdoulaye, el ladr\u00f3n de poca monta y un h\u00e9roe de barrio<\/p>\n<p> En los bloques de viviendas sociales y centros comerciales de Aubervilliers, un suburbio al norte de Par\u00eds, Abdoulaye N. era una leyenda local por sus audaces acrobacias en moto y sus carreras todoterreno.<\/p>\n<p>Dej\u00f3 de ser un piloto de \u00e9lite hace 16 a\u00f1os. Su apodo era \u00abDoudou Cross Bitume\u00bb..<\/p>\n<p>Video<\/p>\n<p>Desde adentro el robo al Louvre, filmado con un telefono<\/p>\n<p>Ahora, a sus 39 a\u00f1os, vuelve a estar en el punto de mira como uno de los cuatro sospechosos detenidos por el robo a plena luz del d\u00eda de joyas de la Corona del Louvre. Abdoulaye N. ha sido acusado de<strong> robo organizado, delito que se castiga con hasta 15 a\u00f1os de prisi\u00f3n<\/strong>, y de asociaci\u00f3n delictuosa, seg\u00fan inform\u00f3 la fiscal\u00eda a los medios franceses.<\/p>\n<p>Est\u00e1 <strong>casado y tiene hijos<\/strong>. Es una persona respetada en Aubervilliers, uno de los barrios m\u00e1s pobres de Francia. \u00abCreci\u00f3 aqu\u00ed y es una leyenda para toda una generaci\u00f3n\u00bb, dijo Ahmad, un residente de 42 a\u00f1os.<\/p>\n<p>Otra faceta de su imagen p\u00fablica son las \u00abcarreras callejeras\u00bb o \u201crodeos\u201d. \u00bfSu lema? \u00abSiempre m\u00e1s cerca del asfalto\u00bb. En sus publicaciones se lo ve conduciendo motocicletas de alta cilindrada, incluyendo una Yamaha FJR 1300 de carretera y una Honda CRF de motocross, adem\u00e1s de<strong> un scooter Tmax<\/strong>. Este modelo de scooter es el mismo que <strong>utilizaron los sospechosos para huir tras el robo del Louvre<\/strong>. En TikTok, tambi\u00e9n publica videos con ni\u00f1os, a quienes deja subirse a su moto de cross.<\/p>\n<p>      <img decoding=\"async\" src=\"https:\/\/www.europesays.com\/es\/wp-content\/uploads\/2025\/11\/Louvre_mb.jpg\" alt=\"C\u00f3mo ocurri\u00f3 el robo al Louvre\" loading=\"lazy\"\/><\/p>\n<p><strong>Su ADN fue hallado en el lugar de los hechos<\/strong>. Esta identidad digital contrasta marcadamente con el perfil buscado en la investigaci\u00f3n del robo del Louvre, una operaci\u00f3n clandestina y meticulosa.<\/p>\n<p>Abdoulaye N.<strong> ya no publica videos de sus acrobacias en motocicleta<\/strong>. Prefiere compartir clips de sus entrenamientos de fisicoculturismo o ense\u00f1ar a j\u00f3venes del barrio a andar en moto.<\/p>\n<p>Samia, una vecina, lo llamaba cari\u00f1osamente \u00abdoudou\u00bb, un t\u00e9rmino franc\u00e9s que significa peluche o manta suave.<\/p>\n<p>\u00abNo puedo creer que haya sido \u00e9l\u00bb, declar\u00f3 Samia. \u00abNo es propio de \u00e9l. Es muy expresivo. Siempre est\u00e1 dispuesto a ayudar a los vecinos que no pueden cargar sus bolsas de la compra\u00bb.<\/p>\n<p>Sin embargo,<strong> Abdoulaye N. tiene antecedentes penales por robo. <\/strong>Fue condenado por robos con agravantes \u2014junto con otro de los sospechosos del Louvre\u2014 en 2014 y 2015.<\/p>\n<p>\u00abSab\u00eda que hab\u00eda estado en prisi\u00f3n, pero que haya robado el Louvre&#8230; \u00a1Me deja at\u00f3nito!\u00bb, exclam\u00f3 otro residente, quien prefiri\u00f3 no dar su nombre. \u201cNo es un delincuente. No fue un robo a mano armada. Es muy amable. Cuando nos vamos de vacaciones, cuida nuestro piso\u201d, cont\u00f3.<\/p>\n<p>\u201cRecibimos \u00f3rdenes del exterior\u201d<\/p>\n<p>Al igual que los dem\u00e1s sospechosos, se cree que Abdoulaye N.<strong> es un delincuente menor, un ladr\u00f3n de poca monta <\/strong>sin aparente conexi\u00f3n con las altas esferas del crimen organizado. \u00c9l dice que no sab\u00eda que el Louvre era tan grande. Cre\u00eda que se limitaba a su Pir\u00e1mide y que para esta acci\u00f3n,<strong> \u201crecibimos \u00f3rdenes del exterior. No sabemos qui\u00e9nes eran\u201d.<\/strong><\/p>\n<p>Los medios franceses han especulado que los ladrones del Louvre<strong> eran aficionados<\/strong>, lo que podr\u00eda explicar por qu\u00e9 dejaron caer el objeto m\u00e1s valioso que se llevaron \u2014la Corona de la emperatriz Eugenia\u2014 en su huida precipitada. La Corona de la emperatriz francesa Eugenia de Montijo est\u00e1 hecha de diamantes, esmeraldas y oro, con una cruz en la parte superior. Tambi\u00e9n dejaron <strong>un casco, herramientas y otros objetos,<\/strong> que podr\u00edan contener rastros de su ADN.<\/p>\n<p>Tres de los cuatro hombres sospechosos de perpetrar el robo <strong>est\u00e1n detenidos<\/strong>, adem\u00e1s de una mujer, pareja de uno de ellos, acusada de complicidad. Las principales sospechas<strong> recaen sobre Rusia y sus servicios de inteligencia <\/strong>como autores intelectuales del robo, parte de la guerra h\u00edbrida contra Francia y especialmente, contra el presidente Emmanuel Macron.<\/p>\n<p>Laurent Nu\u00f1ez, ministro del Interior, afirm\u00f3: \u201cHay cuatro autores, al menos uno de los cuales sigue pr\u00f3fugo, adem\u00e1s de posiblemente la persona o personas que dieron las \u00f3rdenes\u201d.<\/p>\n<p>Los sospechosos detenidos est\u00e1n bajo presi\u00f3n para revelar la identidad del presunto autor intelectual y proporcionar a los investigadores informaci\u00f3n sobre el paradero de las joyas robadas, que a\u00fan no han sido encontradas. Los detectives temen que hayan sido desmanteladas o <strong>fundidas para su venta <\/strong>y posible posterior extracci\u00f3n del pa\u00eds.<\/p>\n","protected":false},"excerpt":{"rendered":"Cuando se cumplen dos semanas del robo en el Museo del Louvre y las joyas siguen sin aparecer,&hellip;\n","protected":false},"author":2,"featured_media":230004,"comment_status":"","ping_status":"","sticky":false,"template":"","format":"standard","meta":{"footnotes":""},"categories":[173],"tags":[229,233,231,230,232,234,146,147,25,24,23],"class_list":{"0":"post-230003","1":"post","2":"type-post","3":"status-publish","4":"format-standard","5":"has-post-thumbnail","7":"category-arte-y-diseno","8":"tag-arte","9":"tag-arte-y-diseno","10":"tag-arts","11":"tag-arts-and-design","12":"tag-design","13":"tag-diseno","14":"tag-entertainment","15":"tag-entretenimiento","16":"tag-es","17":"tag-espana","18":"tag-spain"},"share_on_mastodon":{"url":"https:\/\/pubeurope.com\/@es\/115529971637715190","error":""},"_links":{"self":[{"href":"https:\/\/www.europesays.com\/es\/wp-json\/wp\/v2\/posts\/230003","targetHints":{"allow":["GET"]}}],"collection":[{"href":"https:\/\/www.europesays.com\/es\/wp-json\/wp\/v2\/posts"}],"about":[{"href":"https:\/\/www.europesays.com\/es\/wp-json\/wp\/v2\/types\/post"}],"author":[{"embeddable":true,"href":"https:\/\/www.europesays.com\/es\/wp-json\/wp\/v2\/users\/2"}],"replies":[{"embeddable":true,"href":"https:\/\/www.europesays.com\/es\/wp-json\/wp\/v2\/comments?post=230003"}],"version-history":[{"count":0,"href":"https:\/\/www.europesays.com\/es\/wp-json\/wp\/v2\/posts\/230003\/revisions"}],"wp:featuredmedia":[{"embeddable":true,"href":"https:\/\/www.europesays.com\/es\/wp-json\/wp\/v2\/media\/230004"}],"wp:attachment":[{"href":"https:\/\/www.europesays.com\/es\/wp-json\/wp\/v2\/media?parent=230003"}],"wp:term":[{"taxonomy":"category","embeddable":true,"href":"https:\/\/www.europesays.com\/es\/wp-json\/wp\/v2\/categories?post=230003"},{"taxonomy":"post_tag","embeddable":true,"href":"https:\/\/www.europesays.com\/es\/wp-json\/wp\/v2\/tags?post=230003"}],"curies":[{"name":"wp","href":"https:\/\/api.w.org\/{rel}","templated":true}]}}