{"id":230007,"date":"2025-11-11T07:53:09","date_gmt":"2025-11-11T07:53:09","guid":{"rendered":"https:\/\/www.europesays.com\/es\/230007\/"},"modified":"2025-11-11T07:53:09","modified_gmt":"2025-11-11T07:53:09","slug":"el-documental-cien-libros-juntas-se-presenta-en-mao-y-ciutadella","status":"publish","type":"post","link":"https:\/\/www.europesays.com\/es\/230007\/","title":{"rendered":"El documental \u2018Cien libros juntas\u2019 se presenta en Ma\u00f3 y Ciutadella"},"content":{"rendered":"<p>La directora y guionista mallorquina Marga Meli\u00e0 presentar\u00e1 esta semana en Menorca su pel\u00edcula documental \u00abCien libros juntas\u00bb, una obra en la que<strong> cinco mujeres jubiladas deciden celebrar el d\u00e9cimo aniversario de su club de lectura<\/strong> pasando un fin de semana en el santuario de Lluc.\u2006Durante esta estancia, las protagonistas comparten reflexiones sobre la vida, la muerte, la soledad, el feminismo y, por encima de todo, su pasi\u00f3n por la literatura.<\/p>\n<p>Las proyecciones, organizadas por la Xarxa de Biblioteques de Menorca, ser\u00e1n este jueves en los cines Ocimax de Ma\u00f3 y al d\u00eda siguiente en los Moix Negre de Ciutadella,<strong> ambas citas a las 20 horas.<\/strong><\/p>\n<p>Con m\u00e1s de cien libros le\u00eddos en com\u00fan a lo largo de los a\u00f1os, las protagonistas del filme son algunas de la<strong>s primeras mujeres que formaron parte del club de lectura dinamizado por Marga Meli\u00e0<\/strong>, iniciado en 2012 en la librer\u00eda Agapea de Palma y que actualmente sigue activo en la sede de su productora, Nuu.<\/p>\n<p>Adem\u00e1s, las personas asistentes a las proyecciones tendr\u00e1n la oportunidad de <strong>participar posteriormente en un coloquio<\/strong> con la directora del documental. La entrada es\u2006gratuita hasta completar el aforo.<\/p>\n","protected":false},"excerpt":{"rendered":"La directora y guionista mallorquina Marga Meli\u00e0 presentar\u00e1 esta semana en Menorca su pel\u00edcula documental \u00abCien libros juntas\u00bb,&hellip;\n","protected":false},"author":2,"featured_media":230008,"comment_status":"","ping_status":"","sticky":false,"template":"","format":"standard","meta":{"footnotes":""},"categories":[169],"tags":[177,209,146,147,25,24,176,175,23],"class_list":{"0":"post-230007","1":"post","2":"type-post","3":"status-publish","4":"format-standard","5":"has-post-thumbnail","7":"category-cine","8":"tag-cine","9":"tag-cultura","10":"tag-entertainment","11":"tag-entretenimiento","12":"tag-es","13":"tag-espana","14":"tag-film","15":"tag-movies","16":"tag-spain"},"share_on_mastodon":{"url":"https:\/\/pubeurope.com\/@es\/115529987109790793","error":""},"_links":{"self":[{"href":"https:\/\/www.europesays.com\/es\/wp-json\/wp\/v2\/posts\/230007","targetHints":{"allow":["GET"]}}],"collection":[{"href":"https:\/\/www.europesays.com\/es\/wp-json\/wp\/v2\/posts"}],"about":[{"href":"https:\/\/www.europesays.com\/es\/wp-json\/wp\/v2\/types\/post"}],"author":[{"embeddable":true,"href":"https:\/\/www.europesays.com\/es\/wp-json\/wp\/v2\/users\/2"}],"replies":[{"embeddable":true,"href":"https:\/\/www.europesays.com\/es\/wp-json\/wp\/v2\/comments?post=230007"}],"version-history":[{"count":0,"href":"https:\/\/www.europesays.com\/es\/wp-json\/wp\/v2\/posts\/230007\/revisions"}],"wp:featuredmedia":[{"embeddable":true,"href":"https:\/\/www.europesays.com\/es\/wp-json\/wp\/v2\/media\/230008"}],"wp:attachment":[{"href":"https:\/\/www.europesays.com\/es\/wp-json\/wp\/v2\/media?parent=230007"}],"wp:term":[{"taxonomy":"category","embeddable":true,"href":"https:\/\/www.europesays.com\/es\/wp-json\/wp\/v2\/categories?post=230007"},{"taxonomy":"post_tag","embeddable":true,"href":"https:\/\/www.europesays.com\/es\/wp-json\/wp\/v2\/tags?post=230007"}],"curies":[{"name":"wp","href":"https:\/\/api.w.org\/{rel}","templated":true}]}}