{"id":230017,"date":"2025-11-11T07:58:07","date_gmt":"2025-11-11T07:58:07","guid":{"rendered":"https:\/\/www.europesays.com\/es\/230017\/"},"modified":"2025-11-11T07:58:07","modified_gmt":"2025-11-11T07:58:07","slug":"ibex-35-hoy-la-bolsa-en-directo-el-ibex-tantea-nuevos-records","status":"publish","type":"post","link":"https:\/\/www.europesays.com\/es\/230017\/","title":{"rendered":"Ibex 35 hoy, la Bolsa en Directo | El Ibex tantea nuevos r\u00e9cords"},"content":{"rendered":"<p class=\"ue-c-article__paragraph\">\n                                        Los mercados se esfuerzan en prolongar el tir\u00f3n alcista propiciado por la pr\u00f3xima reapertura de la Administraci\u00f3n de EEUU. Las subidas del 2,2% que logr\u00f3 ayer el Nasdaq dan paso a leves amagos de avances en Europa, incluido un Ibex que busca nuevos r\u00e9cords.\n                                    <\/p>\n<p class=\"ue-c-article__paragraph\">El <strong>desbloqueo pol\u00edtico en Estados Unidos<\/strong> est\u00e1 cada vez m\u00e1s cerca. A \u00faltima hora de ayer el Senado aprob\u00f3 los fondos necesarios para acabar con el cierre m\u00e1s prolongado de la historia de la Administraci\u00f3n estadounidense. La decisi\u00f3n final est\u00e1 ahora en manos de la C\u00e1mara de Representantes, por lo que se espera una inminente reapertura de la Administraci\u00f3n, y con ello, la reanudaci\u00f3n de los datos macro oficiales de EEUU.<\/p>\n<p class=\"ue-c-article__paragraph\">El optimismo generado por el desbloqueo pol\u00edtico en EEUU alcanz\u00f3 ayer a Europa y, en mayor medida, a <strong>Wall Street<\/strong>. El S&amp;P 500 cerr\u00f3 con subidas finales del 1,5%, y el tecnol\u00f3gico Nasdaq desafi\u00f3 las dudas sobre su rally con un tir\u00f3n adicional del 2,2%. <\/p>\n<p class=\"ue-c-article__paragraph\">La oleada de compras se enfr\u00eda en la jornada de hoy. En Asia el \u00edndice Nikkei ha finalizado pr\u00e1cticamente en tablas, y los futuros de Wall Street se limitan a consolidar las subidas de ayer al cotizar con un signo plano.<\/p>\n","protected":false},"excerpt":{"rendered":"Los mercados se esfuerzan en prolongar el tir\u00f3n alcista propiciado por la pr\u00f3xima reapertura de la Administraci\u00f3n de&hellip;\n","protected":false},"author":2,"featured_media":230018,"comment_status":"","ping_status":"","sticky":false,"template":"","format":"standard","meta":{"footnotes":""},"categories":[80],"tags":[2300,12239,82,95,94,25,24,114,23],"class_list":{"0":"post-230017","1":"post","2":"type-post","3":"status-publish","4":"format-standard","5":"has-post-thumbnail","7":"category-economia","8":"tag-bolsa","9":"tag-bolsa-de-wall-street","10":"tag-business","11":"tag-economia","12":"tag-economy","13":"tag-es","14":"tag-espana","15":"tag-mercados","16":"tag-spain"},"share_on_mastodon":{"url":"https:\/\/pubeurope.com\/@es\/115530006780715289","error":""},"_links":{"self":[{"href":"https:\/\/www.europesays.com\/es\/wp-json\/wp\/v2\/posts\/230017","targetHints":{"allow":["GET"]}}],"collection":[{"href":"https:\/\/www.europesays.com\/es\/wp-json\/wp\/v2\/posts"}],"about":[{"href":"https:\/\/www.europesays.com\/es\/wp-json\/wp\/v2\/types\/post"}],"author":[{"embeddable":true,"href":"https:\/\/www.europesays.com\/es\/wp-json\/wp\/v2\/users\/2"}],"replies":[{"embeddable":true,"href":"https:\/\/www.europesays.com\/es\/wp-json\/wp\/v2\/comments?post=230017"}],"version-history":[{"count":0,"href":"https:\/\/www.europesays.com\/es\/wp-json\/wp\/v2\/posts\/230017\/revisions"}],"wp:featuredmedia":[{"embeddable":true,"href":"https:\/\/www.europesays.com\/es\/wp-json\/wp\/v2\/media\/230018"}],"wp:attachment":[{"href":"https:\/\/www.europesays.com\/es\/wp-json\/wp\/v2\/media?parent=230017"}],"wp:term":[{"taxonomy":"category","embeddable":true,"href":"https:\/\/www.europesays.com\/es\/wp-json\/wp\/v2\/categories?post=230017"},{"taxonomy":"post_tag","embeddable":true,"href":"https:\/\/www.europesays.com\/es\/wp-json\/wp\/v2\/tags?post=230017"}],"curies":[{"name":"wp","href":"https:\/\/api.w.org\/{rel}","templated":true}]}}