{"id":230019,"date":"2025-11-11T07:59:10","date_gmt":"2025-11-11T07:59:10","guid":{"rendered":"https:\/\/www.europesays.com\/es\/230019\/"},"modified":"2025-11-11T07:59:10","modified_gmt":"2025-11-11T07:59:10","slug":"cientificos-australianos-descubren-una-abeja-lucifer-con-cuernos","status":"publish","type":"post","link":"https:\/\/www.europesays.com\/es\/230019\/","title":{"rendered":"Cient\u00edficos Australianos Descubren Una Abeja \u00abLucifer\u00bb Con Cuernos"},"content":{"rendered":"<p data-type=\"paragraph\" data=\"[object Object]\">Como si no bastasen las serpientes mortales, las ara\u00f1as y los tiburones, Australia tiene ahora una nueva criatura espeluznante: una abeja \u00ablucifer\u00bb con cuernos como los del diablo.<\/p>\n<p data-type=\"paragraph\" data=\"[object Object]\" class=\"emotion-1akm6h5-Paragraph e1e4oisd0\">La especie denominada \u00abMegachile (Hackeriapis) lucifer\u00bb fue hallada en el estado de Australia Occidental, anunci\u00f3 el martes la Universidad Curtin.<\/p>\n<p data-type=\"paragraph\" data=\"[object Object]\" class=\"emotion-1akm6h5-Paragraph e1e4oisd0\">Kit Prendergast, de la Escuela de Ciencias Moleculares y de la Vida, descubri\u00f3 la abeja en 2019 cuando analizaba una flor cr\u00edticamente amenazada, y de inmediato le llam\u00f3 la atenci\u00f3n la singular apariencia del insecto.<\/p>\n<p data-type=\"paragraph\" data=\"[object Object]\" class=\"emotion-1akm6h5-Paragraph e1e4oisd0\">\u00abLa hembra ten\u00eda unos cuernos incre\u00edbles en el rostro\u00bb, coment\u00f3.<\/p>\n<p data-type=\"paragraph\" data=\"[object Object]\" class=\"emotion-1akm6h5-Paragraph e1e4oisd0\">Seguidora del programa de Netflix \u00abLucifer\u00bb, dijo que el nombre era perfecto para la abeja de aspecto diab\u00f3lico.<\/p>\n<p data-type=\"paragraph\" data=\"[object Object]\" class=\"emotion-1akm6h5-Paragraph e1e4oisd0\">\u00abEs el primer nuevo miembro de este grupo de abejas en ser descrito en m\u00e1s de 20 a\u00f1os, lo que nos recuerda cu\u00e1nta vida queda por descubrir\u00bb, declar\u00f3 Prendergast.<\/p>\n<p data-type=\"paragraph\" data=\"[object Object]\" class=\"emotion-1akm6h5-Paragraph e1e4oisd0\">Dijo esperar que el descubrimiento llame la atenci\u00f3n sobre la cantidad de especies no conocidas, especialmente en zonas amenazadas por la miner\u00eda.<\/p>\n<p data-type=\"paragraph\" data=\"[object Object]\" class=\"emotion-1akm6h5-Paragraph e1e4oisd0\">\u00abMuchas empresas mineras a\u00fan no analizan la presencia de abejas nativas\u00bb, por lo cual es posible que no se est\u00e9n identificando algunas especies, \u00abincluyendo aquellas que tienen un papel crucial en el apoyo a plantas y ecosistemas amenazados\u00bb, explic\u00f3.<\/p>\n<p data-type=\"paragraph\" data=\"[object Object]\" class=\"emotion-1akm6h5-Paragraph e1e4oisd0\">\u00abSin saber cu\u00e1les abejas nativas existen y cu\u00e1les plantas dependen de ellas, nos arriesgamos a perder ambas antes de percatarnos de su existencia\u00bb, advirti\u00f3.<\/p>\n<p data-type=\"paragraph\" data=\"[object Object]\" class=\"emotion-1akm6h5-Paragraph e1e4oisd0\">Casi todas las plantas con flor dependen de los polinizadores silvestres, sobre todo las abejas, pero la p\u00e9rdida de su h\u00e1bitat y el cambio clim\u00e1tico tienen a muchas especies al borde de la extinci\u00f3n.<\/p>\n<p data-type=\"paragraph\" data=\"[object Object]\" class=\"emotion-1akm6h5-Paragraph e1e4oisd0\">oho\/lec\/lb\/mas\/arm<\/p>\n","protected":false},"excerpt":{"rendered":"Como si no bastasen las serpientes mortales, las ara\u00f1as y los tiburones, Australia tiene ahora una nueva criatura&hellip;\n","protected":false},"author":2,"featured_media":123368,"comment_status":"","ping_status":"","sticky":false,"template":"","format":"standard","meta":{"footnotes":""},"categories":[42],"tags":[3685,4699,640,17,18,13,14,11,61,62,63,64,19,20,9,10,15,16,116,12,21,22,65,66,67],"class_list":{"0":"post-230019","1":"post","2":"type-post","3":"status-publish","4":"format-standard","5":"has-post-thumbnail","7":"category-internacional","8":"tag-animales","9":"tag-australia","10":"tag-biologia","11":"tag-breaking-news","12":"tag-breakingnews","13":"tag-featured-news","14":"tag-featurednews","15":"tag-headlines","16":"tag-internacional","17":"tag-international","18":"tag-international-news","19":"tag-internationalnews","20":"tag-latest-news","21":"tag-latestnews","22":"tag-news","23":"tag-noticias","24":"tag-noticias-destacadas","25":"tag-noticiasdestacadas","26":"tag-synd","27":"tag-titulares","28":"tag-ultimas-noticias","29":"tag-ultimasnoticias","30":"tag-world","31":"tag-world-news","32":"tag-worldnews"},"share_on_mastodon":{"url":"https:\/\/pubeurope.com\/@es\/115530010808441146","error":""},"_links":{"self":[{"href":"https:\/\/www.europesays.com\/es\/wp-json\/wp\/v2\/posts\/230019","targetHints":{"allow":["GET"]}}],"collection":[{"href":"https:\/\/www.europesays.com\/es\/wp-json\/wp\/v2\/posts"}],"about":[{"href":"https:\/\/www.europesays.com\/es\/wp-json\/wp\/v2\/types\/post"}],"author":[{"embeddable":true,"href":"https:\/\/www.europesays.com\/es\/wp-json\/wp\/v2\/users\/2"}],"replies":[{"embeddable":true,"href":"https:\/\/www.europesays.com\/es\/wp-json\/wp\/v2\/comments?post=230019"}],"version-history":[{"count":0,"href":"https:\/\/www.europesays.com\/es\/wp-json\/wp\/v2\/posts\/230019\/revisions"}],"wp:featuredmedia":[{"embeddable":true,"href":"https:\/\/www.europesays.com\/es\/wp-json\/wp\/v2\/media\/123368"}],"wp:attachment":[{"href":"https:\/\/www.europesays.com\/es\/wp-json\/wp\/v2\/media?parent=230019"}],"wp:term":[{"taxonomy":"category","embeddable":true,"href":"https:\/\/www.europesays.com\/es\/wp-json\/wp\/v2\/categories?post=230019"},{"taxonomy":"post_tag","embeddable":true,"href":"https:\/\/www.europesays.com\/es\/wp-json\/wp\/v2\/tags?post=230019"}],"curies":[{"name":"wp","href":"https:\/\/api.w.org\/{rel}","templated":true}]}}