{"id":230024,"date":"2025-11-11T08:06:18","date_gmt":"2025-11-11T08:06:18","guid":{"rendered":"https:\/\/www.europesays.com\/es\/230024\/"},"modified":"2025-11-11T08:06:18","modified_gmt":"2025-11-11T08:06:18","slug":"la-fecha-en-la-que-tiene-pensado-retirarse-djokovic-para-asi-honrar-por-ultima-vez-a-serbia","status":"publish","type":"post","link":"https:\/\/www.europesays.com\/es\/230024\/","title":{"rendered":"La fecha en la que tiene pensado retirarse Djokovic para as\u00ed honrar por \u00faltima vez a Serbia"},"content":{"rendered":"<p class=\"paragraph\">Podr\u00e1 caer mejor o peor, pero <b>Novak Djokovic<\/b> se ha convertido en todo un ejemplo de lo que debe ser un deportista de \u00e9lite. El serbio, pese a no ser ya el dominador del circuito ATP, contin\u00faa siendo una amenaza para cualquier tenista y la \u00fanica alternativa al poder establecido: <b>Jannik Sinner<\/b> y <b>Carlos Alcaraz<\/b>. A sus 38 a\u00f1os, el Nole ha demostrado que la edad no es un obst\u00e1culo cuando el hambre de victoria sigue intacto. Su triunfo en el ATP 250 de Atenas, que supuso su t\u00edtulo n\u00famero 101, ha evidenciado que puede dar alguna sorpresa en 2026.<\/p>\n<p class=\"paragraph\">En la rueda de prensa posterior al t\u00edtulo conquistado en la capital de Grecia, Djokovic explic\u00f3 d\u00f3nde ve \u00e9l el final de su carrera y no es en los pr\u00f3ximos a\u00f1os: \u00abLo \u00fanico que me motiva ahora mismo son los<b> Juegos Ol\u00edmpicos de 2028<\/b>. Representar a mi pa\u00eds y disputar los Grand Slams, pero sobre todo los Juegos\u00bb, confes\u00f3 el balc\u00e1nico, que mantiene la mirada fija en Los \u00c1ngeles, una cita para la que todav\u00eda quedan casi tres a\u00f1os.<\/p>\n<p class=\"paragraph\">La planificaci\u00f3n del actual n\u00famero 4 del refleja esa ambici\u00f3n por llegar en forma a los pr\u00f3ximos <b>Juegos Ol\u00edmpicos<\/b> y por intentar a\u00f1adir un nuevo major, ser\u00eda el 25, a su palmar\u00e9s. Para ello Djokovic ha reducido su calendario, renunciando a numerosos torneos para centrarse en los Grand Slams. Una estrategia que le ha funcionado: en 2025 ha alcanzado las semifinales en los cuatro majors, lo que muestra que sigue teniendo <b>mucho tenis en su raqueta<\/b>.<\/p>\n<p class=\"paragraph\">De hecho, es el f\u00edsico lo que ya no responde con la misma contundencia que hace unos a\u00f1os y por lo que perdi\u00f3 de forma clara frente a <b>Zverev<\/b> (retirada en el Open de Australia),<b> Sinner<\/b> (Roland Garros y Wimbledon) y <b>Alcaraz<\/b> (US Open). El serbio sigue compitiendo al m\u00e1ximo nivel, pero las batallas ante los mejores del mundo le cuestan cada vez m\u00e1s. Su fortaleza mental sigue siendo la mejor del circuito, pero las piernas le pesan cada vez m\u00e1s.<\/p>\n<p>Seguir jugando con m\u00e1s de 40 a\u00f1os<\/p>\n<p class=\"paragraph\">Pensar en Djokovic compitiendo hasta los 41 a\u00f1os parece ut\u00f3pico, pero si alguien puede desafiar la l\u00f3gica, es \u00e9l. M\u00e1s all\u00e1 de lo deportivo, alcanzar los Juegos Ol\u00edmpicos de <b>Los \u00c1ngeles 2028 <\/b>podr\u00eda tener un valor simb\u00f3lico: poner punto final a su carrera defendiendo los colores de Serbia, quiz\u00e1s incluso como abanderado de su pa\u00eds. Y es que Nole se ha convertido en persona non grata en su pa\u00eds por sus diferencias con el actual presidente, Aleksandar Vu\u010di\u0107.<\/p>\n<p class=\"paragraph\">Eso no impide que Nole siga amando a Serbia y que busque la haza\u00f1a de llegar a los pr\u00f3ximos Juegos y, por el camino, intentar ampliar a\u00fan m\u00e1s su palmar\u00e9s. \u00abSiempre he tenido un plan mental con varios a\u00f1os de antelaci\u00f3n. Alcanc\u00e9 todo lo que so\u00f1\u00e9, pero <b>quiero seguir disfrutando del tenis<\/b>. Los Juegos de 2028 me inspiran a mantenerme en forma. \u00bfLlegar\u00e9? No lo s\u00e9. Intento estar sano, fuerte y conservar esa energ\u00eda competitiva que siempre me ha definido\u00bb, cerr\u00f3 Djokovic, dejando claro que a su historia en el tenis a\u00fan le quedan varios cap\u00edtulos.<\/p>\n","protected":false},"excerpt":{"rendered":"Podr\u00e1 caer mejor o peor, pero Novak Djokovic se ha convertido en todo un ejemplo de lo que&hellip;\n","protected":false},"author":2,"featured_media":230025,"comment_status":"","ping_status":"","sticky":false,"template":"","format":"standard","meta":{"footnotes":""},"categories":[274],"tags":[168,25,24,23,167,327,326],"class_list":{"0":"post-230024","1":"post","2":"type-post","3":"status-publish","4":"format-standard","5":"has-post-thumbnail","7":"category-tenis","8":"tag-deportes","9":"tag-es","10":"tag-espana","11":"tag-spain","12":"tag-sports","13":"tag-tenis","14":"tag-tennis"},"share_on_mastodon":{"url":"https:\/\/pubeurope.com\/@es\/115530038340201642","error":""},"_links":{"self":[{"href":"https:\/\/www.europesays.com\/es\/wp-json\/wp\/v2\/posts\/230024","targetHints":{"allow":["GET"]}}],"collection":[{"href":"https:\/\/www.europesays.com\/es\/wp-json\/wp\/v2\/posts"}],"about":[{"href":"https:\/\/www.europesays.com\/es\/wp-json\/wp\/v2\/types\/post"}],"author":[{"embeddable":true,"href":"https:\/\/www.europesays.com\/es\/wp-json\/wp\/v2\/users\/2"}],"replies":[{"embeddable":true,"href":"https:\/\/www.europesays.com\/es\/wp-json\/wp\/v2\/comments?post=230024"}],"version-history":[{"count":0,"href":"https:\/\/www.europesays.com\/es\/wp-json\/wp\/v2\/posts\/230024\/revisions"}],"wp:featuredmedia":[{"embeddable":true,"href":"https:\/\/www.europesays.com\/es\/wp-json\/wp\/v2\/media\/230025"}],"wp:attachment":[{"href":"https:\/\/www.europesays.com\/es\/wp-json\/wp\/v2\/media?parent=230024"}],"wp:term":[{"taxonomy":"category","embeddable":true,"href":"https:\/\/www.europesays.com\/es\/wp-json\/wp\/v2\/categories?post=230024"},{"taxonomy":"post_tag","embeddable":true,"href":"https:\/\/www.europesays.com\/es\/wp-json\/wp\/v2\/tags?post=230024"}],"curies":[{"name":"wp","href":"https:\/\/api.w.org\/{rel}","templated":true}]}}