{"id":230026,"date":"2025-11-11T08:07:13","date_gmt":"2025-11-11T08:07:13","guid":{"rendered":"https:\/\/www.europesays.com\/es\/230026\/"},"modified":"2025-11-11T08:07:13","modified_gmt":"2025-11-11T08:07:13","slug":"agenda-de-la-semana-ciclocross-del-bueno-desde-el-mismo-martes","status":"publish","type":"post","link":"https:\/\/www.europesays.com\/es\/230026\/","title":{"rendered":"Agenda de la semana: ciclocross del bueno desde el mismo martes"},"content":{"rendered":"<p>Pasado el Europeo, muchos pensar\u00edan que esta semana vamos a vivir unos cuantos d\u00edas de calma y reposo. \u00a1Todo lo contrario! El mismo martes vamos a tener una de las carreras favoritos de cualquier aficionado y, especialmente, de Felipe Orts: el Superprestigio de Niel-Jaarmarktcross, una carrera muy t\u00e9cnica y s\u00f3lo apta para corredores con piernas, pero con cabeza.<\/p>\n<p>El martes tendremos una nueva competici\u00f3n del Superprestigio, pero tambi\u00e9n volveremos a tener esa misma challenge el s\u00e1bado d\u00eda 15, con el <strong>Superprestigio de Merksplas<\/strong>, tambi\u00e9n de categor\u00eda C1, es decir, el m\u00e1ximo nivel por debajo de la Copa del Mundo.<\/p>\n<p>El domingo contaremos con el X20 <strong>Trofeo Hamme de Flandriencross<\/strong>, que servir\u00e1 para cerrar el fin de semana de los mejores especialistas del mundo. Y todo ello en una semana con carreras en <strong>B\u00e9lgica, Estados Unidos, Ruman\u00eda, Francia, Polonia, Canad\u00e1, Suiza, Gran Breta\u00f1a<\/strong>\u2026 por lo que el ciclocross vuelve a ense\u00f1ar su fortaleza pensando en la decisi\u00f3n de si merece o no ser prueba ol\u00edmpica en los Juegos de Invierno.<\/p>\n<p><strong>CALENDARIO DE LA SEMANA<\/strong><br \/>11.11. Supreprestigio Niel-Jaarmarktcross<br \/>15.11. Superprestigio Merksplas<br \/>15.11. Boulder Cup Day<br \/>15.11. Lunca Timisului CX<br \/>15.11. Copa de Francia Ciclocross 3-Quelneuc<br \/>15.11. Owocowy Przelaj.<br \/>15.11. Campeonato de Canad\u00e1<br \/>16.11. X20 Trofeo Hamme-Flandriencross<br \/>16.11. Ciclocross de Levis<br \/>16.11. Copa Suiza de Ciclocross 4- Eagle Cross Aigle<br \/>16.11. Copa de Francia de ciclocross 4-Quelneuc<br \/>16.11. Copa de Espa\u00f1a. Alcobendas<br \/>16.11. Trofeo Nacional Series 4 \u2013 West Bromwich<br \/>16.11. Boulder Cup Day 2<br \/>16.11. Dalej Na Polnoc Sie Nie Da Wladyslawowo<\/p>\n","protected":false},"excerpt":{"rendered":"Pasado el Europeo, muchos pensar\u00edan que esta semana vamos a vivir unos cuantos d\u00edas de calma y reposo.&hellip;\n","protected":false},"author":2,"featured_media":230027,"comment_status":"","ping_status":"","sticky":false,"template":"","format":"standard","meta":{"footnotes":""},"categories":[273],"tags":[313,312,168,25,24,23,167],"class_list":{"0":"post-230026","1":"post","2":"type-post","3":"status-publish","4":"format-standard","5":"has-post-thumbnail","7":"category-ciclismo","8":"tag-ciclismo","9":"tag-cycling","10":"tag-deportes","11":"tag-es","12":"tag-espana","13":"tag-spain","14":"tag-sports"},"share_on_mastodon":{"url":"https:\/\/pubeurope.com\/@es\/115530042086666033","error":""},"_links":{"self":[{"href":"https:\/\/www.europesays.com\/es\/wp-json\/wp\/v2\/posts\/230026","targetHints":{"allow":["GET"]}}],"collection":[{"href":"https:\/\/www.europesays.com\/es\/wp-json\/wp\/v2\/posts"}],"about":[{"href":"https:\/\/www.europesays.com\/es\/wp-json\/wp\/v2\/types\/post"}],"author":[{"embeddable":true,"href":"https:\/\/www.europesays.com\/es\/wp-json\/wp\/v2\/users\/2"}],"replies":[{"embeddable":true,"href":"https:\/\/www.europesays.com\/es\/wp-json\/wp\/v2\/comments?post=230026"}],"version-history":[{"count":0,"href":"https:\/\/www.europesays.com\/es\/wp-json\/wp\/v2\/posts\/230026\/revisions"}],"wp:featuredmedia":[{"embeddable":true,"href":"https:\/\/www.europesays.com\/es\/wp-json\/wp\/v2\/media\/230027"}],"wp:attachment":[{"href":"https:\/\/www.europesays.com\/es\/wp-json\/wp\/v2\/media?parent=230026"}],"wp:term":[{"taxonomy":"category","embeddable":true,"href":"https:\/\/www.europesays.com\/es\/wp-json\/wp\/v2\/categories?post=230026"},{"taxonomy":"post_tag","embeddable":true,"href":"https:\/\/www.europesays.com\/es\/wp-json\/wp\/v2\/tags?post=230026"}],"curies":[{"name":"wp","href":"https:\/\/api.w.org\/{rel}","templated":true}]}}