{"id":230043,"date":"2025-11-11T08:22:11","date_gmt":"2025-11-11T08:22:11","guid":{"rendered":"https:\/\/www.europesays.com\/es\/230043\/"},"modified":"2025-11-11T08:22:11","modified_gmt":"2025-11-11T08:22:11","slug":"brasil-acoge-la-cop30-la-mayor-cita-climatica-del-ano","status":"publish","type":"post","link":"https:\/\/www.europesays.com\/es\/230043\/","title":{"rendered":"Brasil acoge la COP30, la mayor cita clim\u00e1tica del a\u00f1o"},"content":{"rendered":"<p>Del 10 al 21 de noviembre de 2025, la ciudad de <strong>Bel\u00e9m do Par\u00e1, en la Amazon\u00eda brasile\u00f1a<\/strong>, ser\u00e1 <strong>sede de la COP30<\/strong>, la trig\u00e9sima Conferencia de las Partes sobre el Cambio Clim\u00e1tico de las Naciones Unidas.<\/p>\n<p> El evento, organizado por el Gobierno de Brasil, con la Organizaci\u00f3n de Estados Iberoamericanos (OEI) como socio estrat\u00e9gico, reunir\u00e1 a <strong>m\u00e1s de 60.000 participantes de 160 pa\u00edses <\/strong>para debatir sobre sostenibilidad, educaci\u00f3n y cooperaci\u00f3n internacional.<\/p>\n<p> En este marco, <strong>Emilce Cuda<\/strong>, secretaria de la Pontificia Comisi\u00f3n para Am\u00e9rica Latina, nos comparte su visi\u00f3n sobre la necesidad de integrar la dimensi\u00f3n \u00e9tica y educativa en los modelos de desarrollo sostenible, en el marco de la participaci\u00f3n en esta cita por el clima.<\/p>\n","protected":false},"excerpt":{"rendered":"Del 10 al 21 de noviembre de 2025, la ciudad de Bel\u00e9m do Par\u00e1, en la Amazon\u00eda brasile\u00f1a,&hellip;\n","protected":false},"author":2,"featured_media":230044,"comment_status":"","ping_status":"","sticky":false,"template":"","format":"standard","meta":{"footnotes":""},"categories":[42],"tags":[60335,17,18,60334,13,14,11,61,62,63,64,60336,19,20,9,10,15,16,133,1448,1986,1987,12,21,22,65,66,67],"class_list":{"0":"post-230043","1":"post","2":"type-post","3":"status-publish","4":"format-standard","5":"has-post-thumbnail","7":"category-internacional","8":"tag-brasil-acoge-la-cop30","9":"tag-breaking-news","10":"tag-breakingnews","11":"tag-espacio-iberoamericano","12":"tag-featured-news","13":"tag-featurednews","14":"tag-headlines","15":"tag-internacional","16":"tag-international","17":"tag-international-news","18":"tag-internationalnews","19":"tag-la-mayor-cita-climatica-del-ano","20":"tag-latest-news","21":"tag-latestnews","22":"tag-news","23":"tag-noticias","24":"tag-noticias-destacadas","25":"tag-noticiasdestacadas","26":"tag-online","27":"tag-radio","28":"tag-rne","29":"tag-rtve-play","30":"tag-titulares","31":"tag-ultimas-noticias","32":"tag-ultimasnoticias","33":"tag-world","34":"tag-world-news","35":"tag-worldnews"},"share_on_mastodon":{"url":"","error":""},"_links":{"self":[{"href":"https:\/\/www.europesays.com\/es\/wp-json\/wp\/v2\/posts\/230043","targetHints":{"allow":["GET"]}}],"collection":[{"href":"https:\/\/www.europesays.com\/es\/wp-json\/wp\/v2\/posts"}],"about":[{"href":"https:\/\/www.europesays.com\/es\/wp-json\/wp\/v2\/types\/post"}],"author":[{"embeddable":true,"href":"https:\/\/www.europesays.com\/es\/wp-json\/wp\/v2\/users\/2"}],"replies":[{"embeddable":true,"href":"https:\/\/www.europesays.com\/es\/wp-json\/wp\/v2\/comments?post=230043"}],"version-history":[{"count":0,"href":"https:\/\/www.europesays.com\/es\/wp-json\/wp\/v2\/posts\/230043\/revisions"}],"wp:featuredmedia":[{"embeddable":true,"href":"https:\/\/www.europesays.com\/es\/wp-json\/wp\/v2\/media\/230044"}],"wp:attachment":[{"href":"https:\/\/www.europesays.com\/es\/wp-json\/wp\/v2\/media?parent=230043"}],"wp:term":[{"taxonomy":"category","embeddable":true,"href":"https:\/\/www.europesays.com\/es\/wp-json\/wp\/v2\/categories?post=230043"},{"taxonomy":"post_tag","embeddable":true,"href":"https:\/\/www.europesays.com\/es\/wp-json\/wp\/v2\/tags?post=230043"}],"curies":[{"name":"wp","href":"https:\/\/api.w.org\/{rel}","templated":true}]}}