{"id":230045,"date":"2025-11-11T08:23:09","date_gmt":"2025-11-11T08:23:09","guid":{"rendered":"https:\/\/www.europesays.com\/es\/230045\/"},"modified":"2025-11-11T08:23:09","modified_gmt":"2025-11-11T08:23:09","slug":"juicio-al-fiscal-general-en-directo-hablan-mas-periodistas-que-informaron-sobre-el-correo-filtrado-del-lasexta","status":"publish","type":"post","link":"https:\/\/www.europesays.com\/es\/230045\/","title":{"rendered":"Juicio al fiscal general, en directo | Hablan m\u00e1s periodistas que informaron sobre el correo filtrado del &#8211; LaSexta"},"content":{"rendered":"<ol>\n<li><a href=\"https:\/\/news.google.com\/rss\/articles\/CBMi5gFBVV95cUxNT0ppdC1CZjJxcFdyZVo5U0M0R1M0ZjNtQkExWU5SSEhIQ3RRNjRPZlRvbE12SHNnTmRES2JnQVk4RG8yRVhPVUphak9UcEJ6U0E2VmNLcVB4bGQ4SnJ5Tmt3ZHBCbVdEd01uSFVSOXFXWHVCMndwTkhzQW93RWRWRjAtc3NqcEI2aGNscjZ3bDZaLWVLQjFVVHVKMVU4aVJYMWtFSm85bTU2WGlCTWVNMEZ2UnByRzVHR1JIOFp6dnhxZkozVER3ejJnaWd1WHNIbllKWDluZWMwMUtZcDNpWm5vY3FkQQ?oc=5\" target=\"_blank\" rel=\"nofollow noopener\">Juicio al fiscal general, en directo | Hablan m\u00e1s periodistas que informaron sobre el correo filtrado del<\/a>&nbsp;&nbsp;LaSexta<\/li>\n<li><a href=\"https:\/\/news.google.com\/rss\/articles\/CBMihwFBVV95cUxPenNNc3gwVjRRVE1pT0pnc0JTSWxjajNORXBmVm5pU0c2WFIweXpkY19qSTlKaTdkdThRT1N5LTdmYXFTSkxUSGRKcWRrelNaZzlkME43RlVBR0JOTjJuTURQOERhNlh5Z3hKYkxRY3BOX2MzTmhqeElUTjRSYWNHQ2VVZHFQVUU?oc=5\" target=\"_blank\" rel=\"nofollow noopener\">Garc\u00eda Ortiz deber\u00eda haber renunciado antes del juicio: la mayor\u00eda de los espa\u00f1oles y un 40% de los socialistas quer\u00edan su retirada<\/a>&nbsp;&nbsp;El Mundo<\/li>\n<li><a href=\"https:\/\/news.google.com\/rss\/articles\/CBMiwgFBVV95cUxQQ19USGVDRjdYeWlEd3hheE1HdGgxSVRvWDRqZ1hYUFQ3MTRKbTJ5cFEwcUZ0WFdUQ3BycVFJU0Vtak5ETTdLT0loR0lvTnVIVUNwWWkwQ1VYcDNYWGRxTXc0cHFIS1l6YXhxQ3pEeGxHNTRmaWxWRUgyalpSNmlxZXdSMEl4V0NLYlp3THhZaTE4X0h6cXFwaV80TmtGME94Q3pac1VUc1JIV01QQVo4TzhQZFBEbDN3SnJ4a29yaHdmZw?oc=5\" target=\"_blank\" rel=\"nofollow noopener\">Juicio al fiscal general del Estado, \u00c1lvaro Garc\u00eda Ortiz, en directo<\/a>&nbsp;&nbsp;EL PA\u00cdS<\/li>\n<li><a href=\"https:\/\/news.google.com\/rss\/articles\/CBMisgFBVV95cUxOWXJDbHdJWTJnaFVObXJOUkg5aTRRenE2dDhqcE9PbGhMLUkxdHpZOW9oQUlCNVI5bkVqalYydElScU9tbTlydGZ3N3BUdDNEMVVpcWdsbDdMOWJMN3ltMmRONW9HdTZGUjRRMzFXT2stSDFMb0l6X1JOUGF3T2d1ck9aOVFMQ190aVNhRmpwT2Z5RWJld2RoOHZOV0dVUmtud2RCYmkzX0Z2aEJxN3dKcDN3?oc=5\" target=\"_blank\" rel=\"nofollow noopener\">La nueva tanda de periodistas con la que cuenta a su favor el fiscal general del Estado<\/a>&nbsp;&nbsp;La Vanguardia<\/li>\n<li><a href=\"https:\/\/news.google.com\/rss\/articles\/CBMiggJBVV95cUxONmFVVDBYSm9weTZIZ3Ixald0Wm5nS2tfZEIzdjRrcHJaUVIxc1ZyZUxYTW9FalRTNWQ4bGJXS3RpUjM3LVdKMzVMeFEzeC1mYk1fb2NBTGJlbmhpNmZNdkwtaG5qTlRNVmhqRU5YNVk4dU9lYlBvQXRCSmpNa0J1eFFYY2ZqVURJU2lvMWZvUk1GdnZqanRvM1ZNa3FzX2FlLVVXZDk5eDB1Z19IRk1lc2VTeTlqd29mMm5oRVpBbTZpdkU1OTFybXROcDVqc0RJbWNOb05uN0xERmRVT2NBUHpVYzJXQmVEYTg0alFvcEFXVWozMTkxUG51MlN2TnhUeVE?oc=5\" target=\"_blank\" rel=\"nofollow noopener\">Federico a las 6: Declara en el TS el periodista que public\u00f3 integro el mail de Garc\u00eda Ortiz<\/a>&nbsp;&nbsp;esRadio<\/li>\n<\/ol>\n","protected":false},"excerpt":{"rendered":"Juicio al fiscal general, en directo | Hablan m\u00e1s periodistas que informaron sobre el correo filtrado del&nbsp;&nbsp;LaSexta Garc\u00eda&hellip;\n","protected":false},"author":2,"featured_media":228712,"comment_status":"","ping_status":"","sticky":false,"template":"","format":"standard","meta":{"footnotes":""},"categories":[8],"tags":[17,18,25,24,13,14,11,19,20,9,10,15,16,23,12,21,22],"class_list":{"0":"post-230045","1":"post","2":"type-post","3":"status-publish","4":"format-standard","5":"has-post-thumbnail","7":"category-espana","8":"tag-breaking-news","9":"tag-breakingnews","10":"tag-es","11":"tag-espana","12":"tag-featured-news","13":"tag-featurednews","14":"tag-headlines","15":"tag-latest-news","16":"tag-latestnews","17":"tag-news","18":"tag-noticias","19":"tag-noticias-destacadas","20":"tag-noticiasdestacadas","21":"tag-spain","22":"tag-titulares","23":"tag-ultimas-noticias","24":"tag-ultimasnoticias"},"share_on_mastodon":{"url":"https:\/\/pubeurope.com\/@es\/115530105145641003","error":""},"_links":{"self":[{"href":"https:\/\/www.europesays.com\/es\/wp-json\/wp\/v2\/posts\/230045","targetHints":{"allow":["GET"]}}],"collection":[{"href":"https:\/\/www.europesays.com\/es\/wp-json\/wp\/v2\/posts"}],"about":[{"href":"https:\/\/www.europesays.com\/es\/wp-json\/wp\/v2\/types\/post"}],"author":[{"embeddable":true,"href":"https:\/\/www.europesays.com\/es\/wp-json\/wp\/v2\/users\/2"}],"replies":[{"embeddable":true,"href":"https:\/\/www.europesays.com\/es\/wp-json\/wp\/v2\/comments?post=230045"}],"version-history":[{"count":0,"href":"https:\/\/www.europesays.com\/es\/wp-json\/wp\/v2\/posts\/230045\/revisions"}],"wp:featuredmedia":[{"embeddable":true,"href":"https:\/\/www.europesays.com\/es\/wp-json\/wp\/v2\/media\/228712"}],"wp:attachment":[{"href":"https:\/\/www.europesays.com\/es\/wp-json\/wp\/v2\/media?parent=230045"}],"wp:term":[{"taxonomy":"category","embeddable":true,"href":"https:\/\/www.europesays.com\/es\/wp-json\/wp\/v2\/categories?post=230045"},{"taxonomy":"post_tag","embeddable":true,"href":"https:\/\/www.europesays.com\/es\/wp-json\/wp\/v2\/tags?post=230045"}],"curies":[{"name":"wp","href":"https:\/\/api.w.org\/{rel}","templated":true}]}}