{"id":230066,"date":"2025-11-11T08:43:10","date_gmt":"2025-11-11T08:43:10","guid":{"rendered":"https:\/\/www.europesays.com\/es\/230066\/"},"modified":"2025-11-11T08:43:10","modified_gmt":"2025-11-11T08:43:10","slug":"la-nasa-ha-retenido-informacion-clave-del-3i-atlas-y-este-es-el-motivo-no-hay-misterio-hay-papeleo","status":"publish","type":"post","link":"https:\/\/www.europesays.com\/es\/230066\/","title":{"rendered":"La NASA ha retenido informaci\u00f3n clave del 3I\/ATLAS y este es el motivo: \u201cNo hay misterio, hay papeleo\u201d"},"content":{"rendered":"<p class=\"\">Cuando la <b>NASA<\/b> deja de informar, medio planeta empieza a imaginar conspiraciones. Desde que el <b>cometa 3I\/ATLAS<\/b> pas\u00f3 por el <b>perihelio<\/b> y la agencia espacial estadounidense no public\u00f3 ni una foto, las redes se llenaron de teor\u00edas: que si trae vida, que si es una nave camuflada, que si nos ocultan algo gordo. Nada nuevo bajo el Sol\u2026 salvo que esta vez el silencio tiene una explicaci\u00f3n tan aburrida que casi da rabia: <b>burocracia pura y dura<\/b>.<\/p>\n<p class=\"\">Desde el <b>1 de octubre<\/b>, el gobierno de <b>EE.\u202fUU.<\/b> mantiene un <b>cierre parcial<\/b> tras no aprobar el presupuesto a tiempo. \u00bfConsecuencia? La <b>NASA<\/b> funciona con un <b>17\u202f% de su plantilla<\/b>, y no precisamente para subir fotos a redes sociales. Est\u00e1n centrados en lo urgente: la <b>Estaci\u00f3n Espacial Internacional<\/b>, <b>Artemis<\/b> y la seguridad de las naves. Todo lo dem\u00e1s, incluido el procesamiento y publicaci\u00f3n de datos astron\u00f3micos, ha quedado en pausa. <b>\u201cNo hay misterio, hay papeleo\u201d<\/b>, dec\u00eda un portavoz en X, pero claro, intenta explicarle eso a alguien que lleva semanas leyendo que un cometa interestelar est\u00e1 acelerando sin raz\u00f3n y apuntando su cola hacia el Sol. La imaginaci\u00f3n vuela m\u00e1s r\u00e1pido que la luz.<\/p>\n<p class=\"\"><b>No es que falten im\u00e1genes. Las hay.<\/b> Pero son puntos borrosos que necesitan ser analizados antes de hacerse p\u00fablicos. Las tomas del orbitador <b>HiRISE<\/b> y los espectros del <b>ExoMars<\/b> requieren semanas de trabajo antes de que alguien se atreva a ponerlos en la web. <b>\u201cPreferimos dar datos s\u00f3lidos, no alimentar rumores\u201d<\/b>, explicaba un ingeniero del <b>JPL<\/b>. Mientras tanto, los foros hierven: \u00bfpor qu\u00e9 no ense\u00f1an nada? \u00bfQu\u00e9 esconden? Pues nada, salvo que los cient\u00edficos tambi\u00e9n sufren la pol\u00edtica. Y para rematar, las im\u00e1genes buenas llegar\u00e1n en <b>febrero de 2026<\/b>, cuando se complete el an\u00e1lisis del perihelio y la misi\u00f3n <b>Juice<\/b> aporte datos frescos. Hasta entonces, paciencia.<\/p>\n<p><img decoding=\"async\" src=\"https:\/\/www.europesays.com\/es\/wp-content\/uploads\/2025\/11\/VWBO7UBRLRBWFLWP6VL2333KQA.jpg\" alt=\"La NASA ha retenido informaci\u00f3n clave del 3I\/ATLAS y este es el motivo: \u201cNo hay misterio, hay papeleo\u201d\" height=\"1080\" width=\"1920\"   loading=\"lazy\"\/>Una de las pocas im\u00e1genes del cometa 3I\/ATLAS publicadas por la NASA.Yeseline Trejo Miranda<\/p>\n<p class=\"\">Mientras la <b>NASA<\/b> calla, el cometa sigue haciendo de las suyas. Despu\u00e9s del perihelio, sobrevivi\u00f3 al calor del Sol y sali\u00f3 m\u00e1s brillante. <b>Hasta ah\u00ed, todo normal.<\/b> Pero lo que trae de cabeza a los astr\u00f3nomos es que sigue <b>acelerando de forma no gravitacional<\/b>.<b> <\/b>\u00bfPor qu\u00e9? Porque los modelos cl\u00e1sicos no explican esa desviaci\u00f3n. Y cuando la teor\u00eda falla, toca improvisar. Algunos apuntan a <b>chorros de gas<\/b> que act\u00faan como propulsores, otros a <b>efectos t\u00e9rmicos<\/b> que no entendemos bien. Nadie se pone de acuerdo.<\/p>\n<p class=\"\">Por si fuera poco, los <b>espectros recientes<\/b> a\u00f1aden m\u00e1s le\u00f1a al fuego: <b>presencia de sodio<\/b> y <b>ausencia de compuestos t\u00edpicos<\/b> como el cian\u00f3geno. \u00bfQu\u00e9 significa? Que su qu\u00edmica no encaja con la de los cometas que conocemos. \u00bfEstamos ante un <b>objeto interestelar puro<\/b>? \u00bfO un h\u00edbrido que pas\u00f3 tiempo en otro sistema antes de ser expulsado? Nadie lo sabe.<\/p>\n<p class=\"\">Y hay m\u00e1s: las \u00faltimas im\u00e1genes del <b>Lowell Discovery Telescope<\/b> muestran una <b>coma m\u00e1s irregular y cambios en el brillo<\/b>, se\u00f1ales que algunos astr\u00f3nomos interpretan como posible inicio de <b>fragmentaci\u00f3n<\/b>. No hay confirmaci\u00f3n oficial, pero este comportamiento no ser\u00eda raro: cometas sometidos a calor extremo suelen partirse, como ocurri\u00f3 con <b>C\/2019 Y4 (ATLAS)<\/b> en 2020. \u201cEstos cambios podr\u00edan indicar que el n\u00facleo est\u00e1 bajo estr\u00e9s t\u00e9rmico\u201d, explican investigadores en foros cient\u00edficos. Si se confirma, podr\u00edamos ver c\u00f3mo el cometa se rompe en pedazos en los pr\u00f3ximos meses.<\/p>\n<p>Noticias relacionadas<a href=\"https:\/\/as.com\/actualidad\/sociedad\/la-fecha-de-noviembre-en-la-que-el-cometa-3iatlas-se-dejara-ver-para-miles-de-amantes-de-la-astronomia-f202511-n\/\" class=\"s_m_w _rt-16x9\" title=\"A partir del 28-30 de noviembre, y si tienes un cielo oscuro sin contaminaci\u00f3n lum\u00ednica, podr\u00e1s buscarlo muy bajo en el horizonte este con un telescopio de al menos 150 mm de apertura. Una oportunidad \u00fanica para seguir un viajero que nunca volver\u00e1.\" data-tb-link=\"\" rel=\"nofollow noopener\" target=\"_blank\"><img decoding=\"async\" src=\"https:\/\/www.europesays.com\/es\/wp-content\/uploads\/2025\/11\/1762850590_195_VEG3M4GMGZCUBMD3VWNTHYPZ3M.jpg\" alt=\"La fecha de noviembre en la que el cometa 3I\/ATLAS se dejar\u00e1 ver para miles de amantes de la astronom\u00eda\" class=\"\" height=\"1\" width=\"1\"   loading=\"lazy\" data-tb-thumbnail=\"\"\/><\/a><a href=\"https:\/\/as.com\/actualidad\/ciencia\/el-aceleron-no-gravitacional-del-cometa-3iatlas-que-suscita-recelo-entre-los-cientificos-la-fisica-se-queda-sin-excusas-f202511-n\/\" class=\"s_m_w _rt-16x9\" title=\"Nunca hab\u00edamos visto nada igual: un objeto interestelar que acelera sin motivo aparente. Si en diciembre no aparece la nube de gas prevista, el misterio ser\u00e1 a\u00fan mayor. Y tendremos que encontrar la respuesta antes de que el cometa se marche para siempre.\" data-tb-link=\"\" rel=\"nofollow noopener\" target=\"_blank\"><img decoding=\"async\" src=\"https:\/\/www.europesays.com\/es\/wp-content\/uploads\/2025\/11\/1762850590_461_NHTYET33CZEKLNJYZFF2Z2KSCE.jpg\" alt=\"El aceler\u00f3n no gravitacional del cometa 3I\/ATLAS que suscita recelo entre los cient\u00edficos: \u201cLa f\u00edsica se queda sin excusas\u201d\" class=\"\" height=\"1\" width=\"1\"   loading=\"lazy\" data-tb-thumbnail=\"\"\/><\/a><\/p>\n<p class=\"\">La <b>ESA<\/b> y la <b>NASA<\/b> planean usar <b>3I\/ATLAS<\/b> como banco de pruebas para <b>modelos de din\u00e1mica no gravitacional<\/b>. Sus datos est\u00e1n rompiendo predicciones cl\u00e1sicas y podr\u00edan cambiar c\u00f3mo entendemos los <b>objetos interestelares<\/b>. Las observaciones m\u00e1s reveladoras llegar\u00e1n en <b>febrero de 2026<\/b>, cuando se complete el an\u00e1lisis del perihelio y las misiones <b>Juice<\/b> y <b>ExoMars<\/b> aporten espectros m\u00e1s finos. Hasta entonces, toca esperar\u2026 y seguir mirando al cielo, porque este cometa no ha terminado de sorprendernos.<\/p>\n<p class=\"\"><b>\u00a1Tus opiniones importan!<\/b> Comenta en los art\u00edculos y suscr\u00edbete gratis a nuestra <a href=\"https:\/\/asfan.as.com\/newsletters\/\" target=\"_blank\" rel=\"nofollow noopener\" title=\"https:\/\/asfan.as.com\/newsletters\/\">newsletter<\/a> y a las alertas informativas en la <a href=\"https:\/\/as.com\/aplicacion-de-as-n\/\" target=\"_blank\" rel=\"nofollow noopener\" title=\"https:\/\/as.com\/aplicacion-de-as-n\/\">App<\/a> o el canal de <a href=\"https:\/\/www.whatsapp.com\/channel\/0029VaAasdA7j6g745nz9M10\" target=\"_blank\" rel=\"nofollow noopener\" title=\"https:\/\/www.whatsapp.com\/channel\/0029VaAasdA7j6g745nz9M10\">WhatsApp<\/a>. \u00bfBuscas licenciar contenido? Haz clic <a href=\"https:\/\/profesional.elpais.com\/soluciones-sindicacion?utm_medium=interno&amp;utm_source=crosslinking&amp;utm_campaign=sindicacion_as_pie_articulos\" target=\"_blank\" rel=\"nofollow noopener\" title=\"https:\/\/profesional.elpais.com\/soluciones-sindicacion?utm_medium=interno&amp;utm_source=crosslinking&amp;utm_campaign=sindicacion_as_pie_articulos\">aqu\u00ed<\/a><\/p>\n","protected":false},"excerpt":{"rendered":"Cuando la NASA deja de informar, medio planeta empieza a imaginar conspiraciones. Desde que el cometa 3I\/ATLAS pas\u00f3&hellip;\n","protected":false},"author":2,"featured_media":230067,"comment_status":"","ping_status":"","sticky":false,"template":"","format":"standard","meta":{"footnotes":""},"categories":[81],"tags":[119,123,124,25,24,117,121,122,23,118,120],"class_list":{"0":"post-230066","1":"post","2":"type-post","3":"status-publish","4":"format-standard","5":"has-post-thumbnail","7":"category-ciencia-y-tecnologia","8":"tag-ciencia","9":"tag-ciencia-y-tecnologia","10":"tag-cienciaytecnologia","11":"tag-es","12":"tag-espana","13":"tag-science","14":"tag-science-and-technology","15":"tag-scienceandtechnology","16":"tag-spain","17":"tag-technology","18":"tag-tecnologia"},"share_on_mastodon":{"url":"https:\/\/pubeurope.com\/@es\/115530184294335113","error":""},"_links":{"self":[{"href":"https:\/\/www.europesays.com\/es\/wp-json\/wp\/v2\/posts\/230066","targetHints":{"allow":["GET"]}}],"collection":[{"href":"https:\/\/www.europesays.com\/es\/wp-json\/wp\/v2\/posts"}],"about":[{"href":"https:\/\/www.europesays.com\/es\/wp-json\/wp\/v2\/types\/post"}],"author":[{"embeddable":true,"href":"https:\/\/www.europesays.com\/es\/wp-json\/wp\/v2\/users\/2"}],"replies":[{"embeddable":true,"href":"https:\/\/www.europesays.com\/es\/wp-json\/wp\/v2\/comments?post=230066"}],"version-history":[{"count":0,"href":"https:\/\/www.europesays.com\/es\/wp-json\/wp\/v2\/posts\/230066\/revisions"}],"wp:featuredmedia":[{"embeddable":true,"href":"https:\/\/www.europesays.com\/es\/wp-json\/wp\/v2\/media\/230067"}],"wp:attachment":[{"href":"https:\/\/www.europesays.com\/es\/wp-json\/wp\/v2\/media?parent=230066"}],"wp:term":[{"taxonomy":"category","embeddable":true,"href":"https:\/\/www.europesays.com\/es\/wp-json\/wp\/v2\/categories?post=230066"},{"taxonomy":"post_tag","embeddable":true,"href":"https:\/\/www.europesays.com\/es\/wp-json\/wp\/v2\/tags?post=230066"}],"curies":[{"name":"wp","href":"https:\/\/api.w.org\/{rel}","templated":true}]}}