{"id":230072,"date":"2025-11-11T08:46:10","date_gmt":"2025-11-11T08:46:10","guid":{"rendered":"https:\/\/www.europesays.com\/es\/230072\/"},"modified":"2025-11-11T08:46:10","modified_gmt":"2025-11-11T08:46:10","slug":"la-averia-de-un-camion-portacoches-colapsa-la-a-7-en-rincon-de-la-victoria","status":"publish","type":"post","link":"https:\/\/www.europesays.com\/es\/230072\/","title":{"rendered":"La aver\u00eda de un cami\u00f3n portacoches colapsa la A-7 en Rinc\u00f3n de la Victoria"},"content":{"rendered":"<p>La aver\u00eda de un cami\u00f3n portacoches con remolque a primera hora de la ma\u00f1ana de este martes 11 de noviembre est\u00e1 colapsando la A-7  &#8230; de M\u00e1laga a la altura de Rinc\u00f3n de la V\u00edctoria. Seg\u00fan fuentes del Centro de Gesti\u00f3n del Tr\u00e1fico, el veh\u00edculo, de grandes dimensiones, se ha quedado parado en la calzada sobre las 7.15 horas, en el kil\u00f3metro 971.100, sentido M\u00e1laga, generando hasta nueve kil\u00f3metros de retenciones.<\/p>\n<p class=\"v-p\">Hasta el lugar del suceso se han desplazado efectivos de la Guardia Civil y de mantenimiento de carreteras. El cami\u00f3n portacoches se encuentra en el carril derecho que permanece en un tramo cerrado al tr\u00e1fico. El incidente ha coincidido con la hora punta de traslado a centros de trabajo y centros educativos. Sobre las 9.00 horas, la caravana de veh\u00edculos llegaba hasta el n\u00facleo poblacional de Benajarafe.<\/p>\n<p><img decoding=\"async\" loading=\"lazy\" src=\"https:\/\/www.europesays.com\/es\/wp-content\/uploads\/2025\/11\/camion-2-kS1B-U240189506687g3H-624x385@Diario Sur-DiarioSur.jpg\" class=\"v-a-img\" width=\"624\" height=\"385\" alt=\"Imagen del cami\u00f3n averiado este martes.\" data-voc-vtm-id=\"in-text-traffic\"\/><\/p>\n<p>Imagen del cami\u00f3n averiado este martes.<\/p>\n<p>SUR<\/p>\n<p><img loading=\"lazy\" decoding=\"async\" src=\"https:\/\/www.europesays.com\/es\/wp-content\/uploads\/2025\/11\/camion-2-kS1B-U240189506687g3H-624x385@Diario Sur-DiarioSur.jpg\" class=\"v-mdl__img-z\" width=\"624\" height=\"385\" alt=\"\"\/><\/p>\n<p>Otros accidentes en la A-7<\/p>\n<p class=\"v-p\">Se da la circunstancia de que, justo la semana pasada, el vuelco de otro cami\u00f3n en la misma carretera, la A-7, ocasion\u00f3 importantes <a href=\"https:\/\/www.diariosur.es\/sucesos\/vuelco-camion-malaga-provoca-retenciones-chilches-20251105075055-nt.html\" data-voc-vtm-id=\"in-text-traffic\" title=\"retenciones a la altura de Chilches\" data-mrf-link=\"www.diariosur.es\" rel=\"nofollow noopener\" target=\"_blank\">retenciones a la altura de Chilches<\/a>. El accidente, una colisi\u00f3n entre un cami\u00f3n y una furgoneta con resultado del cami\u00f3n volcado lateralmente, se registr\u00f3 sobre las 6.15 horas y complic\u00f3 la circulaci\u00f3n a la altura de este n\u00facleo poblacional de V\u00e9lez-M\u00e1laga. El siniestro se registr\u00f3 sentido M\u00e1laga y el cami\u00f3n qued\u00f3 ocupando el carril derecho de la calzada generando retenciones de hasta menos cinco kil\u00f3metros durante gran parte de la ma\u00f1ana.<\/p>\n<p class=\"v-p\">Asimismo, a finales del mes de octubre, otro cami\u00f3n averiado cerca del t<a href=\"https:\/\/www.diariosur.es\/sucesos\/camion-averiado-cerca-tunel-san-jose-complica-20251023084442-nt.html\" data-voc-vtm-id=\"in-text-traffic\" title=\"\u00fanel de San Jos\u00e9 complic\u00f3 tambi\u00e9n entonces el tr\u00e1fico en la A-7\" data-mrf-link=\"www.diariosur.es\" rel=\"nofollow noopener\" target=\"_blank\">\u00fanel de San Jos\u00e9 complic\u00f3 tambi\u00e9n entonces el tr\u00e1fico en la A-7<\/a>, en este caso desde M\u00e1laga hacia Rinc\u00f3n de la Victoria. El incidente provoc\u00f3 en esta ocasi\u00f3n cerca de doce kil\u00f3metros de retenciones en plena hora punta. Tras la retirada del veh\u00edculo, la zona recuper\u00f3 la normalidad horas m\u00e1s tarde.<\/p>\n","protected":false},"excerpt":{"rendered":"La aver\u00eda de un cami\u00f3n portacoches con remolque a primera hora de la ma\u00f1ana de este martes 11&hellip;\n","protected":false},"author":2,"featured_media":230073,"comment_status":"","ping_status":"","sticky":false,"template":"","format":"standard","meta":{"footnotes":""},"categories":[8],"tags":[15862,17,18,41318,13787,25,24,13,14,11,19,20,9,10,15,16,60340,9027,23,12,21,22,1261],"class_list":{"0":"post-230072","1":"post","2":"type-post","3":"status-publish","4":"format-standard","5":"has-post-thumbnail","7":"category-espana","8":"tag-averia","9":"tag-breaking-news","10":"tag-breakingnews","11":"tag-camion","12":"tag-colapsa","13":"tag-es","14":"tag-espana","15":"tag-featured-news","16":"tag-featurednews","17":"tag-headlines","18":"tag-latest-news","19":"tag-latestnews","20":"tag-news","21":"tag-noticias","22":"tag-noticias-destacadas","23":"tag-noticiasdestacadas","24":"tag-portacoches","25":"tag-rincon","26":"tag-spain","27":"tag-titulares","28":"tag-ultimas-noticias","29":"tag-ultimasnoticias","30":"tag-victoria"},"share_on_mastodon":{"url":"https:\/\/pubeurope.com\/@es\/115530195918764126","error":""},"_links":{"self":[{"href":"https:\/\/www.europesays.com\/es\/wp-json\/wp\/v2\/posts\/230072","targetHints":{"allow":["GET"]}}],"collection":[{"href":"https:\/\/www.europesays.com\/es\/wp-json\/wp\/v2\/posts"}],"about":[{"href":"https:\/\/www.europesays.com\/es\/wp-json\/wp\/v2\/types\/post"}],"author":[{"embeddable":true,"href":"https:\/\/www.europesays.com\/es\/wp-json\/wp\/v2\/users\/2"}],"replies":[{"embeddable":true,"href":"https:\/\/www.europesays.com\/es\/wp-json\/wp\/v2\/comments?post=230072"}],"version-history":[{"count":0,"href":"https:\/\/www.europesays.com\/es\/wp-json\/wp\/v2\/posts\/230072\/revisions"}],"wp:featuredmedia":[{"embeddable":true,"href":"https:\/\/www.europesays.com\/es\/wp-json\/wp\/v2\/media\/230073"}],"wp:attachment":[{"href":"https:\/\/www.europesays.com\/es\/wp-json\/wp\/v2\/media?parent=230072"}],"wp:term":[{"taxonomy":"category","embeddable":true,"href":"https:\/\/www.europesays.com\/es\/wp-json\/wp\/v2\/categories?post=230072"},{"taxonomy":"post_tag","embeddable":true,"href":"https:\/\/www.europesays.com\/es\/wp-json\/wp\/v2\/tags?post=230072"}],"curies":[{"name":"wp","href":"https:\/\/api.w.org\/{rel}","templated":true}]}}