{"id":230094,"date":"2025-11-11T09:05:08","date_gmt":"2025-11-11T09:05:08","guid":{"rendered":"https:\/\/www.europesays.com\/es\/230094\/"},"modified":"2025-11-11T09:05:08","modified_gmt":"2025-11-11T09:05:08","slug":"la-mirada-critica-cayetano-rivera-lanza-un-rotundo-mensaje-a-la-audiencia-tras-su-aparatoso-accidente-cuando-se-conduce","status":"publish","type":"post","link":"https:\/\/www.europesays.com\/es\/230094\/","title":{"rendered":"La mirada cr\u00edtica: Cayetano Rivera lanza un rotundo mensaje a la audiencia tras su aparatoso accidente: \u00abCuando se conduce&#8230;\u00bb"},"content":{"rendered":"<p class=\"voc-p\" style=\"\">Este lunes el accidente de tr\u00e1fico <strong>Cayetano Rivera<\/strong> a la entrada de su urbanizaci\u00f3n paralizaba las redacciones de los programas. As\u00ed, espacios como &#8216;<a href=\"https:\/\/www.abc.es\/play\/television\/noticias\/ana-rosa-quintana-reacciona-rotunda-frase-accidente-20251110112710-nt.html\" target=\"_self\" data-voc-vtm-id=\"in-text-traffic\" title=\"El programa de Ana Rosa\" data-mrf-link=\"www.abc.es\" rel=\"nofollow noopener\">El programa de Ana Rosa<\/a>&#8216; (Telecinco) o &#8216;<a href=\"https:\/\/www.abc.es\/play\/television\/noticias\/saltan-alarmas-cayetano-rivera-nuevas-companias-preocupacion-20251110120440-nt.html\" target=\"_self\" data-voc-vtm-id=\"in-text-traffic\" title=\"Espejo P\u00fablico\" data-mrf-link=\"www.abc.es\" rel=\"nofollow noopener\">Espejo P\u00fablico<\/a>&#8216; (Antena 3) interrump\u00edan sus escaletas para dar cabida al inesperado  &#8230; suceso y enseguida se pon\u00eda en funcionamiento la maquinaria para recabar todos los datos que a medida que se iban dando eran m\u00e1s confusos y contradictorios. Pues bien, este martes, &#8216;La mirada cr\u00edtica&#8217; (Telecinco) ha aclarado algunos de los puntos m\u00e1s pol\u00e9micos del incidente y, adem\u00e1s, ha contado con el abogado del torero, Joaqu\u00edn Moeckel, que al final de su intervenci\u00f3n no solo ha revelado c\u00f3mo se encuentra Cayetano, sino que ha dejado a la audiencia un contundente <strong>mensaje<\/strong> de parte del diestro.<\/p>\n<p class=\"voc-p\" style=\"\">&#8216;La mirada cr\u00edtica&#8217; llegaba a la recta final de su emisi\u00f3n, cuando pon\u00eda sobre la mesa el accidente de<strong> Cayetano Rivera<\/strong>. As\u00ed, el programa de Telecinco, de boca de Alfonso Egea, colaborador, aclaraba que el torero no se hab\u00eda dado a la fuga y que el <strong>accidente<\/strong> hab\u00eda tenido lugar justo al lado de la vivienda de este. <\/p>\n<p class=\"voc-p\" style=\"\">Pero, adem\u00e1s, el espacio de actualidad cont\u00f3 con el abogado del <a href=\"https:\/\/www.abc.es\/gente\/cayetano-rivera-pronuncia-tras-accidente-bien-intentando-20251111070316-nt.html\" target=\"_self\" data-voc-vtm-id=\"in-text-traffic\" title=\"torero\" data-mrf-link=\"www.abc.es\" rel=\"nofollow noopener\">torero<\/a> que fue rotundo a la hora de revelar si <strong>Cayetano<\/strong> iba ebrio o no. \u00abNo. Si fuera ebrio habr\u00eda cometido un delito de la conducci\u00f3n bajo los efectos del alcohol\u00bb, se\u00f1alaba Joaqu\u00edn Moeckel. \u00abLas cosas no son tan f\u00e1ciles como parecen al principio. Lo que est\u00e1 claro es que se han contado cosas bastantes desastrosas. Cuando una persona se da a la fuga no se va a 25 metros, lo hace como Rold\u00e1n. Si la polic\u00eda viese que hab\u00eda fuga le habr\u00eda acusado de ello y no lo ha hecho. La fuga no es moverte 20 metros de tu coche\u00bb, apuntaba el letrado a Ana Terradillos, presentadora de &#8216;La mirada cr\u00edtica&#8217;, que se interesaba por el estado de <strong>Rivera<\/strong>. <\/p>\n<p class=\"voc-p\" style=\"\">\u00abEsta muy aturdido, pero su integridad f\u00edsica est\u00e1 bien porque afortunadamente saltaron los airbags del coche y eso evit\u00f3 que tuviese m\u00e1s lesiones\u00bb, revelaba el abogado de <strong>Cayetano Rivera<\/strong> que para terminar su participaci\u00f3n en &#8216;<a href=\"https:\/\/www.abc.es\/play\/television\/noticias\/casa-acorralada-inquiokupa-amenazas-muerte-agresiones-insultos-20251110100300-nt.html\" target=\"_self\" data-voc-vtm-id=\"in-text-traffic\" title=\"La mirada cr\u00edtica\" data-mrf-link=\"www.abc.es\" rel=\"nofollow noopener\">La mirada cr\u00edtica<\/a>&#8216; trasladaba a la audiencia unas palabras del torero. \u00abUn <strong>mensaje<\/strong> que manda Cayetano a todo el mundo: cuando se conduce hay que estar con toda la conciencia puesta en conducir y no hay que buscar el mando de levantar la valla, ese mando hay que levantarlo antes\u00bb, sentenciaba el invitado del programa de Telecinco.<\/p>\n<p>\nArt\u00edculo solo para suscriptores\n<\/p>\n<p>Reportar un error<\/p>\n","protected":false},"excerpt":{"rendered":"Este lunes el accidente de tr\u00e1fico Cayetano Rivera a la entrada de su urbanizaci\u00f3n paralizaba las redacciones de&hellip;\n","protected":false},"author":2,"featured_media":230095,"comment_status":"","ping_status":"","sticky":false,"template":"","format":"standard","meta":{"footnotes":""},"categories":[91],"tags":[4205,59174,4294,4812,17608,346,146,147,25,24,2629,8079,10787,23,575],"class_list":{"0":"post-230094","1":"post","2":"type-post","3":"status-publish","4":"format-standard","5":"has-post-thumbnail","7":"category-entretenimiento","8":"tag-accidente","9":"tag-aparatoso","10":"tag-audiencia","11":"tag-cayetano","12":"tag-conduce","13":"tag-contundente","14":"tag-entertainment","15":"tag-entretenimiento","16":"tag-es","17":"tag-espana","18":"tag-lanza","19":"tag-mensaje","20":"tag-rivera","21":"tag-spain","22":"tag-tras"},"share_on_mastodon":{"url":"https:\/\/pubeurope.com\/@es\/115530270296052988","error":""},"_links":{"self":[{"href":"https:\/\/www.europesays.com\/es\/wp-json\/wp\/v2\/posts\/230094","targetHints":{"allow":["GET"]}}],"collection":[{"href":"https:\/\/www.europesays.com\/es\/wp-json\/wp\/v2\/posts"}],"about":[{"href":"https:\/\/www.europesays.com\/es\/wp-json\/wp\/v2\/types\/post"}],"author":[{"embeddable":true,"href":"https:\/\/www.europesays.com\/es\/wp-json\/wp\/v2\/users\/2"}],"replies":[{"embeddable":true,"href":"https:\/\/www.europesays.com\/es\/wp-json\/wp\/v2\/comments?post=230094"}],"version-history":[{"count":0,"href":"https:\/\/www.europesays.com\/es\/wp-json\/wp\/v2\/posts\/230094\/revisions"}],"wp:featuredmedia":[{"embeddable":true,"href":"https:\/\/www.europesays.com\/es\/wp-json\/wp\/v2\/media\/230095"}],"wp:attachment":[{"href":"https:\/\/www.europesays.com\/es\/wp-json\/wp\/v2\/media?parent=230094"}],"wp:term":[{"taxonomy":"category","embeddable":true,"href":"https:\/\/www.europesays.com\/es\/wp-json\/wp\/v2\/categories?post=230094"},{"taxonomy":"post_tag","embeddable":true,"href":"https:\/\/www.europesays.com\/es\/wp-json\/wp\/v2\/tags?post=230094"}],"curies":[{"name":"wp","href":"https:\/\/api.w.org\/{rel}","templated":true}]}}