{"id":230099,"date":"2025-11-11T09:08:08","date_gmt":"2025-11-11T09:08:08","guid":{"rendered":"https:\/\/www.europesays.com\/es\/230099\/"},"modified":"2025-11-11T09:08:08","modified_gmt":"2025-11-11T09:08:08","slug":"rusia-recluta-reservistas-en-masa-para-defender-las-infraestructuras-criticas-de-los-drones-ucranianos","status":"publish","type":"post","link":"https:\/\/www.europesays.com\/es\/230099\/","title":{"rendered":"Rusia recluta reservistas en masa para defender las infraestructuras cr\u00edticas de los drones ucranianos"},"content":{"rendered":"<p style=\"\">Para poder proteger las instalaciones cr\u00edticas, diferentes entidades federales de Rusia han empezado una campa\u00f1a de reclutamiento de reservistas. Los reiterados ataques de Ucrania contra refiner\u00edas son uno de los principales problemas de las autoridades rusas en la actualidad. La ley que permite el uso  &#8230; de reservistas tanto en tiempo de guerra como de paz (Mosc\u00fa a d\u00eda de hoy no ha declarado oficialmente la guerra a Ucrania) fue promulgada por el presidente ruso, <a href=\"https:\/\/www.abc.es\/noticias\/vladimir-putin\/\" target=\"_self\" data-voc-vtm-id=\"in-text-traffic\" title=\"Vlad\u00edmir Putin\" data-mrf-link=\"www.abc.es\" rel=\"nofollow noopener\">Vlad\u00edmir Putin<\/a>, el pasado 4 de noviembre. El principal objetivo de esta nueva hornada de militares ser\u00e1 combatir y derribar los drones ucranianos que amenacen activos importantes del Estado ruso.<\/p>\n<p class=\"voc-p\" style=\"\">Durante el per\u00edodo que est\u00e9n movilizados los reservistas se les dar\u00e1 un estatus de militar, es decir, con todos los beneficios relacionados como las prestaciones sociales y las remuneraciones. Se espera que los salarios oscilen entre los 400 euros para los soldados rasos y los 1.000 de los oficiales. Adem\u00e1s les esperan otras bonificaciones por firmar que van desde los 1.900 hasta los 3.000 euros. <\/p>\n<p class=\"voc-p\" style=\"\">Ni en Mosc\u00fa ni en la provincia hom\u00f3nima se ha llevado a cabo por ahora esta medida, pero s\u00ed en <strong>San Petersburgo y la regi\u00f3n de Leningrado<\/strong>, adem\u00e1s de otras del oeste del pa\u00eds como los \u00f3blasts de Kaliningrado, Smolensk, Tulskaya, Briansk, Pskov, Yaroslavl y Kursk; adem\u00e1s de Rostov, Chuvashia y Tatarst\u00e1n, tambi\u00e9n en la parte europea de Rusia; y en Tium\u00e9n y Krasnoyarsk en Siberia. En total son 19 entidades federales rusas los que han aplicado esta medida.<\/p>\n<p>\nTareas defensivas\n<\/p>\n<p class=\"voc-p\" style=\"\">El Ministerio de Defensa asegur\u00f3 que estos reservistas solo ser\u00e1n desplazados a sus regiones de origen para tareas defensivas, sin embargo, con la ley en la mano, las autoridades s\u00ed podr\u00edan traerlos al frente. En las regiones fronterizas como Belgorod, Bryansk y Kursk, las unidades BARS (Reserva del Ej\u00e9rcito Nacional en sus siglas en ruso) se establecieron en 2024. En aquel momento depend\u00edan de las autoridades locales y proteg\u00edan infraestructura estrat\u00e9gica. Incluso en 2023 ya hubo iniciativas similares con civiles y destac\u00f3 entonces que algunos de estos grupos estaban compuestos mayoritariamente por mujeres.<\/p>\n<p class=\"voc-p\" style=\"\">Las unidades BARS depend\u00edan de las autoridades locales y desempe\u00f1aban funciones similares de protecci\u00f3n de instalaciones e infraestructuras estrat\u00e9gicas. En <strong>Briansk y Kursk<\/strong> est\u00e1 previsto que se creen m\u00e1s unidades similares a las ya existentes. En esta parte de Rusia, la m\u00e1s cercana al frente, los equipos de reservistas se prev\u00e9 que, adem\u00e1s de defender la zona de drones, tambi\u00e9n se ocupar\u00e1n de impedir las actividades de los grupos de sabotaje enemigos, participar en la evacuaci\u00f3n de civiles si es necesario y apoyar en operaciones antiterroristas. <\/p>\n<p class=\"voc-p\" style=\"\">En esta zona es especialmente importante <a href=\"https:\/\/www.abc.es\/internacional\/putin-visita-primera-vez-kursk-ejercito-rusia-20250521093537-nt.html\" target=\"_self\" data-voc-vtm-id=\"in-text-traffic\" title=\"contar con personal militar para evitar que se repita\" data-mrf-link=\"www.abc.es\" rel=\"nofollow noopener\">contar con personal militar para evitar que se repita<\/a> lo que sucedi\u00f3 en Kursk, que fue parcialmente ocupada por el Ej\u00e9rcito ucraniano y voluntarios rusos anti-Putin desde agosto de 2024 hasta marzo de este mismo 2025. <\/p>\n<p class=\"voc-p\" style=\"\">En Tatarst\u00e1n, a finales de octubre se abri\u00f3 el reclutamiento de reservistas para la protecci\u00f3n de las <strong>instalaciones petrol\u00edferas en Kaz\u00e1n y Nizhnekamsk.<\/strong> En Bashkortost\u00e1n los reservistas proteger\u00e1n centrales energ\u00e9ticas y f\u00e1bricas petroqu\u00edmicas. En los \u00faltimos tramos de la guerra los drones se han convertido en una parte vital de la ofensiva y Kiev ha golpeado numerosas veces contra bases militares e infraestructura energ\u00e9tica. Aunque la mayor operaci\u00f3n fue la apodada &#8216;Telara\u00f1a&#8217; que consigui\u00f3 golpear simult\u00e1neamente en diferentes puntos del pa\u00eds alejados del frente, el mayor dolor de cabeza de las autoridades rusas son <a href=\"https:\/\/www.abc.es\/internacional\/ucrania-golpea-nuevo-refineria-rusa-saratov-agrava-20251103175201-nt.html\" target=\"_self\" data-voc-vtm-id=\"in-text-traffic\" title=\"los ataques contra refiner\u00edas de petr\u00f3leo\" data-mrf-link=\"www.abc.es\" rel=\"nofollow noopener\">los ataques contra refiner\u00edas de petr\u00f3leo<\/a>, que han provocado que el pa\u00eds con las segundas mayores reservas de &#8216;oro negro&#8217; del planeta tenga que importar combustible de otros pa\u00edses y mezclar gasolina con etanol y otros productos para aumentar su octanaje.<\/p>\n","protected":false},"excerpt":{"rendered":"Para poder proteger las instalaciones cr\u00edticas, diferentes entidades federales de Rusia han empezado una campa\u00f1a de reclutamiento de&hellip;\n","protected":false},"author":2,"featured_media":230100,"comment_status":"","ping_status":"","sticky":false,"template":"","format":"standard","meta":{"footnotes":""},"categories":[42],"tags":[17,18,6621,11358,8232,13,14,11,17853,61,62,63,64,19,20,9752,9,10,15,16,60344,25748,1614,12,47369,21,22,65,66,67],"class_list":{"0":"post-230099","1":"post","2":"type-post","3":"status-publish","4":"format-standard","5":"has-post-thumbnail","7":"category-internacional","8":"tag-breaking-news","9":"tag-breakingnews","10":"tag-criticas","11":"tag-defender","12":"tag-drones","13":"tag-featured-news","14":"tag-featurednews","15":"tag-headlines","16":"tag-infraestructuras","17":"tag-internacional","18":"tag-international","19":"tag-international-news","20":"tag-internationalnews","21":"tag-latest-news","22":"tag-latestnews","23":"tag-masa","24":"tag-news","25":"tag-noticias","26":"tag-noticias-destacadas","27":"tag-noticiasdestacadas","28":"tag-recluta","29":"tag-reservistas","30":"tag-rusia","31":"tag-titulares","32":"tag-ucranianos","33":"tag-ultimas-noticias","34":"tag-ultimasnoticias","35":"tag-world","36":"tag-world-news","37":"tag-worldnews"},"share_on_mastodon":{"url":"","error":"Validation failed: Text character limit of 500 exceeded"},"_links":{"self":[{"href":"https:\/\/www.europesays.com\/es\/wp-json\/wp\/v2\/posts\/230099","targetHints":{"allow":["GET"]}}],"collection":[{"href":"https:\/\/www.europesays.com\/es\/wp-json\/wp\/v2\/posts"}],"about":[{"href":"https:\/\/www.europesays.com\/es\/wp-json\/wp\/v2\/types\/post"}],"author":[{"embeddable":true,"href":"https:\/\/www.europesays.com\/es\/wp-json\/wp\/v2\/users\/2"}],"replies":[{"embeddable":true,"href":"https:\/\/www.europesays.com\/es\/wp-json\/wp\/v2\/comments?post=230099"}],"version-history":[{"count":0,"href":"https:\/\/www.europesays.com\/es\/wp-json\/wp\/v2\/posts\/230099\/revisions"}],"wp:featuredmedia":[{"embeddable":true,"href":"https:\/\/www.europesays.com\/es\/wp-json\/wp\/v2\/media\/230100"}],"wp:attachment":[{"href":"https:\/\/www.europesays.com\/es\/wp-json\/wp\/v2\/media?parent=230099"}],"wp:term":[{"taxonomy":"category","embeddable":true,"href":"https:\/\/www.europesays.com\/es\/wp-json\/wp\/v2\/categories?post=230099"},{"taxonomy":"post_tag","embeddable":true,"href":"https:\/\/www.europesays.com\/es\/wp-json\/wp\/v2\/tags?post=230099"}],"curies":[{"name":"wp","href":"https:\/\/api.w.org\/{rel}","templated":true}]}}