{"id":230103,"date":"2025-11-11T09:10:21","date_gmt":"2025-11-11T09:10:21","guid":{"rendered":"https:\/\/www.europesays.com\/es\/230103\/"},"modified":"2025-11-11T09:10:21","modified_gmt":"2025-11-11T09:10:21","slug":"este-viernes-el-escenario-del-centro-cultural-sera-de-ellas-ayuntamiento-de-la-villa-de-santa-brigida","status":"publish","type":"post","link":"https:\/\/www.europesays.com\/es\/230103\/","title":{"rendered":"Este viernes, el escenario del Centro Cultural ser\u00e1 de ellas \u00bb Ayuntamiento de la Villa de Santa Br\u00edgida"},"content":{"rendered":"<p>Este viernes, las mujeres de Santa Br\u00edgida toman el escenario del Centro Cultural de la Villa. El<strong> Ayuntamiento de Santa Br\u00edgida,<\/strong> a trav\u00e9s de la <strong>Concejal\u00eda de  Igualdad<\/strong> que dirige el primer edil<strong> Jos\u00e9 Armengol,<\/strong> invita a la ciudadan\u00eda a disfrutar de Mujeres de barro y poes\u00eda, una muestra teatral de car\u00e1cter gratuito que tendr\u00e1 lugar el <strong>14 de noviembre<\/strong>, a las 19:00 horas.<\/p>\n<p>La representaci\u00f3n es el resultado del taller\u00a0Teatro para la vida, concebido como un espacio de <strong>encuentro, reflexi\u00f3n y expresi\u00f3n art\u00edstica<\/strong>, que se ha venido desarrollado en diferentes barrios del municipio. Una actividad impartida por la educadora emocional <strong>Tarha Erena<\/strong>.<\/p>\n<p><a href=\"https:\/\/www.europesays.com\/es\/wp-content\/uploads\/2025\/11\/1762852220_530_3-1.png\"><img loading=\"lazy\" decoding=\"async\" width=\"940\" height=\"788\" src=\"https:\/\/www.europesays.com\/es\/wp-content\/uploads\/2025\/11\/1762852220_530_3-1.png\" alt=\"\" class=\"wp-image-41128\"  \/><\/a><\/p>\n<p>Bajo los t\u00edtulos Construir una casa (<strong>Taller Angostura<\/strong>), Mujer tierra\u00a0(<strong>Taller La Atalaya<\/strong>) y Aprender a volar\u00a0(<strong>Taller Casco<\/strong>), las participantes compartir\u00e1n sobre el escenario su mirada sobre la vida y la fuerza femenina. Porque el teatro no solo es interpretaci\u00f3n. Es refugio, altavoz, y una forma de <strong>sanar y resistir.<\/strong> <\/p>\n<p>Mujeres de barro y poes\u00eda forma parte del programa de actividades conmemorativas del <strong>25N. <\/strong>Cada palabra dicha bajo la luz de un foco puede convertirse en un acto de transformaci\u00f3n <strong>personal y colectiva.<\/strong><\/p>\n<p><a href=\"https:\/\/www.santabrigida.es\/wp-content\/uploads\/2025\/11\/WhatsApp-Image-2025-11-10-at-12.59.05.jpeg\" rel=\"nofollow noopener\" target=\"_blank\"><img loading=\"lazy\" decoding=\"async\" width=\"1024\" height=\"576\" src=\"https:\/\/www.europesays.com\/es\/wp-content\/uploads\/2025\/11\/WhatsApp-Image-2025-11-10-at-12.59.05-1024x576.jpeg\" alt=\"\" class=\"wp-image-41130\"  \/><\/a><\/p>\n<p><strong>Nota:<\/strong> el 27 de noviembre la muestra teatral se representar\u00e1 en la Casa de la Cultura, en Sardina.<\/p>\n","protected":false},"excerpt":{"rendered":"Este viernes, las mujeres de Santa Br\u00edgida toman el escenario del Centro Cultural de la Villa. El Ayuntamiento&hellip;\n","protected":false},"author":2,"featured_media":230104,"comment_status":"","ping_status":"","sticky":false,"template":"","format":"standard","meta":{"footnotes":""},"categories":[5],"tags":[17,18,25,24,13,14,11,19,20,9,10,15,16,23,12,21,22],"class_list":{"0":"post-230103","1":"post","2":"type-post","3":"status-publish","4":"format-standard","5":"has-post-thumbnail","7":"category-titulares","8":"tag-breaking-news","9":"tag-breakingnews","10":"tag-es","11":"tag-espana","12":"tag-featured-news","13":"tag-featurednews","14":"tag-headlines","15":"tag-latest-news","16":"tag-latestnews","17":"tag-news","18":"tag-noticias","19":"tag-noticias-destacadas","20":"tag-noticiasdestacadas","21":"tag-spain","22":"tag-titulares","23":"tag-ultimas-noticias","24":"tag-ultimasnoticias"},"share_on_mastodon":{"url":"https:\/\/pubeurope.com\/@es\/115530290249020947","error":""},"_links":{"self":[{"href":"https:\/\/www.europesays.com\/es\/wp-json\/wp\/v2\/posts\/230103","targetHints":{"allow":["GET"]}}],"collection":[{"href":"https:\/\/www.europesays.com\/es\/wp-json\/wp\/v2\/posts"}],"about":[{"href":"https:\/\/www.europesays.com\/es\/wp-json\/wp\/v2\/types\/post"}],"author":[{"embeddable":true,"href":"https:\/\/www.europesays.com\/es\/wp-json\/wp\/v2\/users\/2"}],"replies":[{"embeddable":true,"href":"https:\/\/www.europesays.com\/es\/wp-json\/wp\/v2\/comments?post=230103"}],"version-history":[{"count":0,"href":"https:\/\/www.europesays.com\/es\/wp-json\/wp\/v2\/posts\/230103\/revisions"}],"wp:featuredmedia":[{"embeddable":true,"href":"https:\/\/www.europesays.com\/es\/wp-json\/wp\/v2\/media\/230104"}],"wp:attachment":[{"href":"https:\/\/www.europesays.com\/es\/wp-json\/wp\/v2\/media?parent=230103"}],"wp:term":[{"taxonomy":"category","embeddable":true,"href":"https:\/\/www.europesays.com\/es\/wp-json\/wp\/v2\/categories?post=230103"},{"taxonomy":"post_tag","embeddable":true,"href":"https:\/\/www.europesays.com\/es\/wp-json\/wp\/v2\/tags?post=230103"}],"curies":[{"name":"wp","href":"https:\/\/api.w.org\/{rel}","templated":true}]}}