{"id":230120,"date":"2025-11-11T09:26:14","date_gmt":"2025-11-11T09:26:14","guid":{"rendered":"https:\/\/www.europesays.com\/es\/230120\/"},"modified":"2025-11-11T09:26:14","modified_gmt":"2025-11-11T09:26:14","slug":"ojala-despedirme-como-nunca-pude-hacerlo","status":"publish","type":"post","link":"https:\/\/www.europesays.com\/es\/230120\/","title":{"rendered":"\u00abOjal\u00e1 despedirme como nunca pude hacerlo\u00bb"},"content":{"rendered":"<p>10\/11\/2025<br \/>\n<br \/><strong><br \/>\nActualizado 11\/11\/2025 a las 06:17h.<br \/>\n<\/strong><\/p>\n<p class=\"voc-p\" style=\"\">Con nocturnidad y de forma inesperada, <strong>Leo Messi<\/strong> volvi\u00f3 a Barcelona&#8230; y al <strong>Camp Nou<\/strong>. Sin que nadie lo supiese ni anunciase, el futbolista argentino del <a href=\"https:\/\/www.abc.es\/deportes\/futbol\/miami-acogera-diciembre-primera-edicion-messi-cup-20251020123441-nt.html\" target=\"_self\" data-voc-vtm-id=\"in-text-traffic\" title=\"Inter de Miami\" data-mrf-link=\"www.abc.es\" rel=\"nofollow noopener\">Inter de Miami<\/a> regres\u00f3 a su antigua casa y public\u00f3 este lunes un sorprendente mensaje ilustrado  &#8230; con varias fotos de la visita al remozado, todav\u00eda en obras y reci\u00e9n reabierto al p\u00fablico estadio del <strong>Bar\u00e7a<\/strong>.<\/p>\n<p class=\"voc-p\" style=\"\">En el texto de la publicaci\u00f3n, el &#8217;10&#8217; aprovecha para lanzar un dardo dial\u00e9ctico a <strong>Joan Laporta<\/strong>, presidente del club catal\u00e1n, alusivo a <a href=\"https:\/\/www.abc.es\/deportes\/futbol\/abci-messi-despide-barca-entre-lagrimas-202108081317_video_amp.html\" target=\"_self\" data-voc-vtm-id=\"in-text-traffic\" title=\"su mala salida de la entidad azulgrana\" data-mrf-link=\"www.abc.es\" rel=\"nofollow noopener\">su mala salida de la entidad azulgrana<\/a>, de cuyos aficionados no pudo despedirse en condiciones:<\/p>\n<p class=\"voc-p\" style=\"\">\u00abAnoche volv\u00ed a un lugar que extra\u00f1o con el alma. Un lugar donde fui inmensamente feliz, donde <strong>ustedes me hicieron sentir mil veces la persona m\u00e1s feliz del mundo<\/strong>. Ojal\u00e1 alg\u00fan d\u00eda pueda volver, y no solo para despedirme como jugador, como nunca pude hacerlo\u2026\u00bb<\/p>\n<p>\nArt\u00edculo solo para suscriptores\n<\/p>\n<p>Reportar un error<\/p>\n","protected":false},"excerpt":{"rendered":"10\/11\/2025 Actualizado 11\/11\/2025 a las 06:17h. Con nocturnidad y de forma inesperada, Leo Messi volvi\u00f3 a Barcelona&#8230; y&hellip;\n","protected":false},"author":2,"featured_media":230121,"comment_status":"","ping_status":"","sticky":false,"template":"","format":"standard","meta":{"footnotes":""},"categories":[93],"tags":[53909,7991,3658,168,60348,25,24,9916,1737,7688,7992,1050,3236,20671,23,167,739],"class_list":{"0":"post-230120","1":"post","2":"type-post","3":"status-publish","4":"format-standard","5":"has-post-thumbnail","7":"category-deportes","8":"tag-atiza","9":"tag-camp","10":"tag-cuela","11":"tag-deportes","12":"tag-despedirme","13":"tag-es","14":"tag-espana","15":"tag-hacerlo","16":"tag-laporta","17":"tag-messi","18":"tag-nou","19":"tag-nunca","20":"tag-ojala","21":"tag-pude","22":"tag-spain","23":"tag-sports","24":"tag-vuelve"},"share_on_mastodon":{"url":"https:\/\/pubeurope.com\/@es\/115530352842024604","error":""},"_links":{"self":[{"href":"https:\/\/www.europesays.com\/es\/wp-json\/wp\/v2\/posts\/230120","targetHints":{"allow":["GET"]}}],"collection":[{"href":"https:\/\/www.europesays.com\/es\/wp-json\/wp\/v2\/posts"}],"about":[{"href":"https:\/\/www.europesays.com\/es\/wp-json\/wp\/v2\/types\/post"}],"author":[{"embeddable":true,"href":"https:\/\/www.europesays.com\/es\/wp-json\/wp\/v2\/users\/2"}],"replies":[{"embeddable":true,"href":"https:\/\/www.europesays.com\/es\/wp-json\/wp\/v2\/comments?post=230120"}],"version-history":[{"count":0,"href":"https:\/\/www.europesays.com\/es\/wp-json\/wp\/v2\/posts\/230120\/revisions"}],"wp:featuredmedia":[{"embeddable":true,"href":"https:\/\/www.europesays.com\/es\/wp-json\/wp\/v2\/media\/230121"}],"wp:attachment":[{"href":"https:\/\/www.europesays.com\/es\/wp-json\/wp\/v2\/media?parent=230120"}],"wp:term":[{"taxonomy":"category","embeddable":true,"href":"https:\/\/www.europesays.com\/es\/wp-json\/wp\/v2\/categories?post=230120"},{"taxonomy":"post_tag","embeddable":true,"href":"https:\/\/www.europesays.com\/es\/wp-json\/wp\/v2\/tags?post=230120"}],"curies":[{"name":"wp","href":"https:\/\/api.w.org\/{rel}","templated":true}]}}