{"id":230196,"date":"2025-11-11T10:22:11","date_gmt":"2025-11-11T10:22:11","guid":{"rendered":"https:\/\/www.europesays.com\/es\/230196\/"},"modified":"2025-11-11T10:22:11","modified_gmt":"2025-11-11T10:22:11","slug":"el-rey-reclama-seguir-fortaleciendo-las-relaciones-con-china-durante-una-visita-de-alto-contenido-economico-espana","status":"publish","type":"post","link":"https:\/\/www.europesays.com\/es\/230196\/","title":{"rendered":"El Rey reclama \u201cseguir fortaleciendo\u201d las relaciones con China durante una visita de alto contenido econ\u00f3mico | Espa\u00f1a"},"content":{"rendered":"<p class=\"\">Felipe VI ha inaugurado con un primer discurso de contenido muy econ\u00f3mico su visita de Estado a China. El Rey ha asegurado que este viaje refleja la voluntad de \u201cseguir fortaleciendo\u201d la relaci\u00f3n entre ambos pa\u00edses. \u201cEspa\u00f1a se ha consolidado como <a href=\"https:\/\/elpais.com\/economia\/negocios\/2025-01-22\/espana-puente-de-las-empresas-chinas-al-made-in-europe.html\" target=\"_blank\" rel=\"noreferrer nofollow noopener\" title=\"https:\/\/elpais.com\/economia\/negocios\/2025-01-22\/espana-puente-de-las-empresas-chinas-al-made-in-europe.html\">un socio fiable y un destino cada vez m\u00e1s atractivo para la inversi\u00f3n<\/a> y la colaboraci\u00f3n empresarial china\u201d, ha expresado. Y, a la vez, ha reclamado mayor facilidad para que las compa\u00f1\u00edas espa\u00f1olas logren penetrar en el complicad\u00edsimo mercado chino. \u201cSi queremos construir una relaci\u00f3n econ\u00f3mica s\u00f3lida y duradera entre Espa\u00f1a y China, debemos hacerlo sobre la base de la confianza mutua, la apertura y la seguridad jur\u00eddica\u201d, ha reclamado durante la apertura del Foro Empresarial entre Espa\u00f1a y China, celebrado el martes en Chengd\u00fa. <\/p>\n<p class=\"\">La capital de la provincia de Sichu\u00e1n, una ciudad de m\u00e1s de 21 millones de habitantes en el suroeste del pa\u00eds, es la parada inicial de la <a href=\"https:\/\/elpais.com\/espana\/2025-11-10\/el-gobierno-busca-impulsar-un-dialogo-politico-en-china-con-el-viaje-de-estado-de-los-reyes.html\" target=\"_blank\" rel=\"noreferrer nofollow noopener\" title=\"https:\/\/elpais.com\/espana\/2025-11-10\/el-gobierno-busca-impulsar-un-dialogo-politico-en-china-con-el-viaje-de-estado-de-los-reyes.html\">primera visita de Estado de los Reyes de Espa\u00f1a a China en 18 a\u00f1os.<\/a> El martes por la tarde, los monarcas tienen previsto trasladarse a Pek\u00edn, donde ser\u00e1n recibidos por el presidente chino, Xi Jinping, y su esposa, Peng Liyuan, con una cena privada. El mi\u00e9rcoles tendr\u00e1 lugar el encuentro oficial de Felipe IV con Xi en el Gran Sal\u00f3n del Pueblo, el gigantesco edificio de la plaza de Tiananmen reservado para las citas pol\u00edticas de alto nivel. <\/p>\n<p class=\"\">El viaje, que se suma a los <a href=\"https:\/\/elpais.com\/expres\/2025-04-13\/que-hay-detras-del-viaje-oficial-de-sanchez-a-china.html\" target=\"_blank\" rel=\"noreferrer nofollow noopener\" title=\"https:\/\/elpais.com\/expres\/2025-04-13\/que-hay-detras-del-viaje-oficial-de-sanchez-a-china.html\">tres que ha realizado a China desde 2023 <\/a>el presidente del Gobierno, Pedro S\u00e1nchez, subraya la creciente sinton\u00eda entre Pek\u00edn y Madrid en los \u00faltimos a\u00f1os, que le ha valido a Espa\u00f1a el arqueo de cejas de algunas capitales europeas, y la cr\u00edtica directa del Gobierno de Estados Unidos. \u201c<a href=\"https:\/\/elpais.com\/espana\/2025-04-09\/el-secretario-del-tesoro-de-ee-uu-critica-a-espana-por-el-acercamiento-a-china.html\" target=\"_blank\" rel=\"noreferrer nofollow noopener\" title=\"https:\/\/elpais.com\/espana\/2025-04-09\/el-secretario-del-tesoro-de-ee-uu-critica-a-espana-por-el-acercamiento-a-china.html\">Ser\u00eda como cortarse el cuello<\/a>\u201d, dijo en abril el secretario del Tesoro de EE UU, Scott Bessent, sobre el acercamiento comercial entre Espa\u00f1a y China. <\/p>\n<p class=\"\">La entente comercial sellada la semana pasada entre Estados Unidos y China<a href=\"https:\/\/elpais.com\/internacional\/2025-10-30\/xi-y-trump-se-citan-en-corea-del-sur-para-resolver-las-tensiones-comerciales.html\" target=\"_blank\" rel=\"noreferrer nofollow noopener\" title=\"https:\/\/elpais.com\/internacional\/2025-10-30\/xi-y-trump-se-citan-en-corea-del-sur-para-resolver-las-tensiones-comerciales.html\">, despu\u00e9s del encuentro en Corea del Sur del presidente estadounidense, Donald Trump,<\/a> y su hom\u00f3logo chino, Xi Jinping, le da algo de ox\u00edgeno y un punto de legitimidad al rumbo del Gobierno espa\u00f1ol: todos, al final, deben dialogar con China, la segunda econom\u00eda del planeta. <\/p>\n<p class=\"\">\u201cSomos conscientes de que nuestro principal socio comercial en la UE es Estados Unidos\u201d, comentaba el lunes en Chengd\u00fa el ministro de Econom\u00eda, Carlos Cuerpo, que forma parte de la comitiva. \u201cDe ah\u00ed el esfuerzo que hemos hecho desde el principio desde que se anunciaron posibles medidas arancelarias por parte de Estados Unidos para intentar evitar que suban las barreras al comercio\u201d. A la vez, seg\u00fan Cuerpo, si la UE pretende ser un \u201cactor principal\u201d en un momento en que \u201cse est\u00e1n redefiniendo las reglas geoestrat\u00e9gicas y geoecon\u00f3micas\u201d, es necesario \u201centablar conversaciones y negociaciones\u201d con todos los actores principales. \u201cY uno de ellos por supuesto que tiene que ser China\u201d.<\/p>\n<p class=\"\">Felipe VI ha hecho menci\u00f3n de ese contexto internacional de \u201ccreciente complejidad que incide tanto en la estabilidad geopol\u00edtica como en el desempe\u00f1o de nuestras econom\u00edas\u201d. En ese escenario, \u201cEspa\u00f1a, junto con la UE, mantiene su firme compromiso con un sistema internacional basado en reglas claras, transparencia y respeto de la legalidad\u201d, ha expresado. <\/p>\n<p class=\"\">El foro econ\u00f3mico, celebrado en el Gran Hotel Meli\u00e1 de Chengd\u00fa, ha contado con la presencia de representantes de 180 empresas espa\u00f1olas y 260 chinas. A primera hora, los pasillos eran un hervidero de hombres y mujeres de negocios pululando, sorbiendo un caf\u00e9, manteniendo breves charlas ligeras. Entre ellos estaba Alberto Herranz, director de Interporc, la asociaci\u00f3n que representa al porcino blanco. El sector se juega bastante en este viaje. Pek\u00edn impuso en septiembre aranceles provisionales al porcino europeo como represalia por las tasas de la UE al coche el\u00e9ctrico. Justific\u00f3 la medida en el marco de una investigaci\u00f3n antidumping, algo que el Gobierno espa\u00f1ol no ha encajado bien: la medida golpe\u00f3 a uno de los principales sectores de exportaci\u00f3n espa\u00f1oles a China, que mueve unos 1.200 millones de euros, en un contexto de te\u00f3rico acercamiento entre pa\u00edses, y despu\u00e9s de que Espa\u00f1a retirara en 2024 su apoyo a los aranceles europeos al coche el\u00e9ctrico. <\/p>\n<p class=\"\">Los empresarios del cerdo ven el encuentro empresarial, y la presencia del Rey en China, como una oportunidad de impulsar el di\u00e1logo, y de que Pek\u00edn recalibre su zarpazo tarifario: \u201cLlega en un momento clave para nosotros\u201d, dice Herranz, subrayando que el dictamen final sobre los aranceles del Ministerio de Comercio chino est\u00e1 previsto para diciembre, y que los grav\u00e1menes chinos restan competitividad a las empresas espa\u00f1olas. <\/p>\n<p class=\"\">Entre los invitados se encontraba tambi\u00e9n Pan Jian, copresidente del gigante chino de las bater\u00edas CATL, <a href=\"https:\/\/elpais.com\/economia\/negocios\/2025-08-05\/zeng-yuqun-el-rey-de-las-baterias-para-coches-es-chino-y-asi-quiere-enchufar-el-mundo.html\" target=\"_blank\" rel=\"noreferrer nofollow noopener\" title=\"https:\/\/elpais.com\/economia\/negocios\/2025-08-05\/zeng-yuqun-el-rey-de-las-baterias-para-coches-es-chino-y-asi-quiere-enchufar-el-mundo.html\">l\u00edder mundial en la fabricaci\u00f3n de bater\u00edas para coches el\u00e9ctricos,<\/a> y una de las compa\u00f1\u00edas que capitanea la avanzadilla de inversiones chinas en Espa\u00f1a. \u201cCreo que Espa\u00f1a tiene grandes talentos, numerosas facultades de ingenier\u00eda de alto nivel; el Gobierno es muy eficiente, y [el pa\u00eds] tiene un ambiente pol\u00edtico estable\u201d, destacaba Pan, en un corrillo con la prensa, los motivos por los que su compa\u00f1\u00eda ha decidido levantar, junto a Stellantis, una gigafactor\u00eda de bater\u00edas en Zaragoza. La inversi\u00f3n ronda los 4.100 millones de euros, y generar\u00e1, seg\u00fan Pan, m\u00e1s de 4.500 empleos locales y de \u201calta cualificaci\u00f3n y con elevados salarios\u201d. <\/p>\n<p class=\"\">Uno de los grandes retos para Espa\u00f1a, y para la UE, es lograr convertir el desembarco chino, que ya es una realidad, en algo m\u00e1s que meras plantas de ensamblaje; conseguir que haya una verdadera transferencia de conocimiento, y se generen puestos de trabajo de calidad. <\/p>\n<p class=\"\">El Rey ha incidido en la importancia de desarrollar \u201calianzas estrat\u00e9gicas\u201d en sectores de alto valor a\u00f1adido como la automoci\u00f3n, la innovaci\u00f3n tecnol\u00f3gica o la energ\u00eda verde, \u201c\u00e1mbitos en los que compartimos una visi\u00f3n orientada al futuro y a la sostenibilidad\u201d. Ha definido Espa\u00f1a como \u201cuna econom\u00eda abierta, din\u00e1mica y plenamente integrada en las cadenas globales de valor\u201d. Y ha pedido profundizar la colaboraci\u00f3n para que los proyectos chinos en Espa\u00f1a \u201cgeneren valor a\u00f1adido, desarrollen capacidades, faciliten la transferencia tecnol\u00f3gica y fortalezcan la competitividad espa\u00f1ola\u201d. <\/p>\n<p><img decoding=\"auto\" class=\"_re lazyload a_m-h\" height=\"277\"  width=\"414\"  src=\"https:\/\/www.europesays.com\/es\/wp-content\/uploads\/2025\/11\/7I6UABMMF5N63FCPE2ZFQWR5DU.jpg\" loading=\"lazy\"\/>La reina Letizia en el parque Wangjianglou durante un acto conmemorativo del 150\u00ba aniversario del nacimiento del poeta espa\u00f1ol Antonio Machado, en Chengd\u00fa, este martes.Andres Martinez Casares (via REUTERS)<\/p>\n<p class=\"\">Espa\u00f1a, como numerosos pa\u00edses, sufre un desequilibrio comercial estructural desde hace a\u00f1os con China, la gran f\u00e1brica del planeta. El comercio cruzado sum\u00f3 52.641 millones de euros en 2024, pero con un d\u00e9ficit muy abultado, de 37.707 millones de euros, en favor de China. Hay en torno a 400 empresas espa\u00f1olas implantadas en China, y casi 300 chinas en Espa\u00f1a, aunque el acumulado de inversiones del gigante asi\u00e1tico es mayor en volumen en el pa\u00eds europeo. <\/p>\n<p class=\"\">El Rey ha reclamado la \u201cnecesidad de avanzar en la resoluci\u00f3n de las dificultades que a\u00fan encuentran algunas de nuestras empresas en el ejercicio de su actividad\u201d, y ha pedido que se den pasos tambi\u00e9n \u201cen la apertura de mercado\u201d de algunos sectores, como el agroalimentario. \u201cNos ilusiona, especialmente, poder impulsar, juntos, nuevas oportunidades de colaboraci\u00f3n que redunden en el beneficio mutuo de nuestras empresas y en la prosperidad de nuestros pueblos\u201d, ha concluido. <\/p>\n<p class=\"\">La visita de los Reyes tiene, adem\u00e1s, una pata cultural, de la que se ha encargado este mi\u00e9rcoles la reina Letizia. Mientras el Rey manten\u00eda un encuentro con autoridades regionales, ella ha asistido a un acto conmemorativo por el 150\u00ba aniversario del nacimiento del poeta sevillano Antonio Machado en el parque Wangjianglou, con paseos umbr\u00edos bajo un tupido bosque de bamb\u00fa y pagodas de estilo cl\u00e1sico. <\/p>\n<p class=\"\">El acto ha sido concebido como un di\u00e1logo intercultural; se han le\u00eddo versos del escritor espa\u00f1ol, que cuenta con varias traducciones al mandar\u00edn, y tambi\u00e9n de Xue Tao, una poeta china de la dinast\u00eda Tang, uno de los periodos de m\u00e1ximo esplendor art\u00edstico y comercial de China. Xue Tao pas\u00f3 parte de su vida exiliada en Chengd\u00fa, y es una de las pocas mujeres de esa \u00e9poca cuyos versos han llegado a nuestros d\u00edas. <\/p>\n<p class=\"\">\u201cTemibles r\u00e1fagas arrecian desde lejos\u201d, ha le\u00eddo Dong Fan, actriz local y presidenta del Teatro del Arte del Pueblo de Sichuan. Tambi\u00e9n ha declamado, en mandar\u00edn, los conocidos versos de A un olmo seco, de Machado, que suenan: \u201cL\u01ceo y\u00fash\u00f9, c\u00e9ng b\u00e8i l\u00e9ij\u00ed\u201d. Esto es: \u201cAl olmo viejo, hendido por el rayo\u201d. Para los de nivel avanzado: \u201c\u8001\u6986\u6811,\u66fe\u88ab\u96f7\u51fb\u201d. <\/p>\n<p class=\"\">Los Reyes han aterrizado en la capital china a las 16.36 (hora local), donde los ha recibido una comitiva encabezada por el ministro de Exteriores chino, Wang Yi, y el c\u00f3nsul general de Espa\u00f1a en Pek\u00edn, Juan Jos\u00e9 Buitrago, <b>informa Inma Bonet<\/b>. <\/p>\n","protected":false},"excerpt":{"rendered":"Felipe VI ha inaugurado con un primer discurso de contenido muy econ\u00f3mico su visita de Estado a China.&hellip;\n","protected":false},"author":2,"featured_media":230197,"comment_status":"","ping_status":"","sticky":false,"template":"","format":"standard","meta":{"footnotes":""},"categories":[8],"tags":[17,18,60360,1615,95,25,24,13,14,11439,11,19,20,9,10,15,16,11362,1620,23,12,21,22,13847],"class_list":{"0":"post-230196","1":"post","2":"type-post","3":"status-publish","4":"format-standard","5":"has-post-thumbnail","7":"category-espana","8":"tag-breaking-news","9":"tag-breakingnews","10":"tag-chengdu","11":"tag-china","12":"tag-economia","13":"tag-es","14":"tag-espana","15":"tag-featured-news","16":"tag-featurednews","17":"tag-felipe-vi","18":"tag-headlines","19":"tag-latest-news","20":"tag-latestnews","21":"tag-news","22":"tag-noticias","23":"tag-noticias-destacadas","24":"tag-noticiasdestacadas","25":"tag-reina-letizia","26":"tag-relaciones-internacionales","27":"tag-spain","28":"tag-titulares","29":"tag-ultimas-noticias","30":"tag-ultimasnoticias","31":"tag-xi-jinping"},"share_on_mastodon":{"url":"https:\/\/pubeurope.com\/@es\/115530573373489276","error":""},"_links":{"self":[{"href":"https:\/\/www.europesays.com\/es\/wp-json\/wp\/v2\/posts\/230196","targetHints":{"allow":["GET"]}}],"collection":[{"href":"https:\/\/www.europesays.com\/es\/wp-json\/wp\/v2\/posts"}],"about":[{"href":"https:\/\/www.europesays.com\/es\/wp-json\/wp\/v2\/types\/post"}],"author":[{"embeddable":true,"href":"https:\/\/www.europesays.com\/es\/wp-json\/wp\/v2\/users\/2"}],"replies":[{"embeddable":true,"href":"https:\/\/www.europesays.com\/es\/wp-json\/wp\/v2\/comments?post=230196"}],"version-history":[{"count":0,"href":"https:\/\/www.europesays.com\/es\/wp-json\/wp\/v2\/posts\/230196\/revisions"}],"wp:featuredmedia":[{"embeddable":true,"href":"https:\/\/www.europesays.com\/es\/wp-json\/wp\/v2\/media\/230197"}],"wp:attachment":[{"href":"https:\/\/www.europesays.com\/es\/wp-json\/wp\/v2\/media?parent=230196"}],"wp:term":[{"taxonomy":"category","embeddable":true,"href":"https:\/\/www.europesays.com\/es\/wp-json\/wp\/v2\/categories?post=230196"},{"taxonomy":"post_tag","embeddable":true,"href":"https:\/\/www.europesays.com\/es\/wp-json\/wp\/v2\/tags?post=230196"}],"curies":[{"name":"wp","href":"https:\/\/api.w.org\/{rel}","templated":true}]}}