{"id":230212,"date":"2025-11-11T10:36:12","date_gmt":"2025-11-11T10:36:12","guid":{"rendered":"https:\/\/www.europesays.com\/es\/230212\/"},"modified":"2025-11-11T10:36:12","modified_gmt":"2025-11-11T10:36:12","slug":"putellas-almodovar-machi-y-carmena-montan-en-la-revuelta-una-junta-de-vecinos-famosos-por-culpa-de-rosalia-tenemos-que-hacer-algo-con-la-que-canta-television","status":"publish","type":"post","link":"https:\/\/www.europesays.com\/es\/230212\/","title":{"rendered":"Putellas, Almod\u00f3var, Machi y Carmena montan en \u2018La revuelta\u2019 una junta de vecinos famosos por culpa de Rosal\u00eda: \u201cTenemos que hacer algo con la que canta\u201d | Televisi\u00f3n"},"content":{"rendered":"<p class=\"\">Este lunes, la visita de <a href=\"https:\/\/elpais.com\/noticias\/rosalia-vila\/\" target=\"_self\" rel=\"nofollow noopener\" title=\"https:\/\/elpais.com\/noticias\/rosalia-vila\/\">Rosal\u00eda<\/a> al plat\u00f3 de La revuelta volvi\u00f3 a revolucionar el centro de Madrid. Antes de la entrevista, el programa de TVE recre\u00f3 una junta de vecinos urgente muy especial para recibir a la artista, compuesta por diez rostros famosos, adem\u00e1s de contar con el presentador David Broncano y con el colaborador Jorge Ponce. Entre los supuestos inquilinos se encontraban la futbolista Alexia Putellas, la actriz <a href=\"https:\/\/elpais.com\/television\/2024-11-17\/carmen-machi-yo-he-vivido-y-me-lo-he-bebido-todo.html\" target=\"_self\" rel=\"nofollow noopener\" title=\"https:\/\/elpais.com\/television\/2024-11-17\/carmen-machi-yo-he-vivido-y-me-lo-he-bebido-todo.html\">Carmen Machi<\/a>, los integrantes del grupo Estopa, el actor y director Javi Calvo, el culturista Joan Pradells, la cantante La Zowi, la exalcaldesa de Madrid Manuela Carmena, la dise\u00f1adora Mar\u00eda Escot\u00e9 y el director de cine Pedro Almod\u00f3var.<\/p>\n<p class=\"\">\u201cTenemos que hacer algo con la que canta, la del quinto\u201d, solt\u00f3 la actriz Carmen Machi en el portal del edificio donde se graba La revuelta y que ejerci\u00f3 como punto de encuentro de una escena que parec\u00eda parte de un cap\u00edtulo de La que se avecina. Fue Jorge Ponce el que traslad\u00f3 a David Broncano al portal aleda\u00f1o del Teatro Pr\u00edncipe Gran V\u00eda para que asistiese a esta parodia extraordinaria en la que el asunto del d\u00eda fue \u201cla vecina folcl\u00f3rica que canta\u201d, es decir, Rosal\u00eda. <\/p>\n<p class=\"\">\u201cHay que cambiar los estatutos de la comunidad, hay que cambiar la Constituci\u00f3n\u201d, a\u00f1adi\u00f3 Calvo. Acto seguido, la c\u00e1mara enfoc\u00f3 a Almod\u00f3var, que dijo \u201cde momento vamos a votarlo\u201d. \u201cSi no os importa la votaci\u00f3n la voy a organizar yo, que para eso soy la presidenta\u201d, puntualiz\u00f3 Carmena. \u201c\u00bfEs para echar a la que canta?\u201d, pregunt\u00f3 Broncano. \u201cNo, queremos que cante m\u00e1s, que cante en el patio interior, que resuena\u201d, respondi\u00f3 Calvo. \u201cPropongo que hagamos como con la calefacci\u00f3n, que cante de 11.00 a 23.00\u2033, remat\u00f3 Machi. \u201cNo podemos votar sin ella. Igual est\u00e1 li\u00e1ndola otra vez en Gran V\u00eda\u201d, agreg\u00f3 la actriz de Furia. \u201cPara m\u00ed no la lio\u201d, replic\u00f3 Carmena, haciendo una clara referencia <a href=\"https:\/\/elpais.com\/espana\/madrid\/2025-10-22\/almeida-acusa-a-rosalia-de-poner-en-peligro-la-integridad-de-las-personas-con-su-acto-en-callao-del-lunes.html\" target=\"_self\" rel=\"nofollow noopener\" title=\"https:\/\/elpais.com\/espana\/madrid\/2025-10-22\/almeida-acusa-a-rosalia-de-poner-en-peligro-la-integridad-de-las-personas-con-su-acto-en-callao-del-lunes.html\">a las cr\u00edticas del alcalde de Madrid sobre la reuni\u00f3n que provoc\u00f3 Rosal\u00eda en Callao<\/a> con motivo del lanzamiento de su nuevo disco.<\/p>\n<p class=\"\">Otra de las tramas la <a href=\"https:\/\/elpais.com\/deportes\/2025-04-20\/alexia-putellas-me-he-acostumbrado-al-ruido-a-mi-me-gusta-hablar-en-el-campo.html\" target=\"_self\" rel=\"nofollow noopener\" title=\"https:\/\/elpais.com\/deportes\/2025-04-20\/alexia-putellas-me-he-acostumbrado-al-ruido-a-mi-me-gusta-hablar-en-el-campo.html\">protagoniz\u00f3 Putellas<\/a>, que insisti\u00f3 varias veces durante toda la escena en que hab\u00eda perdido un bal\u00f3n de f\u00fatbol en el edificio. Y precisamente esa misma pelota fue la que trajo Rosal\u00eda en la mano en su primera intervenci\u00f3n en este sketch, grabado <a href=\"https:\/\/elpais.com\/cultura\/2025-04-08\/la-explosion-del-plano-secuencia-por-que-a-los-directores-les-gusta-tanto-rodar-sin-cortes.html\" target=\"_self\" rel=\"nofollow noopener\" title=\"https:\/\/elpais.com\/cultura\/2025-04-08\/la-explosion-del-plano-secuencia-por-que-a-los-directores-les-gusta-tanto-rodar-sin-cortes.html\">en plano secuencia<\/a> con una steadycam. Cuando la cantante se sum\u00f3 al grupo, Broncano, supuesto propietario del bajo, es decir, del plat\u00f3 donde se celebra La revuelta, le propuso a Rosal\u00eda asistir al programa: \u201c\u00bfYa que somos vecinos, si te parece te hago una entrevista?\u201d. Y eso fue lo que sucedi\u00f3 inmediatamente despu\u00e9s.<\/p>\n<p>M\u00e1s informaci\u00f3n<\/p>\n<p class=\"\">En sus redes, el programa colg\u00f3 im\u00e1genes de este momento c\u00f3mico acompa\u00f1adas del siguiente mensaje: \u201cActa de la Junta General Extraordinaria de La revuelta. Orden del d\u00eda: La vecina que canta, la pelota y el tonto del bombo\u00bb. As\u00ed como una publicaci\u00f3n con una fotograf\u00eda de los protagonistas, a los que calificaron como unos \u201cadorables vecinos\u201d, y en la que agradecieron su esfuerzo, as\u00ed como el de sus equipos de trabajo: \u201cGracias a todos sus maravillosos equipos por haber ayudado tant\u00edsimo y haber hecho posible el d\u00eda de hoy\u201d.<\/p>\n<p class=\"\">Rosal\u00eda acudi\u00f3 este lunes a La revuelta para presentar su \u00faltimo trabajo, Lux, que sali\u00f3 el pasado 7 de noviembre, del que cant\u00f3 un trozo de una canci\u00f3n, La perla. Sin duda, su presencia era una de las sorpresas de la semana, pero termin\u00f3 desvel\u00e1ndose hace unos d\u00edas, algo que el propio programa resalt\u00f3 y lament\u00f3 en sus redes sociales: \u201cQuer\u00edamos dar una sorpresa pero como ya se ha publicado pues bueno, s\u00ed, hoy viene la Rosal\u00eda\u201c.<\/p>\n<p>M\u00e1s informaci\u00f3n<\/p>\n<p class=\"\">Con la presencia de la catalana, La revuelta lider\u00f3 las audiencias de este lunes, logrando que el programa de La 1 casi duplique los datos de la semana pasada. Alcanz\u00f3 un 20,4% de cuota de pantalla y 2,7 millones de espectadores de media, y el minuto de oro lleg\u00f3 a las 23.11 al superar los tres millones de espectadores. <\/p>\n<p class=\"\">Precisamente este domingo EL PA\u00cdS Semanal public\u00f3 una extensa entrevista realizada a Rosal\u00eda por el periodista Xavi Sancho en la que la cantante y compositora habl\u00f3 de su momento vital, de su espiritualidad, as\u00ed como del conflicto de Palestina <a href=\"\" rel=\"\" title=\"\">o de la serie Euphoria<\/a>. <a href=\"https:\/\/elpais.com\/eps\/2025-11-09\/rosalia-habla-de-lux-no-me-atreveria-a-ponerle-palabras-a-mi-relacion-con-dios.html\" target=\"_self\" rel=\"nofollow noopener\" title=\"https:\/\/elpais.com\/eps\/2025-11-09\/rosalia-habla-de-lux-no-me-atreveria-a-ponerle-palabras-a-mi-relacion-con-dios.html\">Si quieres puedes leerla haciendo clic en este enlace<\/a>.<\/p>\n","protected":false},"excerpt":{"rendered":"Este lunes, la visita de Rosal\u00eda al plat\u00f3 de La revuelta volvi\u00f3 a revolucionar el centro de Madrid.&hellip;\n","protected":false},"author":2,"featured_media":230213,"comment_status":"","ping_status":"","sticky":false,"template":"","format":"standard","meta":{"footnotes":""},"categories":[171],"tags":[3061,18410,9029,146,147,25,24,7670,256,24705,6870,29956,60362,185,7669,25284,4147,518,23,807,214,3156],"class_list":{"0":"post-230212","1":"post","2":"type-post","3":"status-publish","4":"format-standard","5":"has-post-thumbnail","7":"category-tv","8":"tag-cantantes","9":"tag-carmen-machi","10":"tag-david-broncano","11":"tag-entertainment","12":"tag-entretenimiento","13":"tag-es","14":"tag-espana","15":"tag-estopa","16":"tag-famosos","17":"tag-humor","18":"tag-la-1","19":"tag-la-revuelta","20":"tag-manuela-carmena","21":"tag-musica","22":"tag-pedro-almodovar","23":"tag-programas-entretenimiento","24":"tag-rosalia","25":"tag-rtve","26":"tag-spain","27":"tag-television","28":"tag-tv","29":"tag-tve"},"share_on_mastodon":{"url":"https:\/\/pubeurope.com\/@es\/115530628088269144","error":""},"_links":{"self":[{"href":"https:\/\/www.europesays.com\/es\/wp-json\/wp\/v2\/posts\/230212","targetHints":{"allow":["GET"]}}],"collection":[{"href":"https:\/\/www.europesays.com\/es\/wp-json\/wp\/v2\/posts"}],"about":[{"href":"https:\/\/www.europesays.com\/es\/wp-json\/wp\/v2\/types\/post"}],"author":[{"embeddable":true,"href":"https:\/\/www.europesays.com\/es\/wp-json\/wp\/v2\/users\/2"}],"replies":[{"embeddable":true,"href":"https:\/\/www.europesays.com\/es\/wp-json\/wp\/v2\/comments?post=230212"}],"version-history":[{"count":0,"href":"https:\/\/www.europesays.com\/es\/wp-json\/wp\/v2\/posts\/230212\/revisions"}],"wp:featuredmedia":[{"embeddable":true,"href":"https:\/\/www.europesays.com\/es\/wp-json\/wp\/v2\/media\/230213"}],"wp:attachment":[{"href":"https:\/\/www.europesays.com\/es\/wp-json\/wp\/v2\/media?parent=230212"}],"wp:term":[{"taxonomy":"category","embeddable":true,"href":"https:\/\/www.europesays.com\/es\/wp-json\/wp\/v2\/categories?post=230212"},{"taxonomy":"post_tag","embeddable":true,"href":"https:\/\/www.europesays.com\/es\/wp-json\/wp\/v2\/tags?post=230212"}],"curies":[{"name":"wp","href":"https:\/\/api.w.org\/{rel}","templated":true}]}}