{"id":230220,"date":"2025-11-11T10:41:11","date_gmt":"2025-11-11T10:41:11","guid":{"rendered":"https:\/\/www.europesays.com\/es\/230220\/"},"modified":"2025-11-11T10:41:11","modified_gmt":"2025-11-11T10:41:11","slug":"llega-a-zara-el-vestido-lencero-perfecto-para-las-fiestas-de-navidad","status":"publish","type":"post","link":"https:\/\/www.europesays.com\/es\/230220\/","title":{"rendered":"Llega a Zara el vestido lencero perfecto para las fiestas de Navidad"},"content":{"rendered":"<p data-journey-content=\"true\" data-node-id=\"1\" class=\"css-6wxqfj emevuu60\">Ya no queda nada para<strong data-node-id=\"1.1\"> <a href=\"https:\/\/www.elle.com\/es\/moda\/noticias\/a69162818\/novedades-zara-vestidos-de-fiesta-cenas-con-amigas-empresa-looks-navidad-2025\/\" data-vars-ga-outbound-link=\"https:\/\/www.elle.com\/es\/moda\/noticias\/a69162818\/novedades-zara-vestidos-de-fiesta-cenas-con-amigas-empresa-looks-navidad-2025\/\" data-vars-ga-ux-element=\"Hyperlink\" data-vars-ga-call-to-action=\"la Navidad 2025\" data-node-id=\"1.1.1\" class=\"body-link css-103hk4r emevuu60\" rel=\"nofollow noopener\" target=\"_blank\">la Navidad 2025<\/a>.<\/strong> Lo sabes bien. No paras de leerlo en todos lados. No voy a darle muchas m\u00e1s vueltas al tema. Sin embargo, si le has dado &#8216;click&#8217; a este art\u00edculo de aqu\u00ed es porque, realmente, te preocupa esa <strong data-node-id=\"1.3\"><a href=\"https:\/\/www.elle.com\/es\/moda\/noticias\/a63149253\/como-vestir-en-navidad\/\" data-vars-ga-outbound-link=\"https:\/\/www.elle.com\/es\/moda\/noticias\/a63149253\/como-vestir-en-navidad\/\" data-vars-ga-ux-element=\"Hyperlink\" data-vars-ga-call-to-action=\"comida o cena de Navidad\" data-node-id=\"1.3.0\" class=\"body-link css-103hk4r emevuu60\" rel=\"nofollow noopener\" target=\"_blank\">comida o cena de Navidad<\/a> <\/strong>que tienes pendiente en las pr\u00f3ximas semanas. \u00bfMe equivoco? Estoy segura de que no.<\/p>\n<p data-journey-content=\"true\" data-node-id=\"4\" class=\"css-6wxqfj emevuu60\">Las navidades traen muchas cosas buenas: reuniones familiares, quedadas con amigos, regalos, vacaciones&#8230; Y s\u00ed, en t\u00e9rminos estil\u00edsticos es una de las mejores \u00e9pocas por las tendencias de prendas de fiesta que ponen de moda las pasarelas. \u00bfSpoiler? Este a\u00f1o \u2014como todos los anteriores\u2014 tambi\u00e9n reinaran las lentejuelas y los brillos, como ya nos auguraban firmas como <strong data-node-id=\"4.1\">Chanel o Giorgio Armani<\/strong>; las chaquetas y abrigos de pelo, como los vistos en<strong data-node-id=\"4.3\"> Elie Saab y Louis Vuitton<\/strong>; y las prendas de terciopelo, como nos auguraban aclamadas marcas de moda como <strong data-node-id=\"4.5\">Zimmermann o Burberry<\/strong>, entre muchas otras.<\/p>\n<p data-journey-content=\"true\" data-node-id=\"7\" class=\"css-6wxqfj emevuu60\">Ahora bien, si de verdad quieres triunfar en las fiestas de Navidad, este 2025 necesitas hacerte con un buen<strong data-node-id=\"7.1\"> <a href=\"https:\/\/www.elle.com\/es\/moda\/noticias\/a65552539\/vestidos-lenceros-encaje-como-llevar-tendencia-verano-2025\/\" data-vars-ga-outbound-link=\"https:\/\/www.elle.com\/es\/moda\/noticias\/a65552539\/vestidos-lenceros-encaje-como-llevar-tendencia-verano-2025\/\" data-vars-ga-ux-element=\"Hyperlink\" data-vars-ga-call-to-action=\"vestido lencero con encaje\" data-node-id=\"7.1.1\" class=\"body-link css-103hk4r emevuu60\" rel=\"nofollow noopener\" target=\"_blank\">vestido lencero con encaje<\/a>.<\/strong> \u00bfQui\u00e9n lo dice? Las firmas de moda m\u00e1s influyentes como<strong data-node-id=\"7.3\"> Chlo\u00e9, Giambattista Valli o Dries Van Noten<\/strong>, el &#8216;street style&#8217; de las Semanas de la Moda m\u00e1s aclamadas y, por supuesto, las editoras y expertas en moda que, como yo, confirmamos que se tratan de la prenda m\u00e1s infalible de la temporada.<\/p>\n<p>Lo que ELLE ha seleccionado para ti<a data-theme-key=\"base-link\" href=\"#\" class=\"e1fx7w0v5 css-3u38w7 e1c1bym14\">Reg\u00edstrate para recibir contenido personalizado<img decoding=\"async\" data-dynamic-svg=\"true\" src=\"https:\/\/www.elle.com\/_assets\/design-tokens\/elle\/static\/icons\/arrow-right-regular.377c654.svg?primary=%2523000000\" loading=\"lazy\" data-testid=\"dynamic-svg-base\" height=\"auto\" width=\"100%\" alt=\"\" class=\"css-13htjwu e1fx7w0v1\"\/><\/a><\/p>\n<p data-journey-content=\"true\" data-node-id=\"11\" class=\"css-6wxqfj emevuu60\">Y s\u00ed, tal y como os adelantaba en el titular de este art\u00edculo, <strong data-node-id=\"11.1\">acaba de llegar a<\/strong> <strong data-node-id=\"11.3\">Zara<\/strong> <strong data-node-id=\"11.5\">el <a href=\"https:\/\/www.elle.com\/es\/moda\/noticias\/a65929423\/vestidos-lenceros-encaje-llevar-con-pantalon-zara\/\" data-vars-ga-outbound-link=\"https:\/\/www.elle.com\/es\/moda\/noticias\/a65929423\/vestidos-lenceros-encaje-llevar-con-pantalon-zara\/\" data-vars-ga-ux-element=\"Hyperlink\" data-vars-ga-call-to-action=\"vestido lencero perfecto\" data-node-id=\"11.5.1\" class=\"body-link css-103hk4r emevuu60\" rel=\"nofollow noopener\" target=\"_blank\">vestido lencero perfecto<\/a> para ser la m\u00e1s elegante de la Navidad 2025.<\/strong> No te lo pierdas.  <\/p>\n<p><img draggable=\"true\" alt=\"vestido lencero negro encaje\" title=\"Vestido lencero negro encaje\" loading=\"lazy\" width=\"1920\" height=\"2880\" decoding=\"async\" data-nimg=\"1\" style=\"color:transparent;width:100%;height:auto;\"   src=\"https:\/\/www.europesays.com\/es\/wp-content\/uploads\/2025\/11\/08741266800-p-690f5ef90ec23.jpg\" class=\"css-0 e1g79fud0\"\/><\/p>\n<p>Zara<\/p>\n<p><img draggable=\"true\" alt=\"vestido lencero negro encaje\" title=\"Vestido lencero negro encaje\" loading=\"lazy\" width=\"1125\" height=\"1688\" decoding=\"async\" data-nimg=\"1\" style=\"color:transparent;width:100%;height:auto;\"   src=\"https:\/\/www.europesays.com\/es\/wp-content\/uploads\/2025\/11\/08741266800-a5-690f5ef910741.jpg\" class=\"css-0 e1g79fud0\"\/><a target=\"_blank\" rel=\"noopener nofollow\" data-theme-key=\"base-link\" href=\"https:\/\/pinterest.com\/pin\/create\/button\/?url=https:\/\/www.elle.com\/es\/moda\/noticias\/a69294835\/zara-looks-navidad-2025-vestido-lencero-negro\/&amp;description=- ElleSpain&amp;media=https:\/\/hips.hearstapps.com\/hmg-prod\/images\/08741266800-a5-690f5ef910741.jpg?resize=1600:*\" class=\"pinterest css-on9hn5 e1c1bym14\"><img decoding=\"async\" data-dynamic-svg=\"true\" src=\"https:\/\/www.elle.com\/_assets\/design-tokens\/fre\/static\/icons\/social\/pinterest.e8cf655.svg?primary=%2523ffffff\" loading=\"lazy\" data-testid=\"dynamic-svg-base\" height=\"auto\" width=\"auto\" alt=\"pinterest\" class=\"css-4lml0h e1mlxuuw1\"\/><\/a><\/p>\n<p>Zara<\/p>\n<p>El vestido lencero de encaje de Zara perfecto para cenas de Navidad<\/p>\n<p data-journey-content=\"true\" data-node-id=\"16\" class=\"css-6wxqfj emevuu60\">Midi, con tejido satinado, negro, y con m\u00faltiples <strong data-node-id=\"16.1\">detalles de encaje con transparencias<\/strong> que visten la zona del escote, mangas y cintura. As\u00ed es el vestido lencero de Zara que, os aviso, no va a llegar disponible a diciembre.<\/p>\n<p data-journey-content=\"true\" data-node-id=\"18\" class=\"css-6wxqfj emevuu60\">Una prenda de tendencia de temporada, superelegante, vers\u00e1til, favorecedora y perfecta para brillar en esas comidas y cenas de Navidad que se nos acontecen, y que todav\u00eda podemos encontrar disponible en todas las tallas por tan <strong data-node-id=\"18.1\">solo 39,95 euros. <\/strong>S\u00ed, hab\u00e9is le\u00eddo bien.<\/p>\n<p data-journey-content=\"true\" data-node-id=\"21\" class=\"css-6wxqfj emevuu60\">\u00bfC\u00f3mo lo combinar\u00eda yo como editora experta en moda? Dependiendo del tipo de acto. As\u00ed, si es para una cena elegante en un restaurante, quiz\u00e1s me atrever\u00eda con unas sandalias de tac\u00f3n y un abrigo de pelo a tono. Mientras que si es para una cena familiar probablemente lo combinar\u00eda con unas botas altas de tac\u00f3n. Aviso: se va a agotar.<\/p>\n<p><img src=\"https:\/\/www.europesays.com\/es\/wp-content\/uploads\/2025\/11\/1762857671_485_5d174fc2-88a3-4418-a5b3-be884db3ec5f_1678984174.file\" alt=\"Headshot of Laura Soria\" title=\"Headshot of Laura Soria\" width=\"100%\" height=\"100%\" decoding=\"async\" loading=\"lazy\" class=\"css-o0wq4v ev8dhu53\"\/><\/p>\n<p>Laura Soria Onieva es experta en moda, tendencias, alfombras rojas y &#8216;celebrities&#8217;. Como apasionada del periodismo y la comunicaci\u00f3n, siempre est\u00e1 atenta a las \u00faltimas novedades del sector. Entiende la moda como una v\u00eda de expresi\u00f3n y siempre busca entender la filosof\u00eda que transmiten los estilismos de las famosas.<\/p>\n<p>La b\u00fasqueda constante de inspiraci\u00f3n la convierte en una prescriptora de futuras tendencias de temporada. As\u00ed, no hay prenda o estilo que se le escape en Instagram y TikTok. Experta en recrear los mejores looks de las famosas e influencers con prendas de las firmas &#8216;low cost&#8217; m\u00e1s exitosas como Zara, Mango, Stradivarius&#8230; As\u00ed como de las firmas espa\u00f1olas que debes tener s\u00ed o s\u00ed en tu radar para que puedas vestir a la \u00faltima. Para ella no hay tendencia imposible: transparencias, aberturas complicadas, brillos, lentejuelas&#8230; Buscar\u00e1 todos los trucos de la mano de las expertas para ense\u00f1ar c\u00f3mo lucirlas sin caer en el error.<\/p>\n<p>Laura Soria se gradu\u00f3 en el doble grado de Periodismo y Comunicaci\u00f3n Audiovisual en la Universidad Rey Juan Carlos y, desde el inicio, ha conseguido experiencia en distintos sectores: radio, televisi\u00f3n, peri\u00f3dico digital&#8230; Actualmente se dedica a la que es su verdadera pasi\u00f3n, el periodismo de moda, como colaboradora de moda y actualidad en la revista ELLE.<\/p>\n<p>Sus constantes ganas de aprender, y su alma inquieta, la han empujado a especializarse a\u00fan m\u00e1s en el mundillo con distintos cursos, destacando el de Marketing Digital y Comunicaci\u00f3n de Moda y Lujo. \u00a0\u00a0<\/p>\n","protected":false},"excerpt":{"rendered":"Ya no queda nada para la Navidad 2025. Lo sabes bien. No paras de leerlo en todos lados.&hellip;\n","protected":false},"author":2,"featured_media":230221,"comment_status":"","ping_status":"","sticky":false,"template":"","format":"standard","meta":{"footnotes":""},"categories":[91],"tags":[1655,253,146,147,25,24,23],"class_list":{"0":"post-230220","1":"post","2":"type-post","3":"status-publish","4":"format-standard","5":"has-post-thumbnail","7":"category-entretenimiento","8":"tag-afiliacion","9":"tag-discover","10":"tag-entertainment","11":"tag-entretenimiento","12":"tag-es","13":"tag-espana","14":"tag-spain"},"share_on_mastodon":{"url":"https:\/\/pubeurope.com\/@es\/115530648659271182","error":""},"_links":{"self":[{"href":"https:\/\/www.europesays.com\/es\/wp-json\/wp\/v2\/posts\/230220","targetHints":{"allow":["GET"]}}],"collection":[{"href":"https:\/\/www.europesays.com\/es\/wp-json\/wp\/v2\/posts"}],"about":[{"href":"https:\/\/www.europesays.com\/es\/wp-json\/wp\/v2\/types\/post"}],"author":[{"embeddable":true,"href":"https:\/\/www.europesays.com\/es\/wp-json\/wp\/v2\/users\/2"}],"replies":[{"embeddable":true,"href":"https:\/\/www.europesays.com\/es\/wp-json\/wp\/v2\/comments?post=230220"}],"version-history":[{"count":0,"href":"https:\/\/www.europesays.com\/es\/wp-json\/wp\/v2\/posts\/230220\/revisions"}],"wp:featuredmedia":[{"embeddable":true,"href":"https:\/\/www.europesays.com\/es\/wp-json\/wp\/v2\/media\/230221"}],"wp:attachment":[{"href":"https:\/\/www.europesays.com\/es\/wp-json\/wp\/v2\/media?parent=230220"}],"wp:term":[{"taxonomy":"category","embeddable":true,"href":"https:\/\/www.europesays.com\/es\/wp-json\/wp\/v2\/categories?post=230220"},{"taxonomy":"post_tag","embeddable":true,"href":"https:\/\/www.europesays.com\/es\/wp-json\/wp\/v2\/tags?post=230220"}],"curies":[{"name":"wp","href":"https:\/\/api.w.org\/{rel}","templated":true}]}}