{"id":230226,"date":"2025-11-11T10:44:10","date_gmt":"2025-11-11T10:44:10","guid":{"rendered":"https:\/\/www.europesays.com\/es\/230226\/"},"modified":"2025-11-11T10:44:10","modified_gmt":"2025-11-11T10:44:10","slug":"al-menos-12-muertos-y-una-veintena-de-heridos-en-un-atentado-suicida-en-la-capital-de-pakistan-internacional","status":"publish","type":"post","link":"https:\/\/www.europesays.com\/es\/230226\/","title":{"rendered":"Al menos 12 muertos y una veintena de heridos en un atentado suicida en la capital de Pakist\u00e1n | Internacional"},"content":{"rendered":"<p class=\"\">Al menos 12 personas han muerto y 27 han resultado heridas tras un \u201catentado suicida\u201d registrado este martes cerca de un tribunal de distrito en <a href=\"https:\/\/elpais.com\/internacional\/2025-10-12\/pakistan-y-afganistan-se-enfrentan-en-choques-armados-en-la-frontera-con-decenas-de-muertos.html\" target=\"_blank\" rel=\"nofollow noopener\" title=\"https:\/\/elpais.com\/internacional\/2025-10-12\/pakistan-y-afganistan-se-enfrentan-en-choques-armados-en-la-frontera-con-decenas-de-muertos.html\">la capital de Pakist\u00e1n, Islamabad<\/a>, seg\u00fan ha confirmado el ministro del Interior, Mohsin Naqvi. No hay, por el momento, reivindicaci\u00f3n de la autor\u00eda del ataque.<\/p>\n<p class=\"\">Fuentes policiales citadas por la cadena de televisi\u00f3n paquistan\u00ed Geo TV han indicado que la explosi\u00f3n ha tenido lugar junto a un veh\u00edculo aparcado frente al tribunal de distrito, que ha sido evacuado posteriormente. El terrorista, seg\u00fan Naqvi, intent\u00f3 entrar en la sede judicial a pie pero, tras esperar un rato en la puerta, deton\u00f3 el artefacto explosivo en el exterior, cerca de un veh\u00edculo policial, a las 12.39, hora local (las 8.39 en la Espa\u00f1a peninsular).<\/p>\n<p class=\"\">Las autoridades han enviado al lugar un refuerzo de seguridad, as\u00ed como expertos para analizar la escena de la explosi\u00f3n. Algunas fuentes apuntan a que en el lugar ha sido localizada la cabeza decapitada del presunto terrorista suicida, si bien por ahora no hay detalles sobre su identidad. <\/p>\n<p class=\"\">[Noticia de \u00faltima hora. Habr\u00e1 actualizaci\u00f3n].<\/p>\n","protected":false},"excerpt":{"rendered":"Al menos 12 personas han muerto y 27 han resultado heridas tras un \u201catentado suicida\u201d registrado este martes&hellip;\n","protected":false},"author":2,"featured_media":230227,"comment_status":"","ping_status":"","sticky":false,"template":"","format":"standard","meta":{"footnotes":""},"categories":[42],"tags":[1237,26130,60364,17,18,72,13,14,11,61,62,63,64,19,20,9,10,15,16,28219,592,12,21,22,65,66,67],"class_list":{"0":"post-230226","1":"post","2":"type-post","3":"status-publish","4":"format-standard","5":"has-post-thumbnail","7":"category-internacional","8":"tag-asia","9":"tag-atentados-bomba","10":"tag-atentados-suicidas","11":"tag-breaking-news","12":"tag-breakingnews","13":"tag-conflictos-internacionales","14":"tag-featured-news","15":"tag-featurednews","16":"tag-headlines","17":"tag-internacional","18":"tag-international","19":"tag-international-news","20":"tag-internationalnews","21":"tag-latest-news","22":"tag-latestnews","23":"tag-news","24":"tag-noticias","25":"tag-noticias-destacadas","26":"tag-noticiasdestacadas","27":"tag-pakistan","28":"tag-terrorismo","29":"tag-titulares","30":"tag-ultimas-noticias","31":"tag-ultimasnoticias","32":"tag-world","33":"tag-world-news","34":"tag-worldnews"},"share_on_mastodon":{"url":"","error":"Validation failed: Text character limit of 500 exceeded"},"_links":{"self":[{"href":"https:\/\/www.europesays.com\/es\/wp-json\/wp\/v2\/posts\/230226","targetHints":{"allow":["GET"]}}],"collection":[{"href":"https:\/\/www.europesays.com\/es\/wp-json\/wp\/v2\/posts"}],"about":[{"href":"https:\/\/www.europesays.com\/es\/wp-json\/wp\/v2\/types\/post"}],"author":[{"embeddable":true,"href":"https:\/\/www.europesays.com\/es\/wp-json\/wp\/v2\/users\/2"}],"replies":[{"embeddable":true,"href":"https:\/\/www.europesays.com\/es\/wp-json\/wp\/v2\/comments?post=230226"}],"version-history":[{"count":0,"href":"https:\/\/www.europesays.com\/es\/wp-json\/wp\/v2\/posts\/230226\/revisions"}],"wp:featuredmedia":[{"embeddable":true,"href":"https:\/\/www.europesays.com\/es\/wp-json\/wp\/v2\/media\/230227"}],"wp:attachment":[{"href":"https:\/\/www.europesays.com\/es\/wp-json\/wp\/v2\/media?parent=230226"}],"wp:term":[{"taxonomy":"category","embeddable":true,"href":"https:\/\/www.europesays.com\/es\/wp-json\/wp\/v2\/categories?post=230226"},{"taxonomy":"post_tag","embeddable":true,"href":"https:\/\/www.europesays.com\/es\/wp-json\/wp\/v2\/tags?post=230226"}],"curies":[{"name":"wp","href":"https:\/\/api.w.org\/{rel}","templated":true}]}}