{"id":230234,"date":"2025-11-11T10:53:09","date_gmt":"2025-11-11T10:53:09","guid":{"rendered":"https:\/\/www.europesays.com\/es\/230234\/"},"modified":"2025-11-11T10:53:09","modified_gmt":"2025-11-11T10:53:09","slug":"natalia-fischer-se-convierte-en-la-primera-europea-en-ganar-la-ruta-de-los-conquistadores","status":"publish","type":"post","link":"https:\/\/www.europesays.com\/es\/230234\/","title":{"rendered":"Natalia Fischer se convierte en la primera europea en ganar la Ruta de los Conquistadores"},"content":{"rendered":"<blockquote class=\"quote-card lateral\">\n<p>Natalia Fischer gana las tres etapas y se convierte en la primera europea en conquistar la Ruta<\/p>\n<\/blockquote>\n<p>Natalia Fischer ha cerrado su temporada 2025 haciendo historia. La corredora andaluza se ha convertido en la <strong>primera europea en ganar la Ruta de los Conquistadores<\/strong>, la legendaria prueba costarricense que lleva m\u00e1s de tres d\u00e9cadas desafiando a los bikers m\u00e1s resistentes del planeta. Fischer domin\u00f3 la carrera de principio a fin, <strong>ganando las tres etapas<\/strong> y dejando una huella imborrable en una cita donde hasta ahora apenas hab\u00edan triunfado ciclistas extranjeros.<\/p>\n<p>Con un tiempo total de <strong>14:37:39<\/strong>, Fischer consolid\u00f3 su victoria tras imponerse tambi\u00e9n en la \u00faltima etapa, entre Santa Ana y Jac\u00f3, una jornada marcada por el barro, el calor y el paso por el exigente Parque Nacional Carara. All\u00ed, muchos corredores se vieron obligados a cargar la bici al hombro en tramos casi imposibles.<\/p>\n<p>\t Contin\u00faa tras los patrocinadores<\/p>\n<p>Una de las carreras m\u00e1s duras y emblem\u00e1ticas del MTB<\/p>\n<blockquote class=\"quote-card lateral\">\n<p>Carreteras de tierra, barro, selva, calor y humedad: el ADN de la Ruta de los Conquistadores<\/p>\n<\/blockquote>\n<p>Fundada en 1993, <strong>la Ruta de los Conquistadores<\/strong> fue una de las primeras pruebas por etapas del mundo y sigue siendo una de las m\u00e1s exigentes. Recorre Costa Rica de costa a costa, atravesando selvas, volcanes y monta\u00f1as en un trazado de m\u00e1s de <strong>250 kil\u00f3metros<\/strong> con miles de metros de desnivel acumulado.<\/p>\n<p>Es tambi\u00e9n una de las pocas carreras que mantiene la esencia m\u00e1s salvaje del MTB. Su recorrido mezcla tramos t\u00e9cnicos, carreteras de tierra, caminos agr\u00edcolas, zonas selv\u00e1ticas y condiciones clim\u00e1ticas que cambian de forma radical entre etapas. De ah\u00ed su fama de carrera impredecible y extrema, donde el barro y la humedad son protagonistas y donde los bikers locales han sido, hist\u00f3ricamente, los grandes dominadores.<\/p>\n<p>Fischer: \u201cEs una locura, pero me ha encantado\u201d<\/p>\n<blockquote class=\"quote-card lateral\">\n<p>\u201cSoy una persona a la que le gusta que la lleven al l\u00edmite, tanto f\u00edsica como mentalmente\u201d<\/p>\n<\/blockquote>\n<p>Tras cruzar la meta final en Jac\u00f3, Natalia Fischer resumi\u00f3 la experiencia con una frase que define perfectamente la prueba: \u201cLa Ruta de los Conquistadores es una locura, pero me ha encantado\u201d.<\/p>\n<p>La corredora malague\u00f1a, subcampeona de Europa de XCM y campeona iberoamericana, destac\u00f3 la dureza y belleza de la carrera: \u201cCada etapa tiene lo suyo. El primer d\u00eda fue muy caluroso, el segundo de mucha altura y este \u00faltimo, con el barro de Carara, ha sido impresionante\u201d.<\/p>\n<p>Fischer tambi\u00e9n afirm\u00f3 que la Ruta la ha llevado al l\u00edmite: \u201cSe corre bajo condiciones extremas que no se pueden igualar en Europa. Me ha encantado y espero volver el pr\u00f3ximo a\u00f1o\u201d.<\/p>\n<p>\u00a0<\/p>\n","protected":false},"excerpt":{"rendered":"Natalia Fischer gana las tres etapas y se convierte en la primera europea en conquistar la Ruta Natalia&hellip;\n","protected":false},"author":2,"featured_media":230235,"comment_status":"","ping_status":"","sticky":false,"template":"","format":"standard","meta":{"footnotes":""},"categories":[273],"tags":[313,312,168,25,24,60365,45128,23,167],"class_list":{"0":"post-230234","1":"post","2":"type-post","3":"status-publish","4":"format-standard","5":"has-post-thumbnail","7":"category-ciclismo","8":"tag-ciclismo","9":"tag-cycling","10":"tag-deportes","11":"tag-es","12":"tag-espana","13":"tag-la-ruta-de-los-conquistadores","14":"tag-natalia-fischer","15":"tag-spain","16":"tag-sports"},"share_on_mastodon":{"url":"https:\/\/pubeurope.com\/@es\/115530694876993899","error":""},"_links":{"self":[{"href":"https:\/\/www.europesays.com\/es\/wp-json\/wp\/v2\/posts\/230234","targetHints":{"allow":["GET"]}}],"collection":[{"href":"https:\/\/www.europesays.com\/es\/wp-json\/wp\/v2\/posts"}],"about":[{"href":"https:\/\/www.europesays.com\/es\/wp-json\/wp\/v2\/types\/post"}],"author":[{"embeddable":true,"href":"https:\/\/www.europesays.com\/es\/wp-json\/wp\/v2\/users\/2"}],"replies":[{"embeddable":true,"href":"https:\/\/www.europesays.com\/es\/wp-json\/wp\/v2\/comments?post=230234"}],"version-history":[{"count":0,"href":"https:\/\/www.europesays.com\/es\/wp-json\/wp\/v2\/posts\/230234\/revisions"}],"wp:featuredmedia":[{"embeddable":true,"href":"https:\/\/www.europesays.com\/es\/wp-json\/wp\/v2\/media\/230235"}],"wp:attachment":[{"href":"https:\/\/www.europesays.com\/es\/wp-json\/wp\/v2\/media?parent=230234"}],"wp:term":[{"taxonomy":"category","embeddable":true,"href":"https:\/\/www.europesays.com\/es\/wp-json\/wp\/v2\/categories?post=230234"},{"taxonomy":"post_tag","embeddable":true,"href":"https:\/\/www.europesays.com\/es\/wp-json\/wp\/v2\/tags?post=230234"}],"curies":[{"name":"wp","href":"https:\/\/api.w.org\/{rel}","templated":true}]}}