{"id":23025,"date":"2025-08-03T15:03:08","date_gmt":"2025-08-03T15:03:08","guid":{"rendered":"https:\/\/www.europesays.com\/es\/23025\/"},"modified":"2025-08-03T15:03:08","modified_gmt":"2025-08-03T15:03:08","slug":"toldos-verdes-calor-toldos-verdes-contra-el-calor-un-arquitecto-los-cuestiona-y-los-fabricantes-responden","status":"publish","type":"post","link":"https:\/\/www.europesays.com\/es\/23025\/","title":{"rendered":"TOLDOS VERDES CALOR | Toldos verdes contra el calor: un arquitecto los cuestiona y los fabricantes responden"},"content":{"rendered":"<p class=\"ft-text\">Durante d\u00e9cadas, los <strong>toldos verdes<\/strong> han sido una estampa inseparable de los balcones y fachadas de toda Espa\u00f1a. Forman parte del paisaje urbano desde los a\u00f1os 60, cuando el boom inmobiliario trajo consigo cientos de miles de viviendas nuevas y la necesidad de protegerlas del sol abrasador.<\/p>\n<p class=\"ft-text\">Entonces, las opciones eran pocas: verde, azul o naranja. El <strong>verde <\/strong>se impuso por resultar m\u00e1s neutro y agradable a la vista, y pronto se convirti\u00f3 en norma en muchas comunidades de vecinos que buscaban armon\u00eda est\u00e9tica. Desde entonces, ha sido considerado un <strong>aliado contra el calor<\/strong>.<\/p>\n<p class=\"ft-text\">Pero, \u00bfy si en realidad estuviera haciendo el <strong>efecto contrario<\/strong>? Esa es la advertencia que lanza el arquitecto t\u00e9cnico <strong>Jordi Mart\u00ed<\/strong> en uno de sus videos virales: \u00abSi tienes un toldo como este, te recomiendo evitarlo tambi\u00e9n\u00bb. En su opini\u00f3n, este tipo de toldos <strong>\u00abse calientan y es como tener un radiador delante de la ventana\u00bb<\/strong> porque la zona bajo el toldo se convierte en un punto caliente que irradia temperatura hacia el interior.<\/p>\n<p class=\"ft-text\">Su opini\u00f3n no es compartida por la Asociaci\u00f3n Espa\u00f1ola de Sombreado y Control Solar Din\u00e1mico (<strong>AESDD<\/strong>). Aunque reconocen que los colores oscuros se calientan m\u00e1s que los claros, aseguran que los toldos de colores oscuros <strong>\u00abno irradian calor al interior de los edificios a trav\u00e9s del vidrio\u00bb<\/strong>, ya que la energ\u00eda infrarroja que emiten es de radiaci\u00f3n infrarroja de onda larga (FIR), que no puede atravesar el acristalamiento. En cambio, explican, la radiaci\u00f3n infrarroja de onda corta (NIR), procedente del sol, s\u00ed penetra f\u00e1cilmente a trav\u00e9s del vidrio si no se bloquea desde el exterior.<\/p>\n<p>C\u00f3mo hacer para que los toldos no calienten nuestra casa<\/p>\n<p class=\"ft-text\">La clave, en opini\u00f3n de Jordi Mart\u00ed, est\u00e1 en <strong>repensar el dise\u00f1o<\/strong>. Para ello cita la tesis doctoral del arquitecto Hubertus P\u00f6ppinghaus, que analiz\u00f3 con c\u00e1mara termogr\u00e1fica c\u00f3mo se comportan distintos materiales frente al sol. Su conclusi\u00f3n es: los toldos funcionar\u00edan mucho mejor si fueran reflectantes por la parte superior, de modo que <strong>reboten la radiaci\u00f3n<\/strong> solar en lugar de absorberla.<\/p>\n<p class=\"ft-text\">El problema, seg\u00fan Mart\u00ed, es que las telas verdes y oscuras, aunque bloqueen la luz, <strong>acumulan el calor<\/strong> y lo convierten en una fuente de temperatura constante frente a la ventana. Por el contrario, un toldo que refleje por fuera y absorba por dentro podr\u00eda mantener m\u00e1s fresca la zona de sombra.<\/p>\n<p class=\"ft-text\">\u00bfCu\u00e1l ser\u00eda la <strong>mejor soluci\u00f3n<\/strong>? El arquitecto propone toldos de <strong>doble capa<\/strong>: una exterior reflectante y una interior m\u00e1s absorbente. \u00abDe esta manera, nuestra casa se calienta menos y ahorramos en aire acondicionado\u00bb, se\u00f1ala en su v\u00eddeo.<\/p>\n<p>La orientaci\u00f3n tambi\u00e9n importa<\/p>\n<p class=\"ft-text\">Adem\u00e1s del material y el color, otros factores como la <strong>orientaci\u00f3n <\/strong>de la fachada o el <strong>tipo de ventana<\/strong> tambi\u00e9n influyen en la eficacia del toldo. En balcones orientados al <strong>sur <\/strong>\u2014donde el sol incide con m\u00e1s fuerza durante las horas centrales del d\u00eda, elegir bien el tejido y el dise\u00f1o del toldo puede marcar la diferencia entre una casa habitable y un horno.<\/p>\n<p class=\"ft-text\">Mart\u00ed recomienda no conformarse con la soluci\u00f3n est\u00e9tica m\u00e1s habitual, sino buscar asesoramiento profesional si se quiere ganar en eficiencia energ\u00e9tica sin recurrir constantemente al aire acondicionado.<\/p>\n<p>La visi\u00f3n t\u00e9cnica del sector<\/p>\n<p class=\"ft-text\">Seg\u00fan asegura en un comunicado la AESDD, los toldos de colores oscuros <strong>\u00abno irradian calor al interior de los edificios a trav\u00e9s del vidrio\u00bb<\/strong>. Aunque reconocen que los tejidos oscuros se calientan m\u00e1s al sol que los claros, subrayan que \u00ablos <strong>sistemas de sombreado<\/strong> <strong>exterior <\/strong>\u2014independientemente de su color\u2014 son esenciales para bloquear la radiaci\u00f3n antes de que penetre en el edificio\u00bb.<\/p>\n<p class=\"ft-text\">AESDD defiende que los toldos, incluidos los de tonos oscuros, son una herramienta eficaz para <strong>mejorar la eficiencia energ\u00e9tica<\/strong>, siempre que se dise\u00f1en con criterios t\u00e9cnicos adecuados. \u00abEl dise\u00f1o arquitect\u00f3nico debe apoyarse en conocimiento t\u00e9cnico riguroso y no en percepciones intuitivas que pueden llevar a decisiones ineficaces o err\u00f3neas\u00bb, concluyen.<\/p>\n","protected":false},"excerpt":{"rendered":"Durante d\u00e9cadas, los toldos verdes han sido una estampa inseparable de los balcones y fachadas de toda Espa\u00f1a.&hellip;\n","protected":false},"author":2,"featured_media":23026,"comment_status":"","ping_status":"","sticky":false,"template":"","format":"standard","meta":{"footnotes":""},"categories":[173],"tags":[839,229,233,231,230,4922,232,234,4482,146,147,25,24,13417,23,5689,13416,1793,1049],"class_list":{"0":"post-23025","1":"post","2":"type-post","3":"status-publish","4":"format-standard","5":"has-post-thumbnail","7":"category-arte-y-diseno","8":"tag-arquitecto","9":"tag-arte","10":"tag-arte-y-diseno","11":"tag-arts","12":"tag-arts-and-design","13":"tag-calor","14":"tag-design","15":"tag-diseno","16":"tag-dv","17":"tag-entertainment","18":"tag-entretenimiento","19":"tag-es","20":"tag-espana","21":"tag-jordi-marti","22":"tag-spain","23":"tag-terrazas","24":"tag-toldo","25":"tag-verano","26":"tag-verde"},"share_on_mastodon":{"url":"","error":""},"_links":{"self":[{"href":"https:\/\/www.europesays.com\/es\/wp-json\/wp\/v2\/posts\/23025","targetHints":{"allow":["GET"]}}],"collection":[{"href":"https:\/\/www.europesays.com\/es\/wp-json\/wp\/v2\/posts"}],"about":[{"href":"https:\/\/www.europesays.com\/es\/wp-json\/wp\/v2\/types\/post"}],"author":[{"embeddable":true,"href":"https:\/\/www.europesays.com\/es\/wp-json\/wp\/v2\/users\/2"}],"replies":[{"embeddable":true,"href":"https:\/\/www.europesays.com\/es\/wp-json\/wp\/v2\/comments?post=23025"}],"version-history":[{"count":0,"href":"https:\/\/www.europesays.com\/es\/wp-json\/wp\/v2\/posts\/23025\/revisions"}],"wp:featuredmedia":[{"embeddable":true,"href":"https:\/\/www.europesays.com\/es\/wp-json\/wp\/v2\/media\/23026"}],"wp:attachment":[{"href":"https:\/\/www.europesays.com\/es\/wp-json\/wp\/v2\/media?parent=23025"}],"wp:term":[{"taxonomy":"category","embeddable":true,"href":"https:\/\/www.europesays.com\/es\/wp-json\/wp\/v2\/categories?post=23025"},{"taxonomy":"post_tag","embeddable":true,"href":"https:\/\/www.europesays.com\/es\/wp-json\/wp\/v2\/tags?post=23025"}],"curies":[{"name":"wp","href":"https:\/\/api.w.org\/{rel}","templated":true}]}}