{"id":230254,"date":"2025-11-11T11:06:10","date_gmt":"2025-11-11T11:06:10","guid":{"rendered":"https:\/\/www.europesays.com\/es\/230254\/"},"modified":"2025-11-11T11:06:10","modified_gmt":"2025-11-11T11:06:10","slug":"el-cometa-interestelar-detectado-por-radiofrecuencia","status":"publish","type":"post","link":"https:\/\/www.europesays.com\/es\/230254\/","title":{"rendered":"el cometa interestelar detectado por radiofrecuencia"},"content":{"rendered":"<p>En octubre de 2025, un objeto procedente de los confines del espacio interestelar atraves\u00f3 nuestro sistema solar dejando tras de s\u00ed un rastro sutil pero detectable: una <strong>se\u00f1al en radiofrecuencia <\/strong>captada mientras se acercaba al Sol. Este cuerpo c\u00f3smico, conocido como <strong>3I\/ATLAS<\/strong>, es el tercer objeto identificado con trayectoria claramente interestelar, despu\u00e9s de 1I\/&#8217;Oumuamua y 2I\/Borisov. <\/p>\n<p>Descubrimiento y naturaleza interestelar<\/p>\n<p>3I\/ATLAS fue detectado el <strong>1 de julio de 2025 <\/strong>por el sistema ATLAS (Asteroid Terrestrial\u2011impact Last Alert System) en Chile. Recibi\u00f3 la designaci\u00f3n oficial C\/2025\u202fN1 (ATLAS) y su \u00f3rbita hiperb\u00f3lica confirma que no est\u00e1 ligado gravitacionalmente al Sol: simplemente atraviesa nuestro sistema solar.<\/p>\n<p>El perihelio, o punto de m\u00e1xima cercan\u00eda al Sol, se alcanz\u00f3 aproximadamente el <strong>29\u201330 de octubre de 2025 <\/strong>a unas 1,4 unidades astron\u00f3micas (UA). Su aproximaci\u00f3n m\u00e1s cercana a la Tierra fue de 1,8\u202fUA, equivalente a unos 270 millones de kil\u00f3metros, eliminando cualquier riesgo de impacto.<\/p>\n<p>Un hito en radioastronom\u00eda<\/p>\n<p>El aspecto m\u00e1s sorprendente de 3I\/ATLAS fue la detecci\u00f3n de l\u00edneas de absorci\u00f3n de OH en radiofrecuencia, reportada por un <strong>equipo internacional de astr\u00f3nomos en Sud\u00e1frica y Suecia<\/strong> el 24 de octubre de 2025. El hallazgo se logr\u00f3 gracias al radiotelescopio MeerKAT, formado por 64 antenas de 13,5 metros de di\u00e1metro, que detect\u00f3 las l\u00edneas a 1665 y 1667\u202fMHz, t\u00edpicas del radical OH, un subproducto del agua en cometas.<\/p>\n<p>            <a class=\"articulo-relacionado__media\" href=\"https:\/\/www.elindependiente.com\/futuro\/2025\/10\/30\/atlas-cometa-interestelar-sorprende-nasa\/\" title=\"3I\/ATLAS: el misterioso cometa interestelar que estudia la NASA tras cruzar el Sistema Solar a 220.000 km\/h\" rel=\"nofollow noopener\" target=\"_blank\"><\/p>\n<p>                <img loading=\"lazy\" decoding=\"async\" src=\"data:image\/svg+xml,%3Csvg%20xmlns=\" http:=\"\" width=\"390\" height=\"220\" alt=\"3I\/ATLAS: el misterioso cometa interestelar que estudia la NASA tras cruzar el Sistema Solar a 220.000 km\/h\" data-lazy-src=\"https:\/\/www.europesays.com\/es\/wp-content\/uploads\/2025\/11\/fotonoticia-20250722133248-1200-390x220.jpg\"\/><\/p>\n<p>\t\t\t            <\/a><\/p>\n<p>La observaci\u00f3n fue t\u00e9cnicamente desafiante, ya que el objeto estaba a solo <strong>3,76 grados del Sol<\/strong>, una configuraci\u00f3n que genera interferencia solar y complica la recepci\u00f3n de se\u00f1ales d\u00e9biles. Intentos anteriores en septiembre no hab\u00edan registrado ninguna emisi\u00f3n. <\/p>\n<p>Esta detecci\u00f3n no solo confirma la <strong>presencia de agua en la coma<\/strong>, sino que permite estudiar la qu\u00edmica activa de un cometa interestelar en tiempo real, abriendo un nuevo campo en la investigaci\u00f3n de cuerpos errantes de otros sistemas estelares.<\/p>\n<p>Composici\u00f3n y comportamiento extremo<\/p>\n<p>Estudios adicionales realizados con los telescopios Hubble y James Webb muestran que 3I\/ATLAS posee una coma moderada, una cola orientada antisolar y emisiones de gases como CO\u2082 y cianuro de hidr\u00f3geno. La proporci\u00f3n CO\u2082\/H\u2082O es m\u00e1s alta que la de la mayor\u00eda de los cometas del Sistema Solar, lo que indica una composici\u00f3n distinta aunque coherente con un cometa helado.<\/p>\n<p>La p\u00e9rdida de masa del objeto tambi\u00e9n ha sido extraordinaria. Antes del perihelio, se estimaban 150\u202fkg por segundo, pero cerca del perihelio alcanz\u00f3 aproximadamente 2 millones de kg por segundo, un incremento sin precedentes entre cometas conocidos. Este comportamiento extremo requiere modelos que relacionen la p\u00e9rdida de masa con la distancia al Sol de manera muy sensible, ofreciendo un laboratorio natural para estudiar materiales interestelares bajo la influencia solar.<\/p>\n<p>Confirmaci\u00f3n del origen natural<\/p>\n<p>A pesar de especulaciones sobre un posible origen artificial, la evidencia cient\u00edfica indica que 3I\/ATLAS es un cometa natural. La se\u00f1al de OH, su coma y la producci\u00f3n de gases coinciden con las propiedades f\u00edsicas esperadas de un cometa helado. Observaciones complementarias desde Sud\u00e1frica y otros observatorios confirman que, aunque su origen es gal\u00e1ctico, se comporta como un cometa activo t\u00edpico.<\/p>\n<p>            <a class=\"articulo-relacionado__media\" href=\"https:\/\/www.elindependiente.com\/futuro\/2025\/11\/05\/cometa-interestelar-atlas-tierra\/\" title=\"As\u00ed ser\u00e1 el paso del cometa 3I\/ATLAS cerca de la Tierra en diciembre de 2025\" rel=\"nofollow noopener\" target=\"_blank\"><\/p>\n<p>                <img loading=\"lazy\" decoding=\"async\" src=\"data:image\/svg+xml,%3Csvg%20xmlns=\" http:=\"\" width=\"390\" height=\"220\" alt=\"As\u00ed ser\u00e1 el paso del cometa 3I\/ATLAS cerca de la Tierra en diciembre de 2025\" data-lazy-src=\"https:\/\/www.europesays.com\/es\/wp-content\/uploads\/2025\/11\/space-1486556-1920-390x220.jpg\"\/><\/p>\n<p>\t\t\t            <\/a><\/p>\n<p>El retraso en la publicaci\u00f3n de im\u00e1genes recientes por parte de la <strong><a href=\"https:\/\/www.elindependiente.com\/etiquetas\/nasa\/\" rel=\"nofollow noopener\" target=\"_blank\">NASA <\/a><\/strong>se explica por un cierre parcial del gobierno estadounidense desde el 1 de octubre de 2025, que redujo la operatividad de la agencia al 17\u202f%, priorizando misiones cr\u00edticas como Artemis y la Estaci\u00f3n Espacial Internacional.<\/p>\n<p>Implicaciones cient\u00edficas y futuras oportunidades<\/p>\n<p>La observaci\u00f3n de 3I\/ATLAS marca un hito: por primera vez, un objeto interestelar ha sido detectado no solo \u00f3pticamente, sino tambi\u00e9n mediante radiofrecuencia, lo que permite estudiar su composici\u00f3n y actividad qu\u00edmica de forma directa. A medida que se aleja del Sol, los astr\u00f3nomos podr\u00e1n seguir analizando su coma y la interacci\u00f3n con el viento solar, as\u00ed como la evoluci\u00f3n de su n\u00facleo.<\/p>\n<p>Independientemente de si el cometa se fragmenta o permanece intacto, 3I\/ATLAS deja un legado cient\u00edfico y una ense\u00f1anza clara: incluso los visitantes de otros sistemas estelares pueden sorprendernos, ofreciendo ventanas \u00fanicas para comprender la formaci\u00f3n y evoluci\u00f3n de materiales m\u00e1s all\u00e1 de nuestro vecindario c\u00f3smico.<\/p>\n<p>            <a class=\"articulo-relacionado__media\" href=\"https:\/\/www.elindependiente.com\/futuro\/2025\/10\/22\/3i-atlas-cometa-interestelar-atraviesa-cielo\/\" title=\"El cometa 3I\/ATLAS: &quot;Una c\u00e1psula del tiempo interestelar&quot;\" rel=\"nofollow noopener\" target=\"_blank\"><\/p>\n<p>                <img loading=\"lazy\" decoding=\"async\" src=\"data:image\/svg+xml,%3Csvg%20xmlns=\" http:=\"\" width=\"390\" height=\"220\" alt=\"El cometa 3I\/ATLAS: &quot;Una c\u00e1psula del tiempo interestelar&quot;\" data-lazy-src=\"https:\/\/www.europesays.com\/es\/wp-content\/uploads\/2025\/10\/rss-efe6e2486e13a2fc022fc61e2ed28a6175087f1f257w-390x220.webp.webp\"\/><\/p>\n<p>\t\t\t            <\/a><\/p>\n<p>PUBLICIDAD<\/p>\n","protected":false},"excerpt":{"rendered":"En octubre de 2025, un objeto procedente de los confines del espacio interestelar atraves\u00f3 nuestro sistema solar dejando&hellip;\n","protected":false},"author":2,"featured_media":213466,"comment_status":"","ping_status":"","sticky":false,"template":"","format":"standard","meta":{"footnotes":""},"categories":[81],"tags":[119,123,124,25,24,642,117,121,122,975,23,118,120],"class_list":{"0":"post-230254","1":"post","2":"type-post","3":"status-publish","4":"format-standard","5":"has-post-thumbnail","7":"category-ciencia-y-tecnologia","8":"tag-ciencia","9":"tag-ciencia-y-tecnologia","10":"tag-cienciaytecnologia","11":"tag-es","12":"tag-espana","13":"tag-nasa","14":"tag-science","15":"tag-science-and-technology","16":"tag-scienceandtechnology","17":"tag-seo","18":"tag-spain","19":"tag-technology","20":"tag-tecnologia"},"share_on_mastodon":{"url":"https:\/\/pubeurope.com\/@es\/115530746102642410","error":""},"_links":{"self":[{"href":"https:\/\/www.europesays.com\/es\/wp-json\/wp\/v2\/posts\/230254","targetHints":{"allow":["GET"]}}],"collection":[{"href":"https:\/\/www.europesays.com\/es\/wp-json\/wp\/v2\/posts"}],"about":[{"href":"https:\/\/www.europesays.com\/es\/wp-json\/wp\/v2\/types\/post"}],"author":[{"embeddable":true,"href":"https:\/\/www.europesays.com\/es\/wp-json\/wp\/v2\/users\/2"}],"replies":[{"embeddable":true,"href":"https:\/\/www.europesays.com\/es\/wp-json\/wp\/v2\/comments?post=230254"}],"version-history":[{"count":0,"href":"https:\/\/www.europesays.com\/es\/wp-json\/wp\/v2\/posts\/230254\/revisions"}],"wp:featuredmedia":[{"embeddable":true,"href":"https:\/\/www.europesays.com\/es\/wp-json\/wp\/v2\/media\/213466"}],"wp:attachment":[{"href":"https:\/\/www.europesays.com\/es\/wp-json\/wp\/v2\/media?parent=230254"}],"wp:term":[{"taxonomy":"category","embeddable":true,"href":"https:\/\/www.europesays.com\/es\/wp-json\/wp\/v2\/categories?post=230254"},{"taxonomy":"post_tag","embeddable":true,"href":"https:\/\/www.europesays.com\/es\/wp-json\/wp\/v2\/tags?post=230254"}],"curies":[{"name":"wp","href":"https:\/\/api.w.org\/{rel}","templated":true}]}}