{"id":230265,"date":"2025-11-11T11:16:09","date_gmt":"2025-11-11T11:16:09","guid":{"rendered":"https:\/\/www.europesays.com\/es\/230265\/"},"modified":"2025-11-11T11:16:09","modified_gmt":"2025-11-11T11:16:09","slug":"paula-patino-se-une-al-laboral-kutxa","status":"publish","type":"post","link":"https:\/\/www.europesays.com\/es\/230265\/","title":{"rendered":"Paula Pati\u00f1o se une al Laboral Kutxa"},"content":{"rendered":"<p data-mrf-recirculation=\"Links P\u00e1rrafos\" class=\"ue-c-article__paragraph paragraph ue-c-article--first-letter-highlighted\">La escaladora <strong>Paula Pati\u00f1o<\/strong> (1997, La Ceja, Antioquia, Colombia) correr\u00e1 las <strong>dos pr\u00f3ximas temporadas<\/strong>, 2026 y 2027, en el <strong>LABORAL Kutxa-Euskadi.<\/strong> La ciclista colombiana aportar\u00e1 su amplia experiencia en la \u00e9lite y sus virtudes en la monta\u00f1a para afrontar un 2026 en el que la formaci\u00f3n vasca se ha ganado la invitaci\u00f3n autom\u00e1tica a todo el calendario del <strong>WorldTour.<\/strong><\/p>\n<p data-mrf-recirculation=\"Links P\u00e1rrafos\" class=\"ue-c-article__paragraph paragraph\">Pati\u00f1o es un refuerzo importante del<strong> LABORAL Kutxa-Euskadi, ya que<\/strong>\u00a0llega tras un ciclo de siete temporadas en el <strong>WorldTour<\/strong> con el <strong>Movistar Team.<\/strong> Se trata de una ciclista contrastada, que llega con el objetivo de aumentar el nivel deportivo del equipo y ser un referente para las compa\u00f1eras m\u00e1s j\u00f3venes.<\/p>\n<p data-mrf-recirculation=\"Links P\u00e1rrafos\" class=\"ue-c-article__paragraph paragraph\"><strong>Paula Pati\u00f1o:<\/strong> \u00abFichar por el LABORAL Kutxa-Euskadi supone una gran motivaci\u00f3n y una gran oportunidad para seguir creciendo y compitiendo al m\u00e1s alto nivel. Es un equipo con mucha ambici\u00f3n, que tiene mucha proyecci\u00f3n, y esto me motiva. La progresi\u00f3n de la estructura ha sido bastante significativa a\u00f1o a a\u00f1o, especialmente en 2025.<\/p>\n<p data-mrf-recirculation=\"Links P\u00e1rrafos\" class=\"ue-c-article__paragraph paragraph\">\u00abEspero crecer m\u00e1s las dos pr\u00f3ximas temporadas. Despu\u00e9s de siete a\u00f1os con el equipo Movistar, pienso que he adquirido la suficiente madurez y experiencia. Aun as\u00ed, pienso que todav\u00eda tengo \u00e1reas por mejorar, y creo que las puedo conseguir con la confianza y oportunidades que me pueda ofrecer el LABORAL Kutxa-Euskadi. Mis objetivos deportivos son ganar con el grupo, aportar al trabajo colectivo, y as\u00ed alcanzar grandes logros individuales y del equipo\u00bb<\/p>\n<p data-mrf-recirculation=\"Links P\u00e1rrafos\" class=\"ue-c-article__paragraph paragraph\">\u00abLas carreras por etapas, en especial las grandes vueltas, son las competiciones que m\u00e1s me atraen. Me gustar\u00eda tener la oportunidad de estar nuevamente en el Tour de Francia, una carrera de la que tengo muy buenos recuerdos. Agradezco al equipo LABORAL Kutxa-Euskadi haber confiado en m\u00ed y brindarme esta oportunidad de formar parte de este proyecto deportivo. Estoy segura de que ser\u00e1 muy beneficioso y que creceremos juntas\u00bb.<\/p>\n<p data-mrf-recirculation=\"Links P\u00e1rrafos\" class=\"ue-c-article__paragraph paragraph\"><strong>Ion Lazkano, director deportivo del LABORAL Kutxa-Euskadi:<\/strong> \u00abPaula es una incorporaci\u00f3n muy importante para el equipo. Se trata de una corredora con una gran experiencia y bagaje en el WorldTour. Es una escaladora pura y nos dar\u00e1 mucha solidez, sobre todo, en etapas de alta monta\u00f1a y con desniveles importantes\u00bb.<\/p>\n","protected":false},"excerpt":{"rendered":"La escaladora Paula Pati\u00f1o (1997, La Ceja, Antioquia, Colombia) correr\u00e1 las dos pr\u00f3ximas temporadas, 2026 y 2027, en&hellip;\n","protected":false},"author":2,"featured_media":230266,"comment_status":"","ping_status":"","sticky":false,"template":"","format":"standard","meta":{"footnotes":""},"categories":[273],"tags":[313,312,168,25,24,23,167],"class_list":{"0":"post-230265","1":"post","2":"type-post","3":"status-publish","4":"format-standard","5":"has-post-thumbnail","7":"category-ciclismo","8":"tag-ciclismo","9":"tag-cycling","10":"tag-deportes","11":"tag-es","12":"tag-espana","13":"tag-spain","14":"tag-sports"},"share_on_mastodon":{"url":"https:\/\/pubeurope.com\/@es\/115530785333040245","error":""},"_links":{"self":[{"href":"https:\/\/www.europesays.com\/es\/wp-json\/wp\/v2\/posts\/230265","targetHints":{"allow":["GET"]}}],"collection":[{"href":"https:\/\/www.europesays.com\/es\/wp-json\/wp\/v2\/posts"}],"about":[{"href":"https:\/\/www.europesays.com\/es\/wp-json\/wp\/v2\/types\/post"}],"author":[{"embeddable":true,"href":"https:\/\/www.europesays.com\/es\/wp-json\/wp\/v2\/users\/2"}],"replies":[{"embeddable":true,"href":"https:\/\/www.europesays.com\/es\/wp-json\/wp\/v2\/comments?post=230265"}],"version-history":[{"count":0,"href":"https:\/\/www.europesays.com\/es\/wp-json\/wp\/v2\/posts\/230265\/revisions"}],"wp:featuredmedia":[{"embeddable":true,"href":"https:\/\/www.europesays.com\/es\/wp-json\/wp\/v2\/media\/230266"}],"wp:attachment":[{"href":"https:\/\/www.europesays.com\/es\/wp-json\/wp\/v2\/media?parent=230265"}],"wp:term":[{"taxonomy":"category","embeddable":true,"href":"https:\/\/www.europesays.com\/es\/wp-json\/wp\/v2\/categories?post=230265"},{"taxonomy":"post_tag","embeddable":true,"href":"https:\/\/www.europesays.com\/es\/wp-json\/wp\/v2\/tags?post=230265"}],"curies":[{"name":"wp","href":"https:\/\/api.w.org\/{rel}","templated":true}]}}