{"id":230277,"date":"2025-11-11T11:24:13","date_gmt":"2025-11-11T11:24:13","guid":{"rendered":"https:\/\/www.europesays.com\/es\/230277\/"},"modified":"2025-11-11T11:24:13","modified_gmt":"2025-11-11T11:24:13","slug":"domingo-rodriguez-el-colorao-premio-de-honor-de-los-galardones-canarios-de-la-musica","status":"publish","type":"post","link":"https:\/\/www.europesays.com\/es\/230277\/","title":{"rendered":"Domingo Rodr\u00edguez &#8216;El Colorao&#8217;, Premio de Honor de los galardones canarios de la m\u00fasica"},"content":{"rendered":"<p><a class=\"v-mdl-ath__fig-a\" href=\"https:\/\/www.canarias7.es\/autor\/canarias7-6545.html\" title=\"CANARIAS7\" rel=\"nofollow noopener\" target=\"_blank\"><br \/>\n<img decoding=\"async\" class=\"v-mdl-ath__img\" src=\"https:\/\/www.europesays.com\/es\/wp-content\/uploads\/2025\/08\/1754689268_701_autor-6545-foto-1.png\" alt=\"CANARIAS7\"\/><br \/>\n<\/a><\/p>\n<p class=\"v-mdl-ath__p v-mdl-ath__p--6\">\nLunes, 10 de noviembre 2025, 16:43<\/p>\n<p class=\"v-p\">La Asociaci\u00f3n Premios Canarios de la M\u00fasica ha decidido otorgar al timplista de Fuerteventura, Domingo Rodr\u00edguez &#8216;El Colorao&#8217; (1964), el Premio de Honor que concede anualmente para reconocer la s\u00f3lida trayectoria y contribuci\u00f3n a la m\u00fasica y a la cultura de Canarias de un artista.<\/p>\n<p class=\"v-p\">El m\u00fasico, que recibir\u00e1 la citada condecoraci\u00f3n el pr\u00f3ximo d\u00eda 3 de diciembre en el transcurso de la gala de entrega de la s\u00e9ptima edici\u00f3n de los Premios Canarios de la M\u00fasica que se celebrar\u00e1 en el Teatro Leal de La Laguna, se congratula de que \u00absean los propios compa\u00f1eros m\u00fasicos quienes me concedan este premio. Estoy inmensamente agradecido. Es todo un halago que adem\u00e1s indica que algo bueno vengo haciendo desde hace a\u00f1os. Uno trabaja con amor y cari\u00f1o para intentar ser feliz y entregar al p\u00fablico su trabajo de manera honesta. Siempre me he sentido reconocido por el p\u00fablico de Canarias\u00bb, se\u00f1ala. <\/p>\n<p class=\"v-p\">Con este galard\u00f3n, Domingo Rodr\u00edguez se une a una lista de grandes artistas reconocidos en el contexto de estos premios por su influencia y aportaciones a la identidad cultural canaria como Braulio, Mar\u00eda M\u00e9rida, Taburiente, Elfidio Alonso, Teddy Bautista o Mary S\u00e1nchez.<\/p>\n<p class=\"v-p\">\u00abSoy un m\u00fasico de ra\u00edz \u2013se\u00f1ala \u00e9l mismo-, y contemplo que la m\u00fasica canaria va mucho m\u00e1s all\u00e1 que s\u00f3lo un par de acordes. En mi caso, adem\u00e1s, puede decir que en mis creaciones siempre est\u00e1 impl\u00edcito el paisaje de Tetir, su lugar de nacimiento, mi isla, mi familia. Haga la m\u00fasica que haga siempre va a sonar ese paisaje que llevo impreso en el alma\u00bb, explica este majorero nacido en el seno de una familia profundamente ligada al folclore y cuyo destino musical comenz\u00f3 temprano bajo la gu\u00eda de Casimiro Camacho.<\/p>\n<p>Reporta un error<\/p>\n","protected":false},"excerpt":{"rendered":"Lunes, 10 de noviembre 2025, 16:43 La Asociaci\u00f3n Premios Canarios de la M\u00fasica ha decidido otorgar al timplista&hellip;\n","protected":false},"author":2,"featured_media":230278,"comment_status":"","ping_status":"","sticky":false,"template":"","format":"standard","meta":{"footnotes":""},"categories":[170],"tags":[29067,60367,1053,146,147,25,24,23257,9228,184,185,843,416,23],"class_list":{"0":"post-230277","1":"post","2":"type-post","3":"status-publish","4":"format-standard","5":"has-post-thumbnail","7":"category-musica","8":"tag-canarios","9":"tag-colorao","10":"tag-domingo","11":"tag-entertainment","12":"tag-entretenimiento","13":"tag-es","14":"tag-espana","15":"tag-galardones","16":"tag-honor","17":"tag-music","18":"tag-musica","19":"tag-premio","20":"tag-rodriguez","21":"tag-spain"},"share_on_mastodon":{"url":"https:\/\/pubeurope.com\/@es\/115530817046328873","error":""},"_links":{"self":[{"href":"https:\/\/www.europesays.com\/es\/wp-json\/wp\/v2\/posts\/230277","targetHints":{"allow":["GET"]}}],"collection":[{"href":"https:\/\/www.europesays.com\/es\/wp-json\/wp\/v2\/posts"}],"about":[{"href":"https:\/\/www.europesays.com\/es\/wp-json\/wp\/v2\/types\/post"}],"author":[{"embeddable":true,"href":"https:\/\/www.europesays.com\/es\/wp-json\/wp\/v2\/users\/2"}],"replies":[{"embeddable":true,"href":"https:\/\/www.europesays.com\/es\/wp-json\/wp\/v2\/comments?post=230277"}],"version-history":[{"count":0,"href":"https:\/\/www.europesays.com\/es\/wp-json\/wp\/v2\/posts\/230277\/revisions"}],"wp:featuredmedia":[{"embeddable":true,"href":"https:\/\/www.europesays.com\/es\/wp-json\/wp\/v2\/media\/230278"}],"wp:attachment":[{"href":"https:\/\/www.europesays.com\/es\/wp-json\/wp\/v2\/media?parent=230277"}],"wp:term":[{"taxonomy":"category","embeddable":true,"href":"https:\/\/www.europesays.com\/es\/wp-json\/wp\/v2\/categories?post=230277"},{"taxonomy":"post_tag","embeddable":true,"href":"https:\/\/www.europesays.com\/es\/wp-json\/wp\/v2\/tags?post=230277"}],"curies":[{"name":"wp","href":"https:\/\/api.w.org\/{rel}","templated":true}]}}