{"id":230298,"date":"2025-11-11T11:39:18","date_gmt":"2025-11-11T11:39:18","guid":{"rendered":"https:\/\/www.europesays.com\/es\/230298\/"},"modified":"2025-11-11T11:39:18","modified_gmt":"2025-11-11T11:39:18","slug":"xxxii-gala-anual-de-la-asociacion-de-exciclistas-asturian","status":"publish","type":"post","link":"https:\/\/www.europesays.com\/es\/230298\/","title":{"rendered":"XXXII Gala Anual de la Asociaci\u00f3n de Exciclistas Asturian&#8230;"},"content":{"rendered":"<p>Emocionar, homenajear y recordar es necesario y valioso. Todo, o casi todo, lo encontramos navegando por internet y ahora ya en la IA pero vivirlo y sentirlo es diferente y no debe perderse. La <a data-external=\"1\" href=\"https:\/\/asociacionexciclistasasturianos.com\/\" rel=\"nofollow noopener\" target=\"_blank\" title=\"Asociaci\u00f3n de ex ciclistas de Asturias\">Asociaci\u00f3n de Exciclistas de Asturias<\/a> lo lleva haciendo 32 a\u00f1os. Reunir, alrededor de la mesa, a casi un centenar de apasionados de la bici para rememorar momentos \u00fanicos. Yo estuve all\u00ed y quiero contaros con detalle para haceros participes, porque vosotros\/as tambi\u00e9n sois ciclismo. El restaurante Pe\u00f1a Mea fue, de nuevo, el escenario elegido. Se entregaban placas de reconocimiento a trayectorias ciclistas, insignia de plata a nuevos profesionales, insignia de oro a ex ciclista profesional e insignia de oro a profesional internacional. La noche lluviosa no oscurec\u00eda el momento, al contrario, daba luz para recordar gestas de muchos de los all\u00ed presentes.\u00a0<\/p>\n<p>\u00abMe recuerda este clima al d\u00eda que levantaste los brazos en el Giro del 97, vaya etap\u00f3n que hiciste\u00bb, comentaban en uno de los corrillos al gran Chechu Rubiera.\u00a0 El murmullo se mezclaba con las carcajadas y es que el ciclismo es \u00e9pica, sufrimiento, caidas pero tambi\u00e9n y sobre todo, compa\u00f1erismo y alegr\u00eda.<\/p>\n<p>Me encuentro a dos \u00abcaza aut\u00f3grafos\u00bb que esperan al homenajeado. Uno de ellos me cuenta que viene desde Galicia y que en cuanto se haga la foto y recoja la firma se vuelve a casa. Son casi las 10 de la noche y hay m\u00e1s de tres horas de coche. No, no es una locura, es pasi\u00f3n por el ciclismo. El cocktail inicial va llegando a su fin y los asistentes acceden al gran sal\u00f3n, presidido por una gran mesa. Una vez sentados aparece el silencio, por primera vez en el encuentro, llegan los homenajeados.<\/p>\n<p><img decoding=\"async\" loading=\"lazy\" alt=\"Gianni Bugno y Luis Pasamontes\" data-id=\"14623190\" data-resize=\"null\" height=\"520\" src=\"https:\/\/www.europesays.com\/es\/wp-content\/uploads\/2025\/11\/gianni-bugno-y-luis-pasamontes.jpeg\" title=\"Gianni Bugno y Luis Pasamontes\" width=\"800\"\/>&#13;<br \/>\nGianni Bugno y Luis Pasamontes&#13;<\/p>\n<p>Gianni Bugno, Hugo de la Calle, Eloy Santamarta, Eduardo P\u00e9rez Landaluce, Javier Modesto, y Jose Antonio Cima entran acompa\u00f1ados de un largo y potente aplauso saludando a los asistentes, como si de un control de firmas se tratara. Y es que los ciclistas tenemos gestos que nos acompa\u00f1an de por vida, incluso cuando no estamos sobre la bici. Yo acostumbro a beber de lado, como si estuviera con el bid\u00f3n y no quisiera perder visibilidad en la carretera. Un detalle que me fascin\u00f3, es que el aplauso fue de similar intensidad para todos. No importa el palmar\u00e9s o los a\u00f1os en el profesionalismo, todos los homenajeados son valiosos e importantes para los presentes. As\u00ed debe ser, no lo entiendo de otra manera.<\/p>\n<p>Antonio Men\u00e9ndez, presidente de la Asociaci\u00f3n de Exciclistas Asturianos, puso a todos los comensales en pie. En esta ocasi\u00f3n quer\u00eda estar arropado, no como en aquella escapada que sigue siendo r\u00e9cord en el Giro\u00a0 tras 222 km en fuga. All\u00ed, en Gabicce Mare, lleg\u00f3 en solitario pero para esto quer\u00eda rodar con todo el pelot\u00f3n asturiano. El crono comenzaba a trabajar, un emotivo minuto de silencio por todos los ciclistas fallecidos, por los que no est\u00e1n. Oraciones en el interior de cada uno, momento de m\u00e1ximo respeto que culminaba con un fuerte aplauso.<\/p>\n<p><img decoding=\"async\" loading=\"lazy\" alt=\"To\u00f1o Cima y Antonio Sobrino\" data-id=\"14623243\" data-resize=\"null\" height=\"520\" src=\"https:\/\/www.europesays.com\/es\/wp-content\/uploads\/2025\/11\/tono-cima-y-antonio-sobrino.jpeg\" title=\"To\u00f1o Cima y Antonio Sobrino\" width=\"800\"\/>&#13;<br \/>\nJos\u00e9 Antonio Cima y Antonio Sobrino.&#13;<\/p>\n<p>La noche iba de eso, el ciclismo sin aplausos no es ciclismo. Es la banda sonora y la energ\u00eda que hace que el ciclista siempre de un poco m\u00e1s de lo que puede. Y todos los homenajeados lo hicieron en alg\u00fan momento de sus carreras y otros lo siguen haciendo. Jose Antonio Cima y Javier Modesto recib\u00edan placas de reconocimiento a sus trayectorias ciclistas de manos del sprinter Antonio Sobrino y del gregario de lujo Chechu Rubiera, respectivamente.<\/p>\n<p><img decoding=\"async\" loading=\"lazy\" alt=\"Chechu Rubiera con Javier Modesto\" data-id=\"14623233\" data-resize=\"null\" height=\"520\" src=\"https:\/\/www.europesays.com\/es\/wp-content\/uploads\/2025\/11\/chechu-rubiera-con-javier-modesto.jpeg\" title=\"Chechu Rubiera con Javier Modesto\" width=\"800\"\/>&#13;<br \/>\nJavier Modesto\u00a0recibi\u00f3 la placa de reconocimiento a su trayectoria ciclistas de manos de\u00a0Chechu Rubiera.&#13;<\/p>\n<p>El joven ciclista Hugo de la Calle, del Burgos Burpellet BH, recib\u00eda medalla de plata como nuevo ciclista profesional asturiano de manos del ex ciclista Santi P\u00e9rez. Hugo ha debutado en la m\u00e1xima categor\u00eda por la puerta grande con un cuarto\u00a0puesto en la Vuelta de casa, la de Asturias, y participando en su primera Vuelta a Espa\u00f1a con varias fugas. No termin\u00f3 como le hubiera gustado, sufri\u00f3 dura ca\u00edda en el Giro de Veneto, pero sin duda que es para sentirse muy orgulloso de todo lo conseguido con tan solo 21 a\u00f1os.<\/p>\n<p><img decoding=\"async\" loading=\"lazy\" alt=\"Santi P\u00e9rez y Hugo de la Calle\" data-id=\"14623223\" data-resize=\"null\" height=\"520\" src=\"https:\/\/www.europesays.com\/es\/wp-content\/uploads\/2025\/11\/santi-perez-y-hugo-de-la-calle.jpeg\" title=\"Santi P\u00e9rez y Hugo de la Calle\" width=\"800\"\/>&#13;<br \/>\nSanti P\u00e9rez con Hugo de la Calle&#13;<\/p>\n<p>Eduardo P\u00e9rez Landaluce recog\u00eda su insignia, otorgada en 2024, ya que el pasado a\u00f1o no pudo acudir por motivos deportivos. El ol\u00edmpico asturiano, Adolfo Alperi, hizo entrega de insignia de plata a un ciclista que no le importa cruzar fronteras para seguir disfrutando de la bici. El a\u00f1o pasado con un equipo marroqu\u00ed y este a\u00f1o en equipo turco, el ovetense sigue pedaleando con fuerza y buscando objetivos.<\/p>\n<p><img decoding=\"async\" loading=\"lazy\" alt=\"Adolfo Alperi con Eduardo Landaluce\" data-id=\"14623271\" data-resize=\"null\" height=\"520\" src=\"https:\/\/www.europesays.com\/es\/wp-content\/uploads\/2025\/11\/adolfo-alperi-con-eduardo-landaluce.jpeg\" title=\"Adolfo Alperi con Eduardo Landaluce\" width=\"800\"\/>&#13;<br \/>\nAdolfo Alperi y Eduardo Landaluce.&#13;<\/p>\n<p>Eloy Santamarta fue profesional en el m\u00edtico Porcelana Santa Clara y particip\u00f3 en dos vueltas ciclistas a Espa\u00f1a. Ahora sigue muy vinculado al ciclismo como asesor deportivo en La Vuelta y colaborando en diferentes eventos del sector. Eloy fue premiado con la insignia de oro como ex ciclista profesional asturiano y la recibi\u00f3 de manos de Jes\u00fas Suarez Cueva.<\/p>\n<p><img decoding=\"async\" loading=\"lazy\" alt=\"Jes\u00fas Suarez Cueva y Eloy Santamarta\" data-id=\"14623377\" data-resize=\"null\" height=\"520\" src=\"https:\/\/www.europesays.com\/es\/wp-content\/uploads\/2025\/11\/jesus-suarez-cueva-y-eloy-santamarta.jpeg\" title=\"Jes\u00fas Suarez Cueva y Eloy Santamarta\" width=\"800\"\/>&#13;<br \/>\nJes\u00fas Suarez Cueva y Eloy Santamarta.&#13;<\/p>\n<p>Para finalizar, el invitado internacional recib\u00eda la insignia de oro de mano del presidente Antonio Men\u00e9ndez. Gianni Bugno es historia de este deporte. Uno de los grandes esprinters asturianos y art\u00edfice de lo que acontec\u00eda en la noche, Manuel Jorge Dom\u00ednguez, me preguntaba durante la cena: \u00abPasa, \u00bfhas visto el palmar\u00e9s de Bugno? \u00bfya has pensado como resumirlo?\u00bb<\/p>\n<p>La verdad que era una tarea ardua pero para que no se enfriara el caf\u00e9 a los presentes lo dej\u00e9 en:\u00a0 Mil\u00e1n San Remo, Tour de Flandes, Cl\u00e1sica de San Sebasti\u00e1n, Giro de Italia, dos campeonatos nacionales y dos Campeonatos del Mundo ( uno de ellos en Benidorm), adem\u00e1s de ser 2\u00ba y 3\u00ba en el Tour de Francia 91-92. Recuerdo a Bugno como \u00abla clase\u00bb sobre la bici. Siempre con mucho desarrollo, con poca cadencia y con la bici muy firme. Parec\u00eda que no avanzaba, pero si te fijabas en la cuneta ve\u00edas que se mov\u00eda a una velocidad pasmosa. Siempre bien peinado, engominado con sus gafas o con el casco que se compr\u00f3 mi amigo Sergio en los 90 cuando emul\u00e1bamos al Campe\u00f3n en nuestras primeras salidas en bici por Cangas del Narcea.<\/p>\n<p><img decoding=\"async\" loading=\"lazy\" alt=\"Gianni Bugno se\u00f1ala la insignia que le impuso Antonio Men\u00e9ndez\" data-id=\"14623303\" data-resize=\"null\" height=\"520\" src=\"https:\/\/www.europesays.com\/es\/wp-content\/uploads\/2025\/11\/gianni-bugno-senala-la-insignia-que-le-impuso-antonio-menendez.jpeg\" title=\"Gianni Bugno se\u00f1ala la insignia que le impuso Antonio Men\u00e9ndez\" width=\"800\"\/>&#13;<br \/>\nGianni Bugno se\u00f1ala la insignia que le impuso Antonio Men\u00e9ndez.&#13;<\/p>\n<p>Tuvo que convivir con la superioridad de Indur\u00e1in y ambos se muestran m\u00e1ximo respeto como rivales en la \u00e9poca. \u00abMiguel fue el mejor, sus 5 Tours lo dicen todo. Fue un gran campe\u00f3n\u00bb. Gianni tambi\u00e9n recuerda su paso por Asturias como ciclista, fue en la Vuelta de 1995. Hay una imagen que me encanta de ese d\u00eda, hecha por Roberto Men\u00e9ndez, en la salida de mi pueblo. \u00abNo hay ning\u00fan ciclista que me recuerde a m\u00ed, todos tenemos un estilo \u00fanico y diferente. Lo que tengo claro es que el que m\u00e1s me impresiona es Pogacar\u00bb.<\/p>\n<p><img decoding=\"async\" loading=\"lazy\" alt=\"Foto de Gianni Bugno en su \u00e9poca de ciclista profesional\" data-id=\"14623213\" data-resize=\"null\" height=\"520\" src=\"https:\/\/www.europesays.com\/es\/wp-content\/uploads\/2025\/11\/foto-de-gianni-bugno-en-su-epoca-de-ciclista-profesional.jpeg\" title=\"Foto de Gianni Bugno en su \u00e9poca de ciclista profesional\" width=\"800\"\/>&#13;<br \/>\nFoto de Gianni Bugno en su \u00e9poca de ciclista profesional&#13;<\/p>\n<p>Gianni acept\u00f3 mi propuesta, venir a pedalear a Asturias con la condici\u00f3n de terminar en la mesa con una buena jornada gastron\u00f3mica. Pasado, presente y futuro unidos por la Asociaci\u00f3n de ex ciclistas asturianos con un fin, mantener viva la historia e ilusi\u00f3n del ciclismo asturiano.<\/p>\n<p>\u00a0<\/p>\n","protected":false},"excerpt":{"rendered":"Emocionar, homenajear y recordar es necesario y valioso. Todo, o casi todo, lo encontramos navegando por internet y&hellip;\n","protected":false},"author":2,"featured_media":230299,"comment_status":"","ping_status":"","sticky":false,"template":"","format":"standard","meta":{"footnotes":""},"categories":[273],"tags":[313,312,168,25,24,23,167],"class_list":{"0":"post-230298","1":"post","2":"type-post","3":"status-publish","4":"format-standard","5":"has-post-thumbnail","7":"category-ciclismo","8":"tag-ciclismo","9":"tag-cycling","10":"tag-deportes","11":"tag-es","12":"tag-espana","13":"tag-spain","14":"tag-sports"},"share_on_mastodon":{"url":"https:\/\/pubeurope.com\/@es\/115530876229376945","error":""},"_links":{"self":[{"href":"https:\/\/www.europesays.com\/es\/wp-json\/wp\/v2\/posts\/230298","targetHints":{"allow":["GET"]}}],"collection":[{"href":"https:\/\/www.europesays.com\/es\/wp-json\/wp\/v2\/posts"}],"about":[{"href":"https:\/\/www.europesays.com\/es\/wp-json\/wp\/v2\/types\/post"}],"author":[{"embeddable":true,"href":"https:\/\/www.europesays.com\/es\/wp-json\/wp\/v2\/users\/2"}],"replies":[{"embeddable":true,"href":"https:\/\/www.europesays.com\/es\/wp-json\/wp\/v2\/comments?post=230298"}],"version-history":[{"count":0,"href":"https:\/\/www.europesays.com\/es\/wp-json\/wp\/v2\/posts\/230298\/revisions"}],"wp:featuredmedia":[{"embeddable":true,"href":"https:\/\/www.europesays.com\/es\/wp-json\/wp\/v2\/media\/230299"}],"wp:attachment":[{"href":"https:\/\/www.europesays.com\/es\/wp-json\/wp\/v2\/media?parent=230298"}],"wp:term":[{"taxonomy":"category","embeddable":true,"href":"https:\/\/www.europesays.com\/es\/wp-json\/wp\/v2\/categories?post=230298"},{"taxonomy":"post_tag","embeddable":true,"href":"https:\/\/www.europesays.com\/es\/wp-json\/wp\/v2\/tags?post=230298"}],"curies":[{"name":"wp","href":"https:\/\/api.w.org\/{rel}","templated":true}]}}