{"id":230306,"date":"2025-11-11T11:44:09","date_gmt":"2025-11-11T11:44:09","guid":{"rendered":"https:\/\/www.europesays.com\/es\/230306\/"},"modified":"2025-11-11T11:44:09","modified_gmt":"2025-11-11T11:44:09","slug":"samar-abu-elouf-premio-world-press-photo-25-llevo-40-anos-viviendo-en-gaza-y-puedo-afirmar-que-nunca-habra-paz-eldiario-es","status":"publish","type":"post","link":"https:\/\/www.europesays.com\/es\/230306\/","title":{"rendered":"Samar Abu Elouf, premio World Press Photo 25: &quot;Llevo 40 a\u00f1os viviendo en Gaza y puedo afirmar que nunca habr\u00e1 paz&quot; &#8211; elDiario.es"},"content":{"rendered":"<ol>\n<li><a href=\"https:\/\/news.google.com\/rss\/articles\/CBMi1gFBVV95cUxPcU0wYUxnTGVyUl9WeHY5V05kTVZqYXFzWkt6bGVDaXF3cGtadmt3QkFRNWVTVnJHWVRaRXhnYUZnbVZ4ejQwN08yM0otRzBSaHZLeXhHTjd3UXZrY3VMdk5aa01RamFuU2NDRm9vcmM5Y25QRnJRZk16UC0wemRlMVB5eWJyeFFOLTVuajQ5T2Z6MS1USkg5VHNCZkhsZkluZDYybElrc0wtTUp4NTBjSTZJeEhLOVlTMFhvNjIzYzF3bnV1THNjU2s4MWpkcmlYbzRKSjlR?oc=5\" target=\"_blank\" rel=\"nofollow noopener\">Samar Abu Elouf, premio World Press Photo 25: \u00abLlevo 40 a\u00f1os viviendo en Gaza y puedo afirmar que nunca habr\u00e1 paz\u00bb<\/a>&nbsp;&nbsp;elDiario.es<\/li>\n<li><a href=\"https:\/\/news.google.com\/rss\/articles\/CBMiqAFBVV95cUxNNFlwRnY2akNPSVJUX25sS04xYWxHZnZiNU9Td2RfaWZ4U3cwSkxUSndPNUJnbm5KNHZtbUplTTcxYi1HUmlVRXY5VERLWE5FS2pLeVBLYWxBNncxbk5jSHBHelZvQnJmMVF4TXp6TDBqQ01JdXJQVjdLNEhYMHFHUTQ3bUdZTHN5LWZRYnFhOHhOZFRUV0xRNnVmeWRGdHNFelVUaFFvN0nSAagBQVVfeXFMTllWb0szQWpEbzg1eF80bWFuYmNaRTBtVllha1FZdlNLRnlfdUEzTGE1T2Z2ZjlHMGdBRzFFNXlnYUtQNl9saU5vRUluZUlNX0pzTHVxSFlFd2dlM3FodWF4TXZ2cFlEamxjOHBCTWQ1VU5VZnp6T2pvVlN4a3lyRFZLbnpqV2NBMnJtY3RYS1VZTFRxQ184ZWJOMjE4cjhtQWpUU0RpazV2?oc=5\" target=\"_blank\" rel=\"nofollow noopener\">Las mejores fotos del &#8216;World Press Photo&#8217; se pueden ver en Barcelona<\/a>&nbsp;&nbsp;RTVE.es<\/li>\n<li><a href=\"https:\/\/news.google.com\/rss\/articles\/CBMi7gFBVV95cUxQMjhIaUlacS1feUdaVXBRUXRHNkJGZVh3eUJMcnltdGlRcTAxWmVxYThrNGkwdXVRLVBJR2pKWVp4ei0tS1FkM2hLWkdMNUpsTDFQYmxGNkxQYVhzRjl5Vmg1ZGJKRWlvb2t2QkhrS19fSVVPRERrMC04VEo2ZU81a0ZzVENSZU9LX1M5UmxTSV9qY3R6OU9nOExwYk5FUDVsWlZpcVpWcFhkZVpHSTRJSTdFNzZUZ1poNmRrdFI5S1R1aWlENEhHTVl2dzNTM1FmLUt4SVFyZDJkSDBpa2w1b0I5SVJsSzEyTDUzYVRR?oc=5\" target=\"_blank\" rel=\"nofollow noopener\">La exposici\u00f3n World Press Photo 2025 incluye 144 fotograf\u00edas y se podr\u00e1 visitar en el CCCB durante un mes<\/a>&nbsp;&nbsp;Time Out<\/li>\n<li><a href=\"https:\/\/news.google.com\/rss\/articles\/CBMi_gFBVV95cUxQYXZZWGJKR0w2QkdBYUtSTldyTndmSTJoWDRPZnQ5V0RLQ3VETmItRlNGa2Q2a3NSTnl4RUxPOHpFN2hfSzFraFhBa2ppWi1ZQ0RlWENVOWV1RDBmVkRIZWpmaEFOTlhyRDFCUzljaVRzXzJxV1NsZFFtVDhUNTc0NS1LTzhTZGxzWGdaY2NJRkFkMWpIVUtJRkg0YzVLbDl4Q1VSWWw1bUlJYlF6VzRsVV9Sb3JvRWVGWjhORFRHUEJZZDZFOFgyNkRwd0ttLUpDRFJJMVNSSlR4ZDI4enY3UGg0b2RBTzhJNmR0X0FIX2liaDhIZzdYR05qTzMwQdIBgwJBVV95cUxQbFhPd29GSWc4d3k5cXFCVFp0M1J3RnNlNldNSWhpYzFfR28yOGtDRnJXU0pIeExMaW1mdElIVWZjR2lJTzFZQmdUaGNsTnRUZ3EzU2pBZzFIWVpSRnQwWkNIbHRHanV3WVgxdWlCcXhObW8yZVNTamVHMjljVjVNTlFzdWdWZi1Sdm8wVkh0b3Z1eWYwUXFMXzdxV1pIOHJFWHdQLURHdGVkOFVwdEEzaHFwMUtOalhxcURvVjZXTXA5R0txeERSdzJZYU5ab0RqY2FrZzhkZzZsQTFiMHJYZ0VORFpTaVRyMW9JbERhS2xuX1RkX2NLdlRmYWhDRW1BWjZF?oc=5\" target=\"_blank\" rel=\"nofollow noopener\">World Press Photo aterriza de nuevo en la capital : \u00abBarcelona no es solo una parada, es un punto de encuentro\u00bb<\/a>&nbsp;&nbsp;Metr\u00f3poli Abierta<\/li>\n<li><a href=\"https:\/\/news.google.com\/rss\/articles\/CBMi1AFBVV95cUxOSkZvNUVESlhpQkpPcnRqMUswaWhNMEp0YXVNOUhyZWpqSEtDM0FRdjBPR0JrY1JHd1QwZ2hOVVktRU1aWnVaM1F3cFVTZUtDX2lUeExHNVJWYjdHRy1fTVFBNUhyVzY0TzRPN1p5Zi1uTmZmRWFVZ2dwTDdkTEJlU0pQQWhjczNhS3hmR0hOcERqbEJOMGNXaXB4YVBxZ1pfRWhHLXhVVFMtbm9HWVRwZlJYQWNKb1hRd0lZdFdrMzU4ek1XazJwQklXdHV4bnc5SnlpaQ?oc=5\" target=\"_blank\" rel=\"nofollow noopener\">La historia global en un instante : El World Press Photo 2025 llega a Barcelona<\/a>&nbsp;&nbsp;CatalunyaPress<\/li>\n<\/ol>\n","protected":false},"excerpt":{"rendered":"Samar Abu Elouf, premio World Press Photo 25: \u00abLlevo 40 a\u00f1os viviendo en Gaza y puedo afirmar que&hellip;\n","protected":false},"author":2,"featured_media":228712,"comment_status":"","ping_status":"","sticky":false,"template":"","format":"standard","meta":{"footnotes":""},"categories":[173],"tags":[229,233,231,230,232,234,146,147,25,24,23],"class_list":{"0":"post-230306","1":"post","2":"type-post","3":"status-publish","4":"format-standard","5":"has-post-thumbnail","7":"category-arte-y-diseno","8":"tag-arte","9":"tag-arte-y-diseno","10":"tag-arts","11":"tag-arts-and-design","12":"tag-design","13":"tag-diseno","14":"tag-entertainment","15":"tag-entretenimiento","16":"tag-es","17":"tag-espana","18":"tag-spain"},"share_on_mastodon":{"url":"https:\/\/pubeurope.com\/@es\/115530895423925576","error":""},"_links":{"self":[{"href":"https:\/\/www.europesays.com\/es\/wp-json\/wp\/v2\/posts\/230306","targetHints":{"allow":["GET"]}}],"collection":[{"href":"https:\/\/www.europesays.com\/es\/wp-json\/wp\/v2\/posts"}],"about":[{"href":"https:\/\/www.europesays.com\/es\/wp-json\/wp\/v2\/types\/post"}],"author":[{"embeddable":true,"href":"https:\/\/www.europesays.com\/es\/wp-json\/wp\/v2\/users\/2"}],"replies":[{"embeddable":true,"href":"https:\/\/www.europesays.com\/es\/wp-json\/wp\/v2\/comments?post=230306"}],"version-history":[{"count":0,"href":"https:\/\/www.europesays.com\/es\/wp-json\/wp\/v2\/posts\/230306\/revisions"}],"wp:featuredmedia":[{"embeddable":true,"href":"https:\/\/www.europesays.com\/es\/wp-json\/wp\/v2\/media\/228712"}],"wp:attachment":[{"href":"https:\/\/www.europesays.com\/es\/wp-json\/wp\/v2\/media?parent=230306"}],"wp:term":[{"taxonomy":"category","embeddable":true,"href":"https:\/\/www.europesays.com\/es\/wp-json\/wp\/v2\/categories?post=230306"},{"taxonomy":"post_tag","embeddable":true,"href":"https:\/\/www.europesays.com\/es\/wp-json\/wp\/v2\/tags?post=230306"}],"curies":[{"name":"wp","href":"https:\/\/api.w.org\/{rel}","templated":true}]}}