{"id":230315,"date":"2025-11-11T11:50:08","date_gmt":"2025-11-11T11:50:08","guid":{"rendered":"https:\/\/www.europesays.com\/es\/230315\/"},"modified":"2025-11-11T11:50:08","modified_gmt":"2025-11-11T11:50:08","slug":"el-sarampion-vuelve-a-canada-y-se-extiende-por-eeuu-ante-la-caida-de-la-vacunacion-infantil-expansion","status":"publish","type":"post","link":"https:\/\/www.europesays.com\/es\/230315\/","title":{"rendered":"El sarampi\u00f3n vuelve a Canad\u00e1 y se extiende por EEUU ante la ca\u00edda de la vacunaci\u00f3n infantil &#8211; Expansi\u00f3n"},"content":{"rendered":"<ol>\n<li><a href=\"https:\/\/news.google.com\/rss\/articles\/CBMimwFBVV95cUxNTmt4M3VmdnB6REFBYTN5UEhFd0Nya3c0aUxJMUg1OXJhTkNMRGJBY2dfelFHeTRncjFPaHFNWlZHQU5NZ3ZMNVdRVDVjYnNBbU5sajY5SjRqc0ZtbVdpS2tKWmc2a3c3UkdNbzdaMGZZWkxUYm9RdGdTellxOU9yaHQyUlRMc0JiYlh3ZGwzNVhiaWdqN1l2TnE2RdIBmwFBVV95cUxQMEcyZlhqUHZ2TkdnUHRtdzk0ZVl3TjlobXhJN0hZb204aWtvUkh1MmF3Ym16b0JVaVhuYWZQTEMxY1NiSzBFSFFlUDdveGRYUlV0N3QtNUZkeklUY0EweHlWVXNqNWpSTERVZEpXLUgtN25kdWtzOGxkcEVVNi1VT0pMemNPRFU3TmZwOUVqMkptOFhUdlJMYTEtRQ?oc=5\" target=\"_blank\" rel=\"nofollow noopener\">El sarampi\u00f3n vuelve a Canad\u00e1 y se extiende por EEUU ante la ca\u00edda de la vacunaci\u00f3n infantil<\/a>&nbsp;&nbsp;Expansi\u00f3n<\/li>\n<li><a href=\"https:\/\/news.google.com\/rss\/articles\/CBMinAFBVV95cUxOT3NaWXNOdzVPM29DSVlxT2lUTEJEUmZEY2gzejJ4eDMyLU5IWGRGZWtqYnlLbUF0UWd2WFdiRUs5NHZDcXNiaFg5YWZlbEZHVmRMVmRFei1zd3dfTEJoLUVDU0tDUWxmVU9Ca3dQY3BGdFI5SzdPU1pCRlpPREFBRjE2S0phOW94QmlUMzVuUmlqQ0ZHZ2kzMlBJWUI?oc=5\" target=\"_blank\" rel=\"nofollow noopener\">Am\u00e9rica pierde el estatus de regi\u00f3n libre de sarampi\u00f3n<\/a>&nbsp;&nbsp;EL PA\u00cdS<\/li>\n<li><a href=\"https:\/\/news.google.com\/rss\/articles\/CBMisgFBVV95cUxPYnZVVDRKdnVLR3NZZmxvZUFjaElhZUhVeTVxSHloU0RhTHZCNDg2VTlKaW0yVmNRM2lrLXNzcm9VX3RqbWlUc09rcXI2LUtyS28yR3E5bThSZnMzMWlCNWxxa0JDbF9lVWY2c3NISHcyZjdQQWRNeDRBWm1wWG1ueG91NDVzcHpCeHlsRU92Q2xtWXhHNDBJUUd2R1V2ZS00azZweXBBbkJYZkpRNWxHOVF3?oc=5\" target=\"_blank\" rel=\"nofollow noopener\">Canad\u00e1 deja de ser un pa\u00eds libre de sarampi\u00f3n tras casi 30 a\u00f1os<\/a>&nbsp;&nbsp;Euronews.com<\/li>\n<li><a href=\"https:\/\/news.google.com\/rss\/articles\/CBMi2wFBVV95cUxNNE5wZzBBVlJmRU0xcE5GWTRNNVk3aWVFTlpmdHFkWjFmZFpaZW9wTVQ5bnR1UzZNamR5ZzluVDFrWll3bC1UYWhLaUhHc1kyRzhQRmxvRmU4MThLdVUxeS1QTFRSSGgxaU9acHVBS3djRk5KY0s1ZnhaWVRKc0g5VFVnSXFZZVVyb3JXWi1Hck9XSW5DSUpuV1M3MEkxVXhINGxpdktFMDAyQmswQnRibnU5TXpwTWxmcUhTcjRCV1V3aFpCQ29qclBjZ1ZSUkR4NWI2VHcyMG9NS2PSAeABQVVfeXFMUElLZlp0TFNrZDJVR1I2dVlYODd6WkY5WEozUFJ4V1E4WVdkeWZ2VlpuSVQwRHlWaEJnT2VrRGg5Q0pOOHJGemRGUFdTcmdTZzZVY0hpbWJHbWg1UVV2VlhWVlh1X29TZFBpMmhvM1otWWRhOEgydnFNaDVYS0V1VEhId2JOM192TVhxMjloYnFLZlluakQwUW91OUhJS0xKRC1DeVh2bkliczljRTJwWWxuTG9fSmpIeWhFX3V6LUZ3YlpMUW8zTkJvd2VvcHBRRXd2dGszZF8tMm5UaDBTNmw?oc=5\" target=\"_blank\" rel=\"nofollow noopener\">Canad\u00e1 pierde su estatus de pa\u00eds libre de sarampi\u00f3n tras registrar un brote con m\u00e1s de 5.000 casos<\/a>&nbsp;&nbsp;20Minutos<\/li>\n<li><a href=\"https:\/\/news.google.com\/rss\/articles\/CBMizgFBVV95cUxOS3NFQ05NdU1YQjRiaTJHWTFjY0EzZ3pqNFlKaHRjRVRVOHpraDhvbDVPNWFDdjhVVWNwblM5NlNoN0xhaGpBWk9PdnNNZ29jWm42VWkxbGtHTThiZkVGSWtzMGhkNndSYjhZNFphbGJrRm50V29FN1Q5ejN1a3pRamVsZDBFc0VmZmh5c3VSa2x0dmNkazlPWklZbFVuNWtEVzJLZlBXLWdva2x5N2c2aDVqNnVQeWdPaG52RzlQNVlhaHh3ZDB0eTNudDRnUQ?oc=5\" target=\"_blank\" rel=\"nofollow noopener\">OPS: Las Am\u00e9ricas pierde su certificaci\u00f3n de regi\u00f3n libre de sarampi\u00f3n por transmisi\u00f3n sostenida en Canad\u00e1<\/a>&nbsp;&nbsp;La Web de la Salud<\/li>\n<\/ol>\n","protected":false},"excerpt":{"rendered":"El sarampi\u00f3n vuelve a Canad\u00e1 y se extiende por EEUU ante la ca\u00edda de la vacunaci\u00f3n infantil&nbsp;&nbsp;Expansi\u00f3n Am\u00e9rica&hellip;\n","protected":false},"author":2,"featured_media":230316,"comment_status":"","ping_status":"","sticky":false,"template":"","format":"standard","meta":{"footnotes":""},"categories":[92],"tags":[24592,25,24,165,166,24593,23],"class_list":{"0":"post-230315","1":"post","2":"type-post","3":"status-publish","4":"format-standard","5":"has-post-thumbnail","7":"category-salud","8":"tag-directivos-estilo-vida-salud","9":"tag-es","10":"tag-espana","11":"tag-health","12":"tag-salud","13":"tag-salud-y-ciencia","14":"tag-spain"},"share_on_mastodon":{"url":"https:\/\/pubeurope.com\/@es\/115530919237591061","error":""},"_links":{"self":[{"href":"https:\/\/www.europesays.com\/es\/wp-json\/wp\/v2\/posts\/230315","targetHints":{"allow":["GET"]}}],"collection":[{"href":"https:\/\/www.europesays.com\/es\/wp-json\/wp\/v2\/posts"}],"about":[{"href":"https:\/\/www.europesays.com\/es\/wp-json\/wp\/v2\/types\/post"}],"author":[{"embeddable":true,"href":"https:\/\/www.europesays.com\/es\/wp-json\/wp\/v2\/users\/2"}],"replies":[{"embeddable":true,"href":"https:\/\/www.europesays.com\/es\/wp-json\/wp\/v2\/comments?post=230315"}],"version-history":[{"count":0,"href":"https:\/\/www.europesays.com\/es\/wp-json\/wp\/v2\/posts\/230315\/revisions"}],"wp:featuredmedia":[{"embeddable":true,"href":"https:\/\/www.europesays.com\/es\/wp-json\/wp\/v2\/media\/230316"}],"wp:attachment":[{"href":"https:\/\/www.europesays.com\/es\/wp-json\/wp\/v2\/media?parent=230315"}],"wp:term":[{"taxonomy":"category","embeddable":true,"href":"https:\/\/www.europesays.com\/es\/wp-json\/wp\/v2\/categories?post=230315"},{"taxonomy":"post_tag","embeddable":true,"href":"https:\/\/www.europesays.com\/es\/wp-json\/wp\/v2\/tags?post=230315"}],"curies":[{"name":"wp","href":"https:\/\/api.w.org\/{rel}","templated":true}]}}