{"id":230334,"date":"2025-11-11T12:07:09","date_gmt":"2025-11-11T12:07:09","guid":{"rendered":"https:\/\/www.europesays.com\/es\/230334\/"},"modified":"2025-11-11T12:07:09","modified_gmt":"2025-11-11T12:07:09","slug":"jacob-elordi-relato-el-impacto-de-encarnar-a-frankenstein-este-papel-era-parte-de-los-deseos-imposibles","status":"publish","type":"post","link":"https:\/\/www.europesays.com\/es\/230334\/","title":{"rendered":"Jacob Elordi relat\u00f3 el impacto de encarnar a Frankenstein: \u201cEste papel era parte de los deseos imposibles\u201d"},"content":{"rendered":"<p>La nueva \u201cFrankenstein\u201d de Guillermo del Toro profundiza en la relaci\u00f3n tormentosa entre V\u00edctor Frankenstein y la criatura que anima, abordando el miedo, el abandono y el anhelo de redenci\u00f3n (YouTube\/Netflix)<\/p>\n<p class=\"paragraph\"><a href=\"https:\/\/www.infobae.com\/entretenimiento\/2025\/10\/08\/la-monstruosa-transformacion-de-jacob-elordi-en-frankenstein-10-horas-de-maquilaje-42-prosteticos-y-una-gran-dosis-de-paciencia\/\" target=\"_blank\" rel=\"noreferrer nofollow noopener\" title=\"https:\/\/www.infobae.com\/entretenimiento\/2025\/10\/08\/la-monstruosa-transformacion-de-jacob-elordi-en-frankenstein-10-horas-de-maquilaje-42-prosteticos-y-una-gran-dosis-de-paciencia\/\"><b>Jacob Elordi<\/b><\/a>, protagonista de la nueva versi\u00f3n de <a href=\"https:\/\/www.infobae.com\/tag\/frankenstein\/\" target=\"_blank\" rel=\"noreferrer nofollow noopener\" title=\"https:\/\/www.infobae.com\/tag\/frankenstein\/\"><b>Frankenstein<\/b><\/a><b> <\/b>dirigida por <b>Guillermo del Toro<\/b>, revel\u00f3 detalles de su experiencia durante el rodaje en una entrevista con el podcast Happy Sad Confused. <\/p>\n<p class=\"paragraph\">En una conversaci\u00f3n con el presentador <b>Josh Horowitz<\/b>, el actor australiano relat\u00f3 su salto a la fama, su relaci\u00f3n con directores de renombre y su visi\u00f3n sobre el arte de actuar, con an\u00e9cdotas personales que mostraron su sentido del humor y su compromiso con el oficio.<\/p>\n<p class=\"paragraph\">Elordi calific\u00f3 su participaci\u00f3n en Frankenstein como una oportunidad que parec\u00eda inalcanzable: <b>\u201cEste papel no estaba en ninguna lista tangible de sue\u00f1os, era parte de los deseos imposibles\u201d<\/b>, confes\u00f3. <\/p>\n<p><img alt=\"Elordi explic\u00f3 que incorporarse al\" class=\"global-image\" decoding=\"async\" fetchpriority=\"low\" height=\"1080\" loading=\"lazy\" src=\"https:\/\/www.europesays.com\/es\/wp-content\/uploads\/2025\/11\/D7GRVQOASVDXNFZSJNKEWTTDKM.jpg\" width=\"1920\"\/>Elordi explic\u00f3 que incorporarse al proyecto de Guillermo del Toro represent\u00f3 un avance decisivo dentro de su trayectoria cinematogr\u00e1fica (Netflix)<\/p>\n<p class=\"paragraph\">Encarnar a la criatura bajo la direcci\u00f3n de Del Toro represent\u00f3 un punto de inflexi\u00f3n en su carrera. <b>\u201cSent\u00ed que estaba viviendo mi propio \u2018Dark Knight\u2019\u201d<\/b>, explic\u00f3, en alusi\u00f3n a la pel\u00edcula de Batman que marc\u00f3 su adolescencia y que considera un hito generacional. <\/p>\n<p class=\"paragraph\"><b>La propuesta para sumarse al proyecto lleg\u00f3 de manera<\/b> <b>inesperada y espont\u00e1nea<\/b>: \u201cSi hubiera estado esperando un a\u00f1o y medio, creo que lo habr\u00eda sobrepensado. Todo ocurri\u00f3 como deb\u00eda\u201d, sostuvo.<\/p>\n<p class=\"paragraph\">La admiraci\u00f3n de Elordi por Guillermo del Toro fue central en la charla con Happy Sad Confused. El actor resalt\u00f3 la habilidad del director mexicano para crear un espacio en el que los artistas arriesgan y se sienten respaldados. <\/p>\n<p class=\"paragraph\"><b>\u201cGuillermo crea un espacio donde los artistas pueden exponerse y sentirse bien contribuyendo\u201d<\/b>, afirm\u00f3 Elordi. Seg\u00fan su testimonio, cada integrante del equipo termina siendo una extensi\u00f3n del <b>universo creativo del cineasta<\/b>, lo que transform\u00f3 profundamente su manera de trabajar.<\/p>\n<p><img alt=\"El protagonista destac\u00f3 el clima\" class=\"global-image\" decoding=\"async\" fetchpriority=\"low\" height=\"3840\" loading=\"lazy\" src=\"https:\/\/www.europesays.com\/es\/wp-content\/uploads\/2025\/11\/PQWUT4RNUZGE7FWTPQLBTAJXUA.jpg\" width=\"5760\"\/>El protagonista destac\u00f3 el clima de trabajo que genera Del Toro, al que describi\u00f3 como un entorno que impulsa la creatividad y la confianza del elenco (AP)<\/p>\n<p class=\"paragraph\">Al repasar su trayectoria, record\u00f3 la influencia de figuras como <b>Heath Ledger y Philip Seymour Hoffman<\/b>, destacando su capacidad para transmitir emociones sin palabras: \u201c<b>Heath Ledger y Philip Seymour Hoffman ten\u00edan esa mirada que dec\u00eda m\u00e1s que las palabras<\/b>. Eso es algo inalcanzable, pero que nos ha movido a todos\u201d. <\/p>\n<p class=\"paragraph\">El actor confes\u00f3 que desde ni\u00f1o se sinti\u00f3 atra\u00eddo por los mundos fant\u00e1sticos, y confes\u00f3 entre risas que su sue\u00f1o adolescente era una vida sencilla en Nueva York, acompa\u00f1ado de un pastor alem\u00e1n y dibujos animados, una fantas\u00eda que asegura haber cumplido de forma m\u00e1s responsable.<\/p>\n<p class=\"paragraph\">Durante la entrevista, comparti\u00f3 an\u00e9cdotas sobre las indicaciones recibidas de diferentes directores. Ante la pregunta sobre la observaci\u00f3n m\u00e1s dura en un set, record\u00f3 con humor: \u201c\u00bfQu\u00e9 haces con la boca? Deja de hacer eso, se ve est\u00fapido\u201d. Reconoci\u00f3 que, aunque en su momento le sorprendi\u00f3, el comentario fue acertado. <\/p>\n<p class=\"paragraph\">Adem\u00e1s, describi\u00f3 a <b>Ridley Scott<\/b> como un \u201cmaestro artesano\u201d cuya energ\u00eda resulta inspiradora: \u201c<b>Ver a alguien como Ridley Scott, que vive para el cine, es algo profundo<\/b>. Es ver c\u00f3mo el cine sostiene una vida\u201d.<\/p>\n<p><img alt=\"Elordi se detuvo en su\" class=\"global-image\" decoding=\"async\" fetchpriority=\"low\" height=\"1080\" loading=\"lazy\" src=\"https:\/\/www.europesays.com\/es\/wp-content\/uploads\/2025\/11\/ZDDXIDZDYBEYBL4FLPC6HJ2ELA.png\" width=\"1920\"\/>Elordi se detuvo en su experiencia con Ridley Scott, a quien considera un director cuya dedicaci\u00f3n deja una impresi\u00f3n duradera en el set (Captura de video: YouTube)<\/p>\n<p class=\"paragraph\">El sentido del humor y la faceta m\u00e1s personal de Elordi se evidenciaron al hablar de su amor por los perros y su mascota Leila, una staffie pitbull a la que suele vestir con disfraces, sobre todo en Halloween. \u201cNo puedo decir que lo odio, porque es demasiado tierno\u201d, coment\u00f3 entre risas. <\/p>\n<p class=\"paragraph\">Tambi\u00e9n revel\u00f3 su <b>afici\u00f3n y pasi\u00f3n por coleccionar los videojuegos<\/b>, mencionando Kingdom Hearts como su favorito. En una din\u00e1mica de preguntas r\u00e1pidas, eligi\u00f3 a <b>Josh Brolin <\/b>como su actor preferido para ver en pantalla.<\/p>\n<p class=\"paragraph\">Respecto a la repercusi\u00f3n de sus trabajos, reflexion\u00f3 sobre el impacto de <b>Euphoria<\/b> <b>y The Kissing Booth<\/b>, dos producciones que generaron comunidades de fans de distintas edades. <\/p>\n<p class=\"paragraph\">Asegur\u00f3 que la reacci\u00f3n del p\u00fablico ante su personaje Nate en Euphoria le result\u00f3 gratificante: <b>\u201cQue la gente te diga que le das miedo en la calle es un gran cumplido, significa que lograste provocar algo\u201d<\/b>.<\/p>\n<p><img alt=\"Elordi habl\u00f3 sobre su exposici\u00f3n\" class=\"global-image\" decoding=\"async\" fetchpriority=\"low\" height=\"1469\" loading=\"lazy\" src=\"https:\/\/www.europesays.com\/es\/wp-content\/uploads\/2025\/11\/G5FFFDDVGJGBHFBW7CG4YHURVE.JPG\" width=\"2612\"\/>Elordi habl\u00f3 sobre su exposici\u00f3n p\u00fablica tras \u201cEuphoria\u201d y otras producciones, y c\u00f3mo esas reacciones moldearon su v\u00ednculo con la audiencia (REUTERS)<\/p>\n<p class=\"paragraph\">El actor de 28 a\u00f1os enfatiz\u00f3 que su carrera estuvo guiada por el inter\u00e9s en trabajar con directores que aportan sentido al cine: \u201cNo tengo reglas de Hollywood, <b>no pienso en mi carrera como un negocio, sino como un arte<\/b>\u201d, afirm\u00f3. <\/p>\n<p class=\"paragraph\">Seg\u00fan el actor, cada pel\u00edcula representa la oportunidad de dejar una marca personal y art\u00edstica. Mencion\u00f3 su admiraci\u00f3n por cineastas como <b>Ridley Scott, Sofia Coppola, Paul Schrader, Emerald Fennell<\/b> y sus deseos de haber colaborado con <b>Wim Wenders o David Lynch<\/b>.<\/p>\n<p class=\"paragraph\">Sobre el futuro, se mostr\u00f3 entusiasmado por proyectos como la adaptaci\u00f3n de Cumbres Borrascosas dirigida por Fennell, que describi\u00f3 como una historia <b>\u201cdolorosa y visualmente impactante\u201d<\/b>. <\/p>\n","protected":false},"excerpt":{"rendered":"La nueva \u201cFrankenstein\u201d de Guillermo del Toro profundiza en la relaci\u00f3n tormentosa entre V\u00edctor Frankenstein y la criatura&hellip;\n","protected":false},"author":2,"featured_media":230335,"comment_status":"","ping_status":"","sticky":false,"template":"","format":"standard","meta":{"footnotes":""},"categories":[174],"tags":[3118,255,146,147,25,24,256,3119,23,9802],"class_list":{"0":"post-230334","1":"post","2":"type-post","3":"status-publish","4":"format-standard","5":"has-post-thumbnail","7":"category-famosos","8":"tag-arts-culture-entertainment","9":"tag-celebrities","10":"tag-entertainment","11":"tag-entretenimiento","12":"tag-es","13":"tag-espana","14":"tag-famosos","15":"tag-north-america","16":"tag-spain","17":"tag-toronto"},"share_on_mastodon":{"url":"https:\/\/pubeurope.com\/@es\/115530986254183900","error":""},"_links":{"self":[{"href":"https:\/\/www.europesays.com\/es\/wp-json\/wp\/v2\/posts\/230334","targetHints":{"allow":["GET"]}}],"collection":[{"href":"https:\/\/www.europesays.com\/es\/wp-json\/wp\/v2\/posts"}],"about":[{"href":"https:\/\/www.europesays.com\/es\/wp-json\/wp\/v2\/types\/post"}],"author":[{"embeddable":true,"href":"https:\/\/www.europesays.com\/es\/wp-json\/wp\/v2\/users\/2"}],"replies":[{"embeddable":true,"href":"https:\/\/www.europesays.com\/es\/wp-json\/wp\/v2\/comments?post=230334"}],"version-history":[{"count":0,"href":"https:\/\/www.europesays.com\/es\/wp-json\/wp\/v2\/posts\/230334\/revisions"}],"wp:featuredmedia":[{"embeddable":true,"href":"https:\/\/www.europesays.com\/es\/wp-json\/wp\/v2\/media\/230335"}],"wp:attachment":[{"href":"https:\/\/www.europesays.com\/es\/wp-json\/wp\/v2\/media?parent=230334"}],"wp:term":[{"taxonomy":"category","embeddable":true,"href":"https:\/\/www.europesays.com\/es\/wp-json\/wp\/v2\/categories?post=230334"},{"taxonomy":"post_tag","embeddable":true,"href":"https:\/\/www.europesays.com\/es\/wp-json\/wp\/v2\/tags?post=230334"}],"curies":[{"name":"wp","href":"https:\/\/api.w.org\/{rel}","templated":true}]}}