{"id":230350,"date":"2025-11-11T12:20:09","date_gmt":"2025-11-11T12:20:09","guid":{"rendered":"https:\/\/www.europesays.com\/es\/230350\/"},"modified":"2025-11-11T12:20:09","modified_gmt":"2025-11-11T12:20:09","slug":"luis-planas-aborda-con-el-comisario-costas-kadis-los-asuntos-prioritarios-de-interes-pesquero-para-espana","status":"publish","type":"post","link":"https:\/\/www.europesays.com\/es\/230350\/","title":{"rendered":"Luis Planas aborda con el comisario Costas Kadis los asuntos prioritarios de inter\u00e9s pesquero para Espa\u00f1a"},"content":{"rendered":"<p class=\"main-image\">&#13; <img decoding=\"async\" alt=\"El ministro de Agricultura, Pesca y Alimentaci\u00f3n, Luis Planas, da la bienvenida al comisario de Pesca y Oc\u00e9anos, Costas Kadis\" title=\"El ministro de Agricultura, Pesca y Alimentaci\u00f3n, Luis Planas, da la bienvenida al comisario de Pesca y Oc\u00e9anos, Costas Kadis\" src=\"https:\/\/www.europesays.com\/es\/wp-content\/uploads\/2025\/11\/111125-plansa-kadis-pesca-comision-europea.jpg\"\/>&#13;El ministro de Agricultura, Pesca y Alimentaci\u00f3n, Luis Planas, da la bienvenida al comisario de Pesca y Oc\u00e9anos, Costas Kadis.&#13;&#13;<\/p>\n<p>El titular de Agricultura, Pesca y Alimentaci\u00f3n, Luis Planas, ha abordado con el comisario de Pesca y Oc\u00e9anos, Costas Kadis, en su tercera visita a Espa\u00f1a, los asuntos prioritarios de inter\u00e9s pesquero para Espa\u00f1a, sobre todo, los relativos a la pesca en el mar Mediterr\u00e1neo 2025 y 2026, la propuesta de la Comisi\u00f3n Europea sobre las perspectivas financieras y la simplificaci\u00f3n de la Pol\u00edtica Pesquera Com\u00fan (PPC).<\/p>\n<p>En lo que se refiere al Mediterr\u00e1neo, Planas le ha pedido a Kadis que la propuesta de la Comisi\u00f3n Europea y las negociaciones del Consejo de Ministros de Agricultura y Pesca de diciembre tengan en cuenta los esfuerzos realizados por los pescadores. La prioridad debe ser mantener la sostenibilidad e incrementar la rentabilidad, lo que, seg\u00fan Planas, debe traducirse en m\u00e1s d\u00edas de pesca para 2026.<\/p>\n<p>Cantidades insuficientes frente a los retos<\/p>\n<p>Respecto a las perspectivas financieras, el ministro le ha trasladado que las cantidades son \u00abinsuficientes\u00bb para que el sector pueda hacer frente a los retos de futuro y que hay que preservar el car\u00e1cter \u00abcom\u00fan\u00bb de la PPC para asegurar una aplicaci\u00f3n armonizada de esta pol\u00edtica.<\/p>\n<p>El ministro, adem\u00e1s, ha entregado al comisario un documento de trabajo con propuestas concretas sobre la simplificaci\u00f3n de la Pol\u00edtica Pesquera Com\u00fan. Espa\u00f1a es partidaria de que se realice un ejercicio de simplificaci\u00f3n de varios aspectos de esta pol\u00edtica para una mayor eficiencia, creaci\u00f3n de un marco m\u00e1s sencillo y adaptaci\u00f3n a las necesidades reales de los sectores pesquero y acu\u00edcola.<\/p>\n<p>Asimismo, el comisario ha informado al ministro Planas sobre el nuevo mandato negociador con Marruecos.<\/p>\n","protected":false},"excerpt":{"rendered":"&#13; &#13;El ministro de Agricultura, Pesca y Alimentaci\u00f3n, Luis Planas, da la bienvenida al comisario de Pesca y&hellip;\n","protected":false},"author":2,"featured_media":230351,"comment_status":"","ping_status":"","sticky":false,"template":"","format":"standard","meta":{"footnotes":""},"categories":[5],"tags":[517,2077,17,18,25,24,13,14,11,19,20,9,10,15,16,59225,2330,23,12,21,22],"class_list":{"0":"post-230350","1":"post","2":"type-post","3":"status-publish","4":"format-standard","5":"has-post-thumbnail","7":"category-titulares","8":"tag-actualidad","9":"tag-agricultura","10":"tag-breaking-news","11":"tag-breakingnews","12":"tag-es","13":"tag-espana","14":"tag-featured-news","15":"tag-featurednews","16":"tag-headlines","17":"tag-latest-news","18":"tag-latestnews","19":"tag-news","20":"tag-noticias","21":"tag-noticias-destacadas","22":"tag-noticiasdestacadas","23":"tag-pesca-y-alimentacion","24":"tag-prensa","25":"tag-spain","26":"tag-titulares","27":"tag-ultimas-noticias","28":"tag-ultimasnoticias"},"share_on_mastodon":{"url":"https:\/\/pubeurope.com\/@es\/115531037244560923","error":""},"_links":{"self":[{"href":"https:\/\/www.europesays.com\/es\/wp-json\/wp\/v2\/posts\/230350","targetHints":{"allow":["GET"]}}],"collection":[{"href":"https:\/\/www.europesays.com\/es\/wp-json\/wp\/v2\/posts"}],"about":[{"href":"https:\/\/www.europesays.com\/es\/wp-json\/wp\/v2\/types\/post"}],"author":[{"embeddable":true,"href":"https:\/\/www.europesays.com\/es\/wp-json\/wp\/v2\/users\/2"}],"replies":[{"embeddable":true,"href":"https:\/\/www.europesays.com\/es\/wp-json\/wp\/v2\/comments?post=230350"}],"version-history":[{"count":0,"href":"https:\/\/www.europesays.com\/es\/wp-json\/wp\/v2\/posts\/230350\/revisions"}],"wp:featuredmedia":[{"embeddable":true,"href":"https:\/\/www.europesays.com\/es\/wp-json\/wp\/v2\/media\/230351"}],"wp:attachment":[{"href":"https:\/\/www.europesays.com\/es\/wp-json\/wp\/v2\/media?parent=230350"}],"wp:term":[{"taxonomy":"category","embeddable":true,"href":"https:\/\/www.europesays.com\/es\/wp-json\/wp\/v2\/categories?post=230350"},{"taxonomy":"post_tag","embeddable":true,"href":"https:\/\/www.europesays.com\/es\/wp-json\/wp\/v2\/tags?post=230350"}],"curies":[{"name":"wp","href":"https:\/\/api.w.org\/{rel}","templated":true}]}}