{"id":230355,"date":"2025-11-11T12:28:09","date_gmt":"2025-11-11T12:28:09","guid":{"rendered":"https:\/\/www.europesays.com\/es\/230355\/"},"modified":"2025-11-11T12:28:09","modified_gmt":"2025-11-11T12:28:09","slug":"doncic-comete-estas-locuras-pero-se-queda-sin-favor-arbitral-a-lo-madrid","status":"publish","type":"post","link":"https:\/\/www.europesays.com\/es\/230355\/","title":{"rendered":"Doncic comete estas locuras pero se queda sin favor arbitral a lo Madrid"},"content":{"rendered":"<p>                        El ex del Real Madrid conect\u00f3 un par de tiros espectaculares de media pista que no valieron\u00a0\n<\/p>\n<p><img src=\"https:\/\/www.mundodeportivo.com\/files\/image_449_220\/uploads\/2025\/11\/11\/6912b4f397211.png\" data-full-src=\"https:\/\/www.europesays.com\/es\/wp-content\/uploads\/2025\/11\/6912b4f397211.png\" alt=\"Doncic, quej\u00e1ndose a los \u00e1rbitros en la \u00faltima derrota de los Lakers en Atlanta\" width=\"449\" height=\"220\" class=\"nolazy\" decoding=\"async\" fetchpriority=\"high\"\/><\/p>\n<p class=\"caption-title \">Doncic, quej\u00e1ndose a los \u00e1rbitros en la \u00faltima derrota de los Lakers en Atlanta<\/p>\n<p>Getty Images<\/p>\n<p>                <img loading=\"lazy\" decoding=\"async\" width=\"60\" height=\"60\" alt=\"Para flipar: Doncic comete estas locuras pero se queda sin favor arbitral a lo Madrid\" title=\"\" src=\"\/files\/image_60_60\/uploads\/2022\/02\/21\/6213b0a9e40f2.png\" class=\"lazy\"\/><\/p>\n<p>\n                        Actualizado a  11\/11\/2025 06:33 CET\n                    <\/p>\n<p data-gtm-element-container=\"modulo-texto-link\" class=\"paragraph\">La unicidad de <strong>Luka Doncic<\/strong> se resume en locuras como la que el ex del <strong>Real Madrid<\/strong> cometi\u00f3 anoche en la victoria de los Lakers contra los Charlotte Hornets (111-121). Y eso que el esloveno se fue a los 38 puntos y con un mate incluido poco com\u00fan en \u00e9l.\u00a0<\/p>\n<p data-gtm-element-container=\"modulo-texto-link\" class=\"paragraph\">El esloveno dej\u00f3 a la NBA alucinando no una si no dos veces, con un par de tiros desde mucho m\u00e1s all\u00e1 de media pista sobre la bocina que entraron limpios pero que no contaron al lanzar el base fuera de tiempo.\u00a0<\/p>\n<blockquote class=\"twitter-tweet\" data-lang=\"es\"><p>\n<a href=\"https:\/\/twitter.com\/clutchpoints\/status\/1988059980566577539?s=46\" rel=\"nofollow noopener\" target=\"_blank\">\n<\/p><\/blockquote>\n<p data-gtm-element-container=\"modulo-texto-link\" class=\"paragraph\">En una imagen que ya es de por s\u00ed dif\u00edcil de ver, Doncic perpetr\u00f3 tal barbaridad hasta en dos ocasiones con la <strong>mala suerte<\/strong> de que en ambos casos unas d\u00e9cimas de segundo impidieron que alguno de los dos tiros fuera v\u00e1lido.\u00a0<\/p>\n<blockquote class=\"twitter-tweet\" data-lang=\"es\"><p>\n<a href=\"https:\/\/twitter.com\/nba\/status\/1988070522383475138?s=46\" rel=\"nofollow noopener\" target=\"_blank\">\n<\/p><\/blockquote>\n<p data-gtm-element-container=\"modulo-texto-link\" class=\"paragraph\">Dada la genialidad, muchos aficionados pensar\u00edan que los \u00e1rbitros podr\u00edan haberle hecho<strong> alg\u00fan favor <\/strong>a Luka Doncic por ser qui\u00e9n es y tambi\u00e9n teniendo en cuenta que alg\u00fan regalo adicional no habr\u00eda influido en el resultado final dado el holgado margen con el que ganaron los Lakers.\u00a0<\/p>\n<p>    Lee tambi\u00e9n<\/p>\n<p data-gtm-element-container=\"modulo-texto-link\" class=\"paragraph\">Pero tambi\u00e9n dir\u00e1n los no tan amigos del esloveno que al final en la NBA no hay la misma condescendencia arbitral de la que tantas veces goza el <strong>Real Madrid.\u00a0<\/strong><\/p>\n<p>\n        Mostrar comentarios\n    <\/p>\n<p>{\u00aballowComment\u00bb:\u00bballowed\u00bb,\u00bbarticleId\u00bb:\u00bbarticle-1002567224&#8243;,\u00bburl\u00bb:\u00bbhttps:\\\/\\\/www.mundodeportivo.com\\\/baloncesto\\\/nba\\\/20251111\\\/1002567224\\\/doncic-queda-favor-arbitral-real-madrid-doble-locura-flipa-nba.html\u00bb,\u00bblivefyre-url\u00bb:\u00bbarticle-1002567224&#8243;}<\/p>\n<p>Cargando siguiente contenido&#8230;\n                <\/p>\n<p>    <script async src=\"https:\/\/platform.twitter.com\/widgets.js\" charset=\"utf-8\"><\/script><\/p>\n","protected":false},"excerpt":{"rendered":"El ex del Real Madrid conect\u00f3 un par de tiros espectaculares de media pista que no valieron\u00a0 Doncic,&hellip;\n","protected":false},"author":2,"featured_media":230356,"comment_status":"","ping_status":"","sticky":false,"template":"","format":"standard","meta":{"footnotes":""},"categories":[269],"tags":[299,298,168,25,24,23,167],"class_list":{"0":"post-230355","1":"post","2":"type-post","3":"status-publish","4":"format-standard","5":"has-post-thumbnail","7":"category-baloncesto","8":"tag-baloncesto","9":"tag-basketball","10":"tag-deportes","11":"tag-es","12":"tag-espana","13":"tag-spain","14":"tag-sports"},"share_on_mastodon":{"url":"https:\/\/pubeurope.com\/@es\/115531069382294038","error":""},"_links":{"self":[{"href":"https:\/\/www.europesays.com\/es\/wp-json\/wp\/v2\/posts\/230355","targetHints":{"allow":["GET"]}}],"collection":[{"href":"https:\/\/www.europesays.com\/es\/wp-json\/wp\/v2\/posts"}],"about":[{"href":"https:\/\/www.europesays.com\/es\/wp-json\/wp\/v2\/types\/post"}],"author":[{"embeddable":true,"href":"https:\/\/www.europesays.com\/es\/wp-json\/wp\/v2\/users\/2"}],"replies":[{"embeddable":true,"href":"https:\/\/www.europesays.com\/es\/wp-json\/wp\/v2\/comments?post=230355"}],"version-history":[{"count":0,"href":"https:\/\/www.europesays.com\/es\/wp-json\/wp\/v2\/posts\/230355\/revisions"}],"wp:featuredmedia":[{"embeddable":true,"href":"https:\/\/www.europesays.com\/es\/wp-json\/wp\/v2\/media\/230356"}],"wp:attachment":[{"href":"https:\/\/www.europesays.com\/es\/wp-json\/wp\/v2\/media?parent=230355"}],"wp:term":[{"taxonomy":"category","embeddable":true,"href":"https:\/\/www.europesays.com\/es\/wp-json\/wp\/v2\/categories?post=230355"},{"taxonomy":"post_tag","embeddable":true,"href":"https:\/\/www.europesays.com\/es\/wp-json\/wp\/v2\/tags?post=230355"}],"curies":[{"name":"wp","href":"https:\/\/api.w.org\/{rel}","templated":true}]}}