{"id":230357,"date":"2025-11-11T12:29:08","date_gmt":"2025-11-11T12:29:08","guid":{"rendered":"https:\/\/www.europesays.com\/es\/230357\/"},"modified":"2025-11-11T12:29:08","modified_gmt":"2025-11-11T12:29:08","slug":"me-ha-costado-mucho-jugar-en-el-athletic","status":"publish","type":"post","link":"https:\/\/www.europesays.com\/es\/230357\/","title":{"rendered":"Me ha costado mucho jugar en el Athletic"},"content":{"rendered":"<p data-gtm-element-container=\"modulo-texto-link\" class=\"paragraph\">\u201cPara m\u00ed estar aqu\u00ed es un privilegio, un sue\u00f1o. Me ha costado mucho jugar en el Athletic e intento disfrutar cada d\u00eda. Se trata de trabajar, dar el m\u00e1ximo, apretar, robar bal\u00f3n e intentar generar juego\u201d.<\/p>\n<p data-gtm-element-container=\"modulo-texto-link\" class=\"paragraph\">I\u00f1igo Ruiz de Galarreta se ha convertido en una de las piezas b\u00e1sicas del Athletic de Valverde. A sus 32 a\u00f1os, el centrocampista de Eibar se ha asentado en el doble pivote rojiblanco, donde se entiende muy bien con Mikel Jauregizar, el otro le\u00f3n m\u00e1s habitual en dicha zona del campo. Tampoco lo hac\u00eda nada mal con el ahora lesionado Be\u00f1at Prados. Con Vesga y Rego, en cambio, no ha compartido tantos minutos.<\/p>\n<p data-gtm-element-container=\"modulo-texto-link\" class=\"paragraph\">Galarreta es muy consciente de la situaci\u00f3n por la que atraviesa el Athletic en este primer tramo de la temporada. Las dudas se han instalado en el entorno rojiblanco. Ni el juego ni los resultados acompa\u00f1an, de ah\u00ed la importancia de haber ganado el pasado domingo al colista Oviedo.<\/p>\n<p data-gtm-element-container=\"modulo-texto-link\" class=\"paragraph\">\u201cEra fundamental. El equipo lo sab\u00eda, estaba concienciado. Salimos con esa necesidad y logramos los tres puntos sufriendo un poco. Lo importante, en cualquier caso, era cortar la mala racha. Ganar era fundamental ganar antes par\u00f3n de cara a volver muy fuertes despu\u00e9s para seguir sumando\u201d, argumenta.<\/p>\n<p>    Lee tambi\u00e9n<\/p>\n<p data-gtm-element-container=\"modulo-texto-link\" class=\"paragraph\">El equipo de Valverde no est\u00e1 rindiendo hasta la fecha como se esperaba en la temporada de la vuelta a la Champions. A los leones les est\u00e1 costando ver porter\u00eda por un lado y mantener la propia a cero por otro. Nada que ver con lo vivido de unos a\u00f1os a este parte.<\/p>\n<p data-gtm-element-container=\"modulo-texto-link\" class=\"paragraph\">\u201cCuando los resultados no se dan es normal que nos cueste un poco m\u00e1s. El grupo trata de mantenerse positivo, haciendo el juego que nos caracteriza y nos ha dado tanto. Estos dos \u00faltimos a\u00f1os hemos dado un nivel alt\u00edsimo y no siempre se puede estar as\u00ed. Cuando encadenemos resultados, seguro que iremos hacia arriba\u201d, sostiene el centrocampista rojiblanco.<\/p>\n<p data-gtm-element-container=\"modulo-texto-link\" class=\"paragraph\"><strong>N\u00fameros cantan<\/strong><\/p>\n<p data-gtm-element-container=\"modulo-texto-link\" class=\"paragraph\">Galarreta es uno de los fijos en las alineaciones rojiblancas en Liga, pero en la Champions no se ha estrenado todav\u00eda en el once titular. Sus n\u00fameros reflejan tambi\u00e9n que nunca completa un partido en el llamado torneo de la regularidad. De sus once participaciones en el campeonato dom\u00e9stico, en diez de ellas ha formado en la alineaci\u00f3n inicial y tan s\u00f3lo en una ocasi\u00f3n comenz\u00f3 en el banquillo: frente al Girona en San Mam\u00e9s. Su \u00fanica baja a ras de c\u00e9sped en Liga coincidi\u00f3 con la visita de los leones al Betis.<\/p>\n<p>    Lee tambi\u00e9n<\/p>\n<p data-gtm-element-container=\"modulo-texto-link\" class=\"paragraph\">A nivel continental, el centrocampista eibartarra es el decimoctavo de la plantilla en minutos jugados en lo que va de Champions con un total de 80. Este tiempo global se divide en tres participaciones, todas ellas saliendo en sustituci\u00f3n de un compa\u00f1ero. Su \u00fanica ausencia coincidi\u00f3 con la visita del Arsenal a San Mam\u00e9s.<\/p>\n<p data-gtm-element-container=\"modulo-texto-link\" class=\"paragraph\">Galarreta, por otra parte, es el primer jugador del Athletic que est\u00e1 en capilla en lo que a una posible sanci\u00f3n por acumulaci\u00f3n de tarjetas hace referencia. Ante el Oviedo vio la cuarta cartulina amarilla en lo que se lleva disputado de Liga.<\/p>\n","protected":false},"excerpt":{"rendered":"\u201cPara m\u00ed estar aqu\u00ed es un privilegio, un sue\u00f1o. Me ha costado mucho jugar en el Athletic e&hellip;\n","protected":false},"author":2,"featured_media":230358,"comment_status":"","ping_status":"","sticky":false,"template":"","format":"standard","meta":{"footnotes":""},"categories":[268],"tags":[168,25,24,280,282,281,23,167],"class_list":{"0":"post-230357","1":"post","2":"type-post","3":"status-publish","4":"format-standard","5":"has-post-thumbnail","7":"category-futbol","8":"tag-deportes","9":"tag-es","10":"tag-espana","11":"tag-football","12":"tag-futbol","13":"tag-soccer","14":"tag-spain","15":"tag-sports"},"share_on_mastodon":{"url":"https:\/\/pubeurope.com\/@es\/115531072529020987","error":""},"_links":{"self":[{"href":"https:\/\/www.europesays.com\/es\/wp-json\/wp\/v2\/posts\/230357","targetHints":{"allow":["GET"]}}],"collection":[{"href":"https:\/\/www.europesays.com\/es\/wp-json\/wp\/v2\/posts"}],"about":[{"href":"https:\/\/www.europesays.com\/es\/wp-json\/wp\/v2\/types\/post"}],"author":[{"embeddable":true,"href":"https:\/\/www.europesays.com\/es\/wp-json\/wp\/v2\/users\/2"}],"replies":[{"embeddable":true,"href":"https:\/\/www.europesays.com\/es\/wp-json\/wp\/v2\/comments?post=230357"}],"version-history":[{"count":0,"href":"https:\/\/www.europesays.com\/es\/wp-json\/wp\/v2\/posts\/230357\/revisions"}],"wp:featuredmedia":[{"embeddable":true,"href":"https:\/\/www.europesays.com\/es\/wp-json\/wp\/v2\/media\/230358"}],"wp:attachment":[{"href":"https:\/\/www.europesays.com\/es\/wp-json\/wp\/v2\/media?parent=230357"}],"wp:term":[{"taxonomy":"category","embeddable":true,"href":"https:\/\/www.europesays.com\/es\/wp-json\/wp\/v2\/categories?post=230357"},{"taxonomy":"post_tag","embeddable":true,"href":"https:\/\/www.europesays.com\/es\/wp-json\/wp\/v2\/tags?post=230357"}],"curies":[{"name":"wp","href":"https:\/\/api.w.org\/{rel}","templated":true}]}}