{"id":230361,"date":"2025-11-11T12:31:22","date_gmt":"2025-11-11T12:31:22","guid":{"rendered":"https:\/\/www.europesays.com\/es\/230361\/"},"modified":"2025-11-11T12:31:22","modified_gmt":"2025-11-11T12:31:22","slug":"el-robo-del-louvre-tiene-intriga-para-una-novela","status":"publish","type":"post","link":"https:\/\/www.europesays.com\/es\/230361\/","title":{"rendered":"\u00abEl robo del Louvre tiene intriga para una novela\u00bb"},"content":{"rendered":"<p style=\"\">Pocos d\u00edas despu\u00e9s del <strong>robo del Louvre<\/strong>, cuando la <a href=\"https:\/\/www.abc.es\/cultura\/imputan-dos-cinco-detenidos-robo-louvre-tres-20251101183717-nt.html\" target=\"_self\" data-voc-vtm-id=\"in-text-traffic\" title=\"Polic\u00eda francesa ya ha detenido a varios sospechosos\" rel=\"nofollow noopener\">Polic\u00eda francesa ya ha detenido a varios sospechosos<\/a>, mantenemos un encuentro con dos maestros de la literatura de misterios que unen los museos y el arte: <strong>Katherine Neville<\/strong>, (c\u00e9lebre autora de &#8216;Ocho&#8217; y &#8216; &#8230; El fuego&#8217;) visita Espa\u00f1a para recoger un premio, y la acompa\u00f1a otro gran autor del g\u00e9nero, su querido amigo <strong>Javier Sierra<\/strong> (<a href=\"https:\/\/www.abc.es\/sevilla\/cultura\/javier-sierra-mayor-tesoro-lectores-complices-20250324064750-nts.html\" target=\"_self\" data-voc-vtm-id=\"in-text-traffic\" title=\"&#039;El plan maestro&#039;,\" data-mrf-link=\"www.abc.es\" rel=\"nofollow noopener\">&#8216;El plan maestro&#8217;,<\/a> &#8216;El maestro del Prado&#8217;). Si a estas dos mentes curiosas les preguntas qu\u00e9 opinan sobre el robo de las joyas en el Louvre, no se apasionan por el origen de los detenidos, sino por el poder de los objetos sustra\u00eddos y, en el caso de la estadounidense, con cierta decepci\u00f3n por la elecci\u00f3n de esas joyas, entre todas las obras que atesora el antiguo palacio de los Reyes de Francia.<\/p>\n<p class=\"voc-p\" style=\"\"><strong>Katherine Neville:<\/strong> -Me pregunto por qu\u00e9 robaron lo que robaron, nada en comparaci\u00f3n con las cosas que podr\u00edas llevarte del Louvre.<\/p>\n<p class=\"voc-p\" style=\"\"><strong>Javier Sierra:<\/strong> &#8211; Mi primer pensamiento fue que los objetos de poder de Francia estaban en peligro. Lo que robaron fueron piezas del Tesoro real franc\u00e9s que hab\u00edan pertenecido a Napole\u00f3n, a la familia Bonaparte, y que de alguna manera significaban el poder. Y me acord\u00e9 inmediatamente de que el otro gran objeto de poder que ha estado en peligro en Francia fue la corona de espinas, que estuvo a punto de desvanecerse <a href=\"https:\/\/www.abc.es\/internacional\/abci-incendio-notre-dame-destruye-monumento-mas-iconico-paris-201904152129_noticia.html\" target=\"_self\" data-voc-vtm-id=\"in-text-traffic\" title=\"en el fuego de Notre-Dame de Par\u00eds\" data-mrf-link=\"www.abc.es\" rel=\"nofollow noopener\">en el fuego de Notre-Dame de Par\u00eds<\/a>, de la catedral.<\/p>\n<p class=\"voc-p\" style=\"\">Javier aporta esa clave, que pone en marcha alg\u00fan mecanismo en las mentes de ambos escritores, porque la discusi\u00f3n empieza a convertirse en algo detectivesco. Sierra recuerda que el Rey Luis trajo la corona de espinas a Francia pagando casi la mitad del tesoro p\u00fablico franc\u00e9s de la \u00e9poca, solo por tener en su poder la corona que hizo al rey de reyes, a Cristo, en manos de un rey franc\u00e9s\u00bb. Y confiesa que con esos ingredientes ya le seduce como planteamiento novelesco.<\/p>\n<p class=\"voc-title\">El Ni\u00f1o de Atocha es el patr\u00f3n de los ladrones en el Nuevo Mundo y aun hoy recibe en Madrid exvotos de fieles que han sido sicarios, narcos, o reos, para agradecerle el final de sus condenas<\/p>\n<p class=\"voc-p\" style=\"\">Neville apunta que algo as\u00ed inspir\u00f3 su libro &#8216;El c\u00edrculo m\u00e1gico&#8217;, sobre la ambici\u00f3n de Hitler de reunir los objetos de poder el Alto Imperio. Sierra subraya entonces: \u00abNo son objetos normales los que han sido robados\u00bb<\/p>\n<p class=\"voc-p\" style=\"\"><strong>Neville:<\/strong>&#8211; \u00bfQui\u00e9n est\u00e1 robando ahora los objetos de la corona? La historia puede tener algo que ver con lo que est\u00e1 ocurriendo&#8230;<\/p>\n<p class=\"voc-p\" style=\"\"><strong>Sierra:<\/strong>&#8211; Es un tema digno de una novela. Yo creo que el verdadero poder del arte est\u00e1 en su capacidad simb\u00f3lica. El arte es una enorme ilusi\u00f3n, un trampantojo. Nosotros le concedemos su valor. \u00bfQu\u00e9 es lo que hace que un objeto sobresalga sobre otros? Eso es un misterio.<\/p>\n<p>\nEl cazador de historias, cazado\n<\/p>\n<p class=\"voc-p\" style=\"\">A veces el escritor no es el cazador sino que resulta cazado por la historia. Neville le recuerda a Sierra que eso le acaba de pasar con su \u00faltimo libro y le anima a que lo cuente. Y el escritor rememora: \u00abYo acababa de publicar &#8216;El maestro del Prado&#8217;, necesitaba unas vacaciones, as\u00ed que eleg\u00ed el lugar m\u00e1s remoto, m\u00e1s inaccesible y con menos cobertura posible para poder pasar all\u00ed un tiempo con mis hijos y olvidarme de todo. Y viendo cuevas rupestres y el arte rupestre en Cantabria, de repente las pinturas, aquellos rasgos milenarios en la roca, me gritaron que alguien deb\u00eda contar esa historia. Y de ah\u00ed surgi\u00f3 el tema de \u00abEl plan maestro&#8217;. Es decir, la historia me caz\u00f3 en unas vacaciones con la Guardia Baja.<\/p>\n<p class=\"voc-title\">La imagen del Ni\u00f1o lleg\u00f3 a Zacatecas con gran devoci\u00f3n de los mineros, pero su fama milagrera se extendi\u00f3 por las c\u00e1rceles por la historia de un ni\u00f1o que les llevaba comida <\/p>\n<p class=\"voc-p\" style=\"\">Cambio de tercio. Antes de sentarse a conversar han estado en la Bas\u00edlica de Nuestra Se\u00f1ora de Atocha, porque Neville ten\u00eda mucha ilusi\u00f3n por conocer el santuario de una Virgen con gran impacto en Am\u00e9rica. Una vez m\u00e1s, todo lo que les rodea se llena de casualidades e inc\u00f3gnitas y la visita posee minutos despu\u00e9s el aura de un cuento de misterio. <\/p>\n<p class=\"voc-p\" style=\"\"><strong>Neville:<\/strong> -Yo quer\u00eda visitarla porque hay una historia muy diferente en el Nuevo Mundo sobre la Dama de Atocha. El Ni\u00f1o, el peque\u00f1o Ni\u00f1o Jes\u00fas, fue llevado all\u00ed desde el Viejo Mundo. Creo que fue en el siglo XVIII. <\/p>\n<p class=\"voc-p\" style=\"\">La imagen lleg\u00f3 a Zacatecas y desat\u00f3 la devoci\u00f3n entre los mineros, y su fama milagrera extendi\u00f3 las plegarias a muchos reos condenados. La escritora recuerda que el Ni\u00f1o pronto se convirti\u00f3 en el<strong> patr\u00f3n de los ladrones<\/strong> y cuenta porqu\u00e9.<\/p>\n<p class=\"voc-p\" style=\"\"><strong>Neville:<\/strong>&#8211; En la c\u00e1rcel no se permit\u00eda a nadie llevar comida por si introduc\u00edan armas, excepto a los ni\u00f1os. Y cuentan que un peque\u00f1o les llevaba pan y queso y todo tipo de cosas pero por la noche nadie sab\u00eda qui\u00e9n era. S\u00ed sab\u00edan que calzaba unas viejas alpargatas, muy gastadas, y un polvoriento sombrero. Por eso los ladrones acabaron adorando a la peque\u00f1a estatua con enorme devoci\u00f3n.<\/p>\n<p class=\"voc-p\" style=\"\">Por eso Javier subraya que llev\u00f3 a la escritora a la Bas\u00edlica de Atocha nada m\u00e1s bajar del avi\u00f3n.<\/p>\n<p class=\"voc-p\" style=\"\"><strong>Sierra:<\/strong> -Cuando dos escritores se juntan ocurren estas cosas que Carl Gustav Jung llamar\u00eda sincronicidades. Casi pareciera que nos estaban esperando en la Bas\u00edlica. La vida es as\u00ed y los escritores nos la tomamos, por lo menos como ella o como yo, nos la tomamos valorando los signos y las cosas que pasan a nuestro alrededor.<\/p>\n<p class=\"voc-p\" style=\"\"><strong>Neville:<\/strong> -Tienes que estar preparado para aceptar que la magia lo envuelve todo. Muchos permanecen con los ojos cerrados, pero lo cierto es que busc\u00e1bamos al Ni\u00f1o y al mismo tiempo encontramos muchas cosas m\u00e1gicas junto a \u00e9l.<\/p>\n<p class=\"voc-title\">\u00abLo que m\u00e1s me gusta de Espa\u00f1a es el museo de naipes en Vitoria-Gastez, el museo Fournier. No escribo libros sobre cartas, pero quiero incluir sus im\u00e1genes incre\u00edbles en alguna novela\u00bb<\/p>\n<p class=\"voc-article-position__name\">Katherine Neville<\/p>\n<p class=\"voc-article-position__employ\">Escritora<\/p>\n<p class=\"voc-p\" style=\"\">Nos cuentan que coincidieron en el templo con la conservadora, fan de las novelas de Javier, que les hizo un recorrido completo y les ense\u00f1\u00f3 algunos secretos. Por ejemplo, gir\u00f3 la imagen y les mostr\u00f3 exvotos que ha recibido, algunos preciosos, por la<a href=\"https:\/\/www.abc.es\/espana\/madrid\/abci-nuestra-senora-atocha-parroquia-inteligencia-corazon-201607170038_noticia.html\" target=\"_self\" data-voc-vtm-id=\"in-text-traffic\" title=\" relaci\u00f3n hist\u00f3rica de la Virgen de Atocha con la Casa Real\" data-mrf-link=\"www.abc.es\" rel=\"nofollow noopener\"> relaci\u00f3n hist\u00f3rica de la Virgen de Atocha con la Casa Real<\/a>. Hab\u00eda mantillos y otras ofrendas.<\/p>\n<p class=\"voc-p\" style=\"\">Pero tambi\u00e9n curiosidades que alimentaron su curiosidad: un compartimento que hay a los pies de la imagen con unas diminutas sandalias. Y por si fuera poco, supieron que recibe ofrendas por parte de gente que viaja desde pa\u00edses del Caribe, relacionada con la delincuencia, fieles que han sido<strong> sicarios, narcos que han sufrido c\u00e1rcel,<\/strong> familiares de presidiarios, para pedirle al Ni\u00f1o el final de las cuitas o la superaci\u00f3n de las condenas.<\/p>\n<p>\nPremio M\u00e1scara de \u00c1nimas\n<\/p>\n<p class=\"voc-p\" style=\"\">La visita de Neville tiene como motivo el premio M\u00e1scara de \u00c1nimas, que Javier Sierra recibi\u00f3 el a\u00f1o pasado y que ha sido concedido en 2025 a la norteamericana. <\/p>\n<p class=\"voc-p\" style=\"\">Le preguntamos a Katherine Neville qu\u00e9 es lo que m\u00e1s le gusta de nuestro pa\u00eds, que tan bien conoce.<\/p>\n<p class=\"voc-p\" style=\"\"><strong>Neville:<\/strong>&#8211; Quiero decir algo que es muy inusual en Espa\u00f1a, que nunca he visto en ning\u00fan otro lugar del mundo y es el museo de naipes en Vitoria-Gasteiz, el museo Fournier. No s\u00f3lo por los naipes famosos o los tarots, en una visita que hice trajeron cartas secretas, algunas tan raras que est\u00e1n tambi\u00e9n en la Morgan Library en Nueva York. No aparecen en mis libros, pero me apetece mucho poder incluirlas en pr\u00f3ximas obras, son unas pinturas incre\u00edbles.<\/p>\n","protected":false},"excerpt":{"rendered":"Pocos d\u00edas despu\u00e9s del robo del Louvre, cuando la Polic\u00eda francesa ya ha detenido a varios sospechosos, mantenemos&hellip;\n","protected":false},"author":2,"featured_media":230362,"comment_status":"","ping_status":"","sticky":false,"template":"","format":"standard","meta":{"footnotes":""},"categories":[173],"tags":[229,233,231,230,232,234,146,147,25,24,43775,5264,60372,9212,60373,1645,7561,11774,23],"class_list":{"0":"post-230361","1":"post","2":"type-post","3":"status-publish","4":"format-standard","5":"has-post-thumbnail","7":"category-arte-y-diseno","8":"tag-arte","9":"tag-arte-y-diseno","10":"tag-arts","11":"tag-arts-and-design","12":"tag-design","13":"tag-diseno","14":"tag-entertainment","15":"tag-entretenimiento","16":"tag-es","17":"tag-espana","18":"tag-intriga","19":"tag-javier","20":"tag-katherine","21":"tag-louvre","22":"tag-neville","23":"tag-novela","24":"tag-robo","25":"tag-sierra","26":"tag-spain"},"share_on_mastodon":{"url":"https:\/\/pubeurope.com\/@es\/115531080257695743","error":""},"_links":{"self":[{"href":"https:\/\/www.europesays.com\/es\/wp-json\/wp\/v2\/posts\/230361","targetHints":{"allow":["GET"]}}],"collection":[{"href":"https:\/\/www.europesays.com\/es\/wp-json\/wp\/v2\/posts"}],"about":[{"href":"https:\/\/www.europesays.com\/es\/wp-json\/wp\/v2\/types\/post"}],"author":[{"embeddable":true,"href":"https:\/\/www.europesays.com\/es\/wp-json\/wp\/v2\/users\/2"}],"replies":[{"embeddable":true,"href":"https:\/\/www.europesays.com\/es\/wp-json\/wp\/v2\/comments?post=230361"}],"version-history":[{"count":0,"href":"https:\/\/www.europesays.com\/es\/wp-json\/wp\/v2\/posts\/230361\/revisions"}],"wp:featuredmedia":[{"embeddable":true,"href":"https:\/\/www.europesays.com\/es\/wp-json\/wp\/v2\/media\/230362"}],"wp:attachment":[{"href":"https:\/\/www.europesays.com\/es\/wp-json\/wp\/v2\/media?parent=230361"}],"wp:term":[{"taxonomy":"category","embeddable":true,"href":"https:\/\/www.europesays.com\/es\/wp-json\/wp\/v2\/categories?post=230361"},{"taxonomy":"post_tag","embeddable":true,"href":"https:\/\/www.europesays.com\/es\/wp-json\/wp\/v2\/tags?post=230361"}],"curies":[{"name":"wp","href":"https:\/\/api.w.org\/{rel}","templated":true}]}}