{"id":230363,"date":"2025-11-11T12:33:11","date_gmt":"2025-11-11T12:33:11","guid":{"rendered":"https:\/\/www.europesays.com\/es\/230363\/"},"modified":"2025-11-11T12:33:11","modified_gmt":"2025-11-11T12:33:11","slug":"leire-martinez-estalla-contra-la-oreja-de-van-gogh-en-pleno-directo-de-operacion-triunfo-te-echan","status":"publish","type":"post","link":"https:\/\/www.europesays.com\/es\/230363\/","title":{"rendered":"Leire Mart\u00ednez estalla contra La Oreja de Van Gogh en pleno directo de \u2018Operaci\u00f3n Triunfo\u2019: \u201cTe echan\u201d"},"content":{"rendered":"<p class=\"\">Otro lunes, otra gala. Apenas resta un mes para que <b>Operaci\u00f3n Triunfo<\/b><b> <\/b>revele el ganador de la presente edici\u00f3n. Cada emisi\u00f3n es un tiroteo en el Lejano Oeste y los fallos, por min\u00fasculos que sean, <b>deciden sobremanera el destino de los participantes en el concurso<\/b>: a estas alturas, donde <a href=\"https:\/\/as.com\/tikitakas\/musica\/gala-8-de-operacion-triunfo-2025-maria-cruz-es-la-septima-expulsada-f202511-n\/\" target=\"_blank\" rel=\"noreferrer nofollow noopener\" title=\"https:\/\/as.com\/tikitakas\/musica\/gala-8-de-operacion-triunfo-2025-maria-cruz-es-la-septima-expulsada-f202511-n\/\">los nominados son m\u00e1s de la mitad<\/a> de las j\u00f3venes promesas musicales, todos pueden percibir el olor de la inminente semifinal y, por consiguiente, del trofeo. <b>Quien frene, se cae.<\/b><\/p>\n<p class=\"\">Fue Mar\u00eda Cruz quien abandon\u00f3 la Academia en la \u00faltima gala, quedando nominados <b>Guille Toledano <\/b>y <b>Luc\u00eda Casani<\/b>, cuyo destino se decidir\u00e1 el pr\u00f3ximo lunes. El alcarre\u00f1o y la valenciana, \u00edntimos amigos dentro del formato,<b> se sentaron junto a Chenoa al final de la emisi\u00f3n para comentar algunos detalles relativos al jaque que afrontan.<\/b> Y para a\u00f1adir alguna lecci\u00f3n vital, se sumaron los jurados. Entonces fue cuando <b>Leire Mart\u00ednez<\/b> tom\u00f3 la palabra.<\/p>\n<p>\u201c\u00a1Reina, reina y reina!\u00bb<\/p>\n<p class=\"\"><b>\u201cEn la vida nos nominar\u00e1n muchas veces a todos\u201d<\/b>, dec\u00eda Chenoa, tratando de explicar a los j\u00f3venes artistas que, en realidad, no ten\u00edan que sentirse tristes por verse en ese sill\u00f3n. <b>\u201c\u00a1Hasta te echan!\u201c<\/b>, se escuch\u00f3 desde la mesa del jurado. La c\u00e1mara enfoc\u00f3 a Leire, en cuya cara se dibujaba la mueca que a uno se le queda cuando desliza <b>un comentario que sabe que traer\u00e1 cola<\/b>. Y el p\u00fablico estall\u00f3 en una fuerte ovaci\u00f3n que Chenoa, quien se puso en pie y aplaudi\u00f3, remat\u00f3 con una palabra repetida tres veces: <b>\u201d\u00a1Reina, reina y reina!\u201c.<\/b><\/p>\n<p class=\"\">La cantante hac\u00eda referencia a su abrupto final en La Oreja de Van Gogh.<b> Durante 17 a\u00f1os fue la vocalista de la ic\u00f3nica banda<\/b>: sus caminos se separaron hace algo m\u00e1s de un a\u00f1o y a golpe de un comunicado que abri\u00f3 una brecha entre los integrantes del grupo y ella. <b>Ninguna de las dos partes revel\u00f3 jam\u00e1s qu\u00e9 hab\u00eda ocurrido realmente<\/b>, limit\u00e1ndose ambas a eufemismos cordiales, musicales y profesionales. En t\u00e9rminos pr\u00e1cticos, esta es la primera vez que ella confiesa lo que verdaderamente sucedi\u00f3:<b> fue expulsada de La Oreja.<\/b><\/p>\n<p>Noticias relacionadas<a href=\"https:\/\/as.com\/tikitakas\/television\/rosalia-la-revuelta-le-gana-el-pulso-de-las-audiencias-a-andy-el-hormiguero-con-un-bizcocho-y-una-junta-de-vecinos-inesperada-f202511-n\/\" class=\"s_m_w _rt-16x9\" title=\"David Broncano gan\u00f3 la batalla por las audiencias anoche frente a Pablo Motos. Y no solo eso, sino que el jiennense logr\u00f3 su r\u00e9cord con la catalana.\" data-tb-link=\"\" rel=\"nofollow noopener\" target=\"_blank\"><img decoding=\"async\" src=\"https:\/\/www.europesays.com\/es\/wp-content\/uploads\/2025\/11\/P6HJHNSCVBGGXOV7AQYTPZMDMY.jpg\" alt=\"Rosal\u00eda (\u2018La Revuelta\u2019) le gana el pulso de las audiencias a Andy (\u2018El Hormiguero\u2019) con un bizcocho y una junta de vecinos inesperada\" class=\"\" height=\"9\" width=\"16\"   loading=\"lazy\" data-tb-thumbnail=\"\"\/><\/a><a href=\"https:\/\/as.com\/tikitakas\/television\/andy-aclara-su-pelea-con-lucas-en-el-hormiguero-no-llegamos-a-las-manos-pero-nos-tuvieron-que-separar-y-el-me-tiro-una-botella-f202511-n\/\" class=\"s_m_w _rt-16x9\" title=\"El artista ha querido contar toda su verdad tras el final de Andy y Lucas, y ha anunciado su nuevo disco, \u2018Solo\u2019.\" data-tb-link=\"\" rel=\"nofollow noopener\" target=\"_blank\"><img decoding=\"async\" src=\"https:\/\/www.europesays.com\/es\/wp-content\/uploads\/2025\/11\/1762864391_534_N7VBTDKKRFASDA7JMJUB3RCEXU.png\" alt=\"Andy, sobre la nariz de Lucas, en \u2018El Hormiguero\u2019: \u201cNo tengo pruebas, pero puede ser un poco extra\u00f1o\u201d\" class=\"\" height=\"9\" width=\"16\"   loading=\"lazy\" data-tb-thumbnail=\"\"\/><\/a><\/p>\n<p class=\"\">Han sido especialmente agitadas las \u00faltimas semanas en este asunto. Tras anunciarse <b>la vuelta de Amaia Montero<\/b>, vocalista original, a la banda, la propia Leire interpret\u00f3 hace varias emisiones<b> <\/b><b>Mi nombre<\/b><b>, canci\u00f3n que habla de su salida del grupo<\/b>, con el resto de participantes de Operaci\u00f3n Triunfo. Y desde la trinchera de Amazon Prime, Leire vuelve a disparar. Otro lunes, otra gala.<\/p>\n<p class=\"\"><b>\u00a1Tus opiniones importan!<\/b> Comenta en los art\u00edculos y suscr\u00edbete gratis a nuestra <a href=\"https:\/\/asfan.as.com\/newsletters\/\" target=\"_blank\" rel=\"nofollow noopener\" title=\"https:\/\/asfan.as.com\/newsletters\/\">newsletter<\/a> y a las alertas informativas en la <a href=\"https:\/\/as.com\/aplicacion-de-as-n\/\" target=\"_blank\" rel=\"nofollow noopener\" title=\"https:\/\/as.com\/aplicacion-de-as-n\/\">App<\/a> o el canal de <a href=\"https:\/\/www.whatsapp.com\/channel\/0029VaAasdA7j6g745nz9M10\" target=\"_blank\" rel=\"nofollow noopener\" title=\"https:\/\/www.whatsapp.com\/channel\/0029VaAasdA7j6g745nz9M10\">WhatsApp<\/a>. \u00bfBuscas licenciar contenido? Haz clic <a href=\"https:\/\/profesional.elpais.com\/landing-sindicacion?utm_medium=interno&amp;utm_source=crosslinking&amp;utm_campaign=sindicacion_as_pie_articulos\" target=\"_blank\" rel=\"nofollow noopener\" title=\"https:\/\/profesional.elpais.com\/landing-sindicacion?utm_medium=interno&amp;utm_source=crosslinking&amp;utm_campaign=sindicacion_as_pie_articulos\">aqu\u00ed<\/a><\/p>\n","protected":false},"excerpt":{"rendered":"Otro lunes, otra gala. Apenas resta un mes para que Operaci\u00f3n Triunfo revele el ganador de la presente&hellip;\n","protected":false},"author":2,"featured_media":230364,"comment_status":"","ping_status":"","sticky":false,"template":"","format":"standard","meta":{"footnotes":""},"categories":[171],"tags":[146,147,25,24,23,214],"class_list":{"0":"post-230363","1":"post","2":"type-post","3":"status-publish","4":"format-standard","5":"has-post-thumbnail","7":"category-tv","8":"tag-entertainment","9":"tag-entretenimiento","10":"tag-es","11":"tag-espana","12":"tag-spain","13":"tag-tv"},"share_on_mastodon":{"url":"https:\/\/pubeurope.com\/@es\/115531088568569546","error":""},"_links":{"self":[{"href":"https:\/\/www.europesays.com\/es\/wp-json\/wp\/v2\/posts\/230363","targetHints":{"allow":["GET"]}}],"collection":[{"href":"https:\/\/www.europesays.com\/es\/wp-json\/wp\/v2\/posts"}],"about":[{"href":"https:\/\/www.europesays.com\/es\/wp-json\/wp\/v2\/types\/post"}],"author":[{"embeddable":true,"href":"https:\/\/www.europesays.com\/es\/wp-json\/wp\/v2\/users\/2"}],"replies":[{"embeddable":true,"href":"https:\/\/www.europesays.com\/es\/wp-json\/wp\/v2\/comments?post=230363"}],"version-history":[{"count":0,"href":"https:\/\/www.europesays.com\/es\/wp-json\/wp\/v2\/posts\/230363\/revisions"}],"wp:featuredmedia":[{"embeddable":true,"href":"https:\/\/www.europesays.com\/es\/wp-json\/wp\/v2\/media\/230364"}],"wp:attachment":[{"href":"https:\/\/www.europesays.com\/es\/wp-json\/wp\/v2\/media?parent=230363"}],"wp:term":[{"taxonomy":"category","embeddable":true,"href":"https:\/\/www.europesays.com\/es\/wp-json\/wp\/v2\/categories?post=230363"},{"taxonomy":"post_tag","embeddable":true,"href":"https:\/\/www.europesays.com\/es\/wp-json\/wp\/v2\/tags?post=230363"}],"curies":[{"name":"wp","href":"https:\/\/api.w.org\/{rel}","templated":true}]}}