{"id":230371,"date":"2025-11-11T12:38:10","date_gmt":"2025-11-11T12:38:10","guid":{"rendered":"https:\/\/www.europesays.com\/es\/230371\/"},"modified":"2025-11-11T12:38:10","modified_gmt":"2025-11-11T12:38:10","slug":"una-cancion-del-nuevo-disco-de-rosalia-mejor-debut-de-la-historia-de-un-tema-en-catalan","status":"publish","type":"post","link":"https:\/\/www.europesays.com\/es\/230371\/","title":{"rendered":"Una canci\u00f3n del nuevo disco de Rosal\u00eda, mejor debut de la historia de un tema en catal\u00e1n"},"content":{"rendered":"<p>                                    <img decoding=\"async\" loading=\"lazy\" src=\"https:\/\/www.europesays.com\/es\/wp-content\/uploads\/2025\/09\/67bee546d3754.jpeg\" alt=\"Llu\u00eds Serrano\" width=\"40\" height=\"40\" data-full-src=\"https:\/\/www.europesays.com\/es\/wp-content\/uploads\/2025\/09\/67bee546d3754.jpeg\"\/><\/p>\n<p class=\"paragraph\"><b>El nuevo tema de Rosal\u00eda &#8216;Divinize&#8217;<\/b> ha marcado un antes y un despu\u00e9s para la m\u00fasica en catal\u00e1n. Cantada en catal\u00e1n e ingl\u00e9s, la canci\u00f3n ha conseguido entrar en el n\u00famero 14 del Top 50 Global de Spotify, un logro sin precedentes para un tema en este idioma. Este \u00e9xito se suma a otros hitos de la artista catalana, quien ya ostenta el r\u00e9cord de la canci\u00f3n en catal\u00e1n m\u00e1s reproducida de la historia con &#8216;Milion\u00e0ria&#8217; y sus 89 millones de escuchas.<\/p>\n<p class=\"paragraph\">El lanzamiento de &#8216;Lux&#8217;, el cuarto trabajo de Rosal\u00eda, <b>ha generado un impacto cultural sin precedentes<\/b> en Espa\u00f1a y a nivel internacional. El \u00e1lbum ha conseguido el debut m\u00e1s fulgurante de un disco espa\u00f1ol, colocando doce de sus quince temas en el Top 50 Global de Spotify apenas un d\u00eda despu\u00e9s de su publicaci\u00f3n, algo extraordinario en un mercado dominado por producciones anglosajonas.<\/p>\n<p class=\"paragraph\">A pesar del \u00e9xito global, la artista de Sant Esteve Sesrovires ha enfrentado cr\u00edticas en Catalunya por hacer cantar en castellano al coro de la Escolan\u00eda de Montserrat, considerado un s\u00edmbolo de la identidad catalana. Por otro lado, <b>el presidente del Gobierno, Pedro S\u00e1nchez, felicit\u00f3<\/b> p\u00fablicamente a la cantante a trav\u00e9s de la red social X, destacando su contribuci\u00f3n al situar a Espa\u00f1a \u00aben la cima de la m\u00fasica mundial\u00bb.<\/p>\n<p>Un fen\u00f3meno de masas en cifras<\/p>\n<p class=\"paragraph\">Las estad\u00edsticas de reproducci\u00f3n de &#8216;Lux&#8217; son apabullantes. La canci\u00f3n &#8216;La Perla&#8217; acumula m\u00e1s de diez millones de reproducciones, <b>seguida por &#8216;Reliquia&#8217; y &#8216;Sexo, violencia y llantas&#8217;<\/b> con m\u00e1s de siete y ocho millones respectivamente. &#8216;Berghain&#8217;, primer adelanto del disco publicado, supera los 40 millones de escuchas, mientras que las piezas menos reproducidas se mantienen en torno a los cuatro millones, cifras extraordinarias para un \u00e1lbum espa\u00f1ol.<\/p>\n<p>Espiritualidad y reacciones eclesi\u00e1sticas<\/p>\n<p class=\"paragraph\">El componente espiritual de &#8216;Lux&#8217; ha generado reacciones desde diversos \u00e1mbitos, incluida la Iglesia. Rosal\u00eda confes\u00f3 en una entrevista para The New York Times su \u00abdeseo de acercarse a Dios\u00bb, declaraciones que motivaron la respuesta del obispo de Sant Feliu de Llobregat, Xabier G\u00f3mez, quien en una carta dominical analiz\u00f3 el disco. <b>\u00abNo consigo entenderte, pero me gustar\u00eda hacerlo\u00bb<\/b>, expres\u00f3 el religioso, quien se\u00f1al\u00f3 que el arte de Rosal\u00eda representa \u00abun espacio donde la vulnerabilidad y la fuerza conviven\u00bb.<\/p>\n<p>Pol\u00e9micas en la promoci\u00f3n<\/p>\n<p class=\"paragraph\">La campa\u00f1a de lanzamiento de &#8216;Lux&#8217; tampoco ha estado exenta de controversias. Poco antes de celebrarse una escucha del disco en el Museu Nacional d&#8217;Art de Catalunya (MNAC), <b>el abogado del Ayuntamiento de Sijena solicit\u00f3 la suspensi\u00f3n<\/b> del evento por considerar que las \u00abenormes vibraciones\u00bb de la m\u00fasica podr\u00edan da\u00f1ar las pinturas murales cercanas. A esto se sum\u00f3 la filtraci\u00f3n del \u00e1lbum completo dos d\u00edas antes de su lanzamiento oficial, y un panel luminoso en Nueva York que adelant\u00f3 el anuncio que la artista ten\u00eda previsto hacer desde Madrid.<\/p>\n<p class=\"paragraph\">El fen\u00f3meno &#8216;Lux&#8217; ha trascendido lo puramente musical para convertirse en un fen\u00f3meno comercial. Las plataformas de compraventa ofrecen <b>vinilos firmados por la artista desde 120 euros<\/b>, mientras que las camisetas distribuidas en el evento del MNAC se revenden por unos 50 euros. Incluso ejemplares de El Pa\u00eds Semanal con Rosal\u00eda en portada han llegado a venderse por m\u00e1s de 15 euros, evidenciando el impacto cultural y medi\u00e1tico de la artista catalana en un panorama donde los productos art\u00edsticos suelen tener recorridos cada vez m\u00e1s ef\u00edmeros.<\/p>\n","protected":false},"excerpt":{"rendered":"El nuevo tema de Rosal\u00eda &#8216;Divinize&#8217; ha marcado un antes y un despu\u00e9s para la m\u00fasica en catal\u00e1n.&hellip;\n","protected":false},"author":2,"featured_media":230372,"comment_status":"","ping_status":"","sticky":false,"template":"","format":"standard","meta":{"footnotes":""},"categories":[91],"tags":[146,147,25,24,23],"class_list":{"0":"post-230371","1":"post","2":"type-post","3":"status-publish","4":"format-standard","5":"has-post-thumbnail","7":"category-entretenimiento","8":"tag-entertainment","9":"tag-entretenimiento","10":"tag-es","11":"tag-espana","12":"tag-spain"},"share_on_mastodon":{"url":"https:\/\/pubeurope.com\/@es\/115531108190879633","error":""},"_links":{"self":[{"href":"https:\/\/www.europesays.com\/es\/wp-json\/wp\/v2\/posts\/230371","targetHints":{"allow":["GET"]}}],"collection":[{"href":"https:\/\/www.europesays.com\/es\/wp-json\/wp\/v2\/posts"}],"about":[{"href":"https:\/\/www.europesays.com\/es\/wp-json\/wp\/v2\/types\/post"}],"author":[{"embeddable":true,"href":"https:\/\/www.europesays.com\/es\/wp-json\/wp\/v2\/users\/2"}],"replies":[{"embeddable":true,"href":"https:\/\/www.europesays.com\/es\/wp-json\/wp\/v2\/comments?post=230371"}],"version-history":[{"count":0,"href":"https:\/\/www.europesays.com\/es\/wp-json\/wp\/v2\/posts\/230371\/revisions"}],"wp:featuredmedia":[{"embeddable":true,"href":"https:\/\/www.europesays.com\/es\/wp-json\/wp\/v2\/media\/230372"}],"wp:attachment":[{"href":"https:\/\/www.europesays.com\/es\/wp-json\/wp\/v2\/media?parent=230371"}],"wp:term":[{"taxonomy":"category","embeddable":true,"href":"https:\/\/www.europesays.com\/es\/wp-json\/wp\/v2\/categories?post=230371"},{"taxonomy":"post_tag","embeddable":true,"href":"https:\/\/www.europesays.com\/es\/wp-json\/wp\/v2\/tags?post=230371"}],"curies":[{"name":"wp","href":"https:\/\/api.w.org\/{rel}","templated":true}]}}