{"id":230373,"date":"2025-11-11T12:39:08","date_gmt":"2025-11-11T12:39:08","guid":{"rendered":"https:\/\/www.europesays.com\/es\/230373\/"},"modified":"2025-11-11T12:39:08","modified_gmt":"2025-11-11T12:39:08","slug":"nintendo-emitira-manana-un-direct-dedicado-a-super-mario-galaxy-la-pelicula-eurogamer-es","status":"publish","type":"post","link":"https:\/\/www.europesays.com\/es\/230373\/","title":{"rendered":"Nintendo emitir\u00e1 ma\u00f1ana un Direct dedicado a Super Mario Galaxy: La Pel\u00edcula &#8211; Eurogamer.es"},"content":{"rendered":"<ol>\n<li><a href=\"https:\/\/news.google.com\/rss\/articles\/CBMiogFBVV95cUxOdzFOeWdLTnNWa3BiSVM4X0pRaTFjRHlKaUI4clZsWmU5X0x6T0xqRFA2aGxHdUx3bU5QNU5JbDJHTThISmdrRG1pQjktSUs5by1BQWVPVG9rQm9iOWs1OXdybWFQc3ZaS0tYeEFlMXFXeldKTVdDOG5GN0JPdVN3X21KemJqVEJZS2FRX082R1psLS1mQWJnaG5BRTFNUXY3REE?oc=5\" target=\"_blank\" rel=\"nofollow noopener\">Nintendo emitir\u00e1 ma\u00f1ana un Direct dedicado a Super Mario Galaxy: La Pel\u00edcula<\/a>&nbsp;&nbsp;Eurogamer.es<\/li>\n<li><a href=\"https:\/\/news.google.com\/rss\/articles\/CBMi8AFBVV95cUxOWWtZUnMzWS1qeVlpZ3VDem1zellMX2dQc1ZBVnI3MTNhVmNoUVRJNExnSkhoY0JXU1dPeDhTckszbUFpTHQ3UElDUXEyTlFtai1NZVVoUi1wMjBvaW1FMWlyTXJ3S1M0azZpNGZVRzlxNF9rbmFaLUFGNE5jdWRCQ25nNnp4cU9uUjRUZzc3bW85MmE2LUVqUEZBYm9kZjM3WlpHVmV5UWY5Z1BQOU5DMmRxZVVHbDhIQ3hQaVBmUHMxRmtfM2s0WkFpdDJVcnc0WXljVEd6N2hTWENISmlzM0Jmekd6TldKN0dacWtOa3nSAfYBQVVfeXFMTTk4V2Jsd2RBeGw1bGNtMk1EdUJsMUdXZjMtNC1Hd09UM2wzY3V6Z1NqUXg3SEpQN0xZUEQ3X0dILWpOSTdxXy1rbFJCeDRiY29SZmNoU2pwanY2WlA0UGJsdzNNNVZwajJJcW5jZ19SWE0yaEhMVkN2bHRWSkVKa01ZckNfdG80QmxrQ1o3TkZ0eUloelBPa1lpM1R3cDhfd1RieXRkUWJfNjJHT2VxUzZCSEVHbC1vcldXWWF2bWk5QUE5LV9RT3pMSzNRbTV1TWJTMnhFX21ENk1PcjdDY2VZQThtR2dwWWlyazVucEU1NVdfYUp3?oc=5\" target=\"_blank\" rel=\"nofollow noopener\">Nintendo anuncia un Direct para esta semana, pero no como esperas: estar\u00e1 centrado en la nueva pel\u00edcula de Mario<\/a>&nbsp;&nbsp;Vandal<\/li>\n<li><a href=\"https:\/\/news.google.com\/rss\/articles\/CBMi8wFBVV95cUxOckxvUkthcWVwS2FYRjY0aDFuWVJ2bktnUkxVemlyZW94MzBiZkFIZ2hBalNsMEk1Yjh0VjJxOTRzdkZoRVpudXB0NFpRQWRYQmdORXY4OTdrSHV0NmpDRk1XVUNxaWN5VDNidjl4YVg1OG5pSVN4dTE4WDBkWjFmQWE1c3NZbnk3cUZaRmh1VFA0YmkwTTZ1bm4xazVfTDNjNm80dGRzM2lzQmplc1JpWmJkcDh2X29tOXdsMl9tcGtTNXBfVHRUbTJuMlhFYzk3V1haRWFsYzFNMXNzZ0lOOXc0M3JZZG1qUVBUX01lMWRyaFXSAYcCQVVfeXFMTWhqMmtKWUdYYUN6X1ZvT01PQlJIdXI1LXNIWWp0UklNVWloMUd3NWdTdVFkRUZ5Sl9wOW9GTE80STFKMGk0U1kzejJwWk53T3Zoa2wtX200VXoxYmtyNXRoQVNBOHZ1RjQzWndkVUtwNGZXNDNOeTRIN1ZKOVFEakQ5LWEzSDcxb25nazBGa1I2ajVGdGxsRlhweThBV21paGJqb214R2VxVTBIb2dVVFNWUnhmRTYwQ2I5RkRNcmp2Nms2T1dVU19DOC1WdnhmOFJnTHNZdUVUWXBPM3RlcGtDODZXU1BVTE1JZThrbzVfWDNnc1dEX1FhdEtmS3BHMGFlVEZTSU0?oc=5\" target=\"_blank\" rel=\"nofollow noopener\">Un paquete de galletas filtra el dise\u00f1o de Yoshi en \u2018Super Mario Galaxy\u2019 y sugiere la aparici\u00f3n de otro m\u00edtico<\/a>&nbsp;&nbsp;Diario AS<\/li>\n<li><a href=\"https:\/\/news.google.com\/rss\/articles\/CBMiiwFBVV95cUxOU3N1VmtjUUdFMlRtQUdlb2t0WHRLVjJVQTk1YXVvNlROU3FkYkdtWmZOWW9CZ3FMbzN6SzhCQVpqVmlKYTFtYXV6a0ZiT3ZleTl3Y0NmZ3dTdU9oUHNLelJoa0JTbzhHUDBCRE9ia3VsMUdrLW1QNWNKTjVkNWRtNUFVSFN2dG1IU0hv?oc=5\" target=\"_blank\" rel=\"nofollow noopener\">El tr\u00e1iler de Super Mario Galaxy La Pel\u00edcula ya tiene fecha: anunciado su Nintendo Direct<\/a>&nbsp;&nbsp;Nintend\u00fao<\/li>\n<li><a href=\"https:\/\/news.google.com\/rss\/articles\/CBMi3gFBVV95cUxPYzRYLVA2SHJld2YxYmpCWWdyNW1FSXFWS1A4cEQ1Uk1aNHUzT2UyZnJkdW9XYUkzZ1oyRDNpZjBqbFNtc2Zwal9kR2h2ckV0akZ0eFZVMXdEZ3VhZnE2aGhNR3dNa0hkUFFXT1NadUpnTlh2REpIUElQTkJVS2REVjFleHBvOUJWbHhGa1pGaEs4Y2x6QUMyUW9kZ0hwdTRsVkFCbzkzTnh4SVRWUGRzOXZkOU80Wkowb0hlYWZSYU1xLTNUSWpTRms4aHNpdjZTREFQZzJWcW55bk1yWXc?oc=5\" target=\"_blank\" rel=\"nofollow noopener\">Se filtra el dise\u00f1o de Yoshi en la nueva pel\u00edcula de Super Mario Galaxy<\/a>&nbsp;&nbsp;IGN Espa\u00f1a<\/li>\n<\/ol>\n","protected":false},"excerpt":{"rendered":"Nintendo emitir\u00e1 ma\u00f1ana un Direct dedicado a Super Mario Galaxy: La Pel\u00edcula&nbsp;&nbsp;Eurogamer.es Nintendo anuncia un Direct para esta&hellip;\n","protected":false},"author":2,"featured_media":228712,"comment_status":"","ping_status":"","sticky":false,"template":"","format":"standard","meta":{"footnotes":""},"categories":[81],"tags":[119,123,124,25,24,117,121,122,23,118,120],"class_list":{"0":"post-230373","1":"post","2":"type-post","3":"status-publish","4":"format-standard","5":"has-post-thumbnail","7":"category-ciencia-y-tecnologia","8":"tag-ciencia","9":"tag-ciencia-y-tecnologia","10":"tag-cienciaytecnologia","11":"tag-es","12":"tag-espana","13":"tag-science","14":"tag-science-and-technology","15":"tag-scienceandtechnology","16":"tag-spain","17":"tag-technology","18":"tag-tecnologia"},"share_on_mastodon":{"url":"https:\/\/pubeurope.com\/@es\/115531111779931619","error":""},"_links":{"self":[{"href":"https:\/\/www.europesays.com\/es\/wp-json\/wp\/v2\/posts\/230373","targetHints":{"allow":["GET"]}}],"collection":[{"href":"https:\/\/www.europesays.com\/es\/wp-json\/wp\/v2\/posts"}],"about":[{"href":"https:\/\/www.europesays.com\/es\/wp-json\/wp\/v2\/types\/post"}],"author":[{"embeddable":true,"href":"https:\/\/www.europesays.com\/es\/wp-json\/wp\/v2\/users\/2"}],"replies":[{"embeddable":true,"href":"https:\/\/www.europesays.com\/es\/wp-json\/wp\/v2\/comments?post=230373"}],"version-history":[{"count":0,"href":"https:\/\/www.europesays.com\/es\/wp-json\/wp\/v2\/posts\/230373\/revisions"}],"wp:featuredmedia":[{"embeddable":true,"href":"https:\/\/www.europesays.com\/es\/wp-json\/wp\/v2\/media\/228712"}],"wp:attachment":[{"href":"https:\/\/www.europesays.com\/es\/wp-json\/wp\/v2\/media?parent=230373"}],"wp:term":[{"taxonomy":"category","embeddable":true,"href":"https:\/\/www.europesays.com\/es\/wp-json\/wp\/v2\/categories?post=230373"},{"taxonomy":"post_tag","embeddable":true,"href":"https:\/\/www.europesays.com\/es\/wp-json\/wp\/v2\/tags?post=230373"}],"curies":[{"name":"wp","href":"https:\/\/api.w.org\/{rel}","templated":true}]}}